{"id":3822,"date":"2011-03-11T17:59:43","date_gmt":"2011-03-11T20:59:43","guid":{"rendered":"http:\/\/pandc.10z.com.ar\/?p=3822"},"modified":"2011-03-12T21:39:24","modified_gmt":"2011-03-13T00:39:24","slug":"maria-bethania-que-falta-voce-me-faz-musicas-de-venicius-de-moraes-2005","status":"publish","type":"post","link":"https:\/\/pandc.10z.com.ar\/?p=3822","title":{"rendered":"Mar\u00eda Beth\u00e2nia \u2013 Que Falta Voc\u00ea Me Faz  (M\u00fasicas de Venicius de Moraes) (2005)"},"content":{"rendered":"<p style=\"text-align: center;\"><a href=\"https:\/\/pandc.10z.com.ar\/wp-content\/img\/quefaltafront.jpg\" target=\"_blank\"><img loading=\"lazy\" decoding=\"async\" class=\"aligncenter\" src=\"https:\/\/pandc.10z.com.ar\/wp-content\/img\/quefaltafront.jpg\" alt=\"\" width=\"400\" height=\"400\" \/><\/a><\/p>\n<p style=\"text-align: center;\"><a href=\"https:\/\/pandc.10z.com.ar\/wp-content\/img\/quefaltaback.jpg\" target=\"_blank\"><img loading=\"lazy\" decoding=\"async\" class=\"aligncenter\" src=\"https:\/\/pandc.10z.com.ar\/wp-content\/img\/quefaltaback.jpg\" alt=\"\" width=\"400\" height=\"330\" \/><\/a><\/p>\n<p style=\"text-align: left;\">A pesar de haber grabado este disco entre septiembre de 2003 y enero de 2004, <strong>Mar\u00eda Beth\u00e2nia <\/strong>consider\u00f3 esperar el momento oportuno para editarlo. Fue as\u00ed que ese momento fue en 2005, al cumplirse sus cuarenta a\u00f1os de carrera musical, y de cuando conoci\u00f3 a <strong>Vinicius de Moraes<\/strong>.\u00a0 Justamente, est\u00e1n reunidas aqu\u00ed 14 temas compuetos por Vinicius junto a m\u00fasicos notables como <strong>Tom Jobim, Chico Buarque, Toquinho, Carlos Lyra, Baden Powel, Garoto<\/strong>, entre otros.<\/p>\n<p><em>Un detalle: <\/em>el tema 15, que cierra el \u00e1lbum, es\u00a0 una versi\u00f3n de <em>\u201cNature boy\u201d<\/em>, por <strong>Caetano Veloso<\/strong>, que tiene al propio <strong>Vinicius<\/strong> cantando. Cuenta <strong>Mar\u00eda Bethania<\/strong>: <em>\u201cEsa era la canci\u00f3n que Vinicius cantaba, siempre, antes de dormir.\u00a0 Esa canci\u00f3n es norteamericana, y Caetano ten\u00eda hecha esta versi\u00f3n desde hace muchos a\u00f1os para Ney Matogrosso. Sintetiza los sentimientos y la onda de Vinicius\u201d.<\/em><\/p>\n<p style=\"text-align: left;\"><strong>M\u00fasicos:<\/strong><\/p>\n<p><strong>Maria Jo\u00e2o Pires, Antonio Adolfo:<\/strong> piano<br \/>\n<strong>Marcelo Costa:<\/strong> bater\u00eda, pandeiro, percusi\u00f3n<br \/>\n<strong>Daniel Jobim:<\/strong> piano<br \/>\n<strong>Jorge Helder: <\/strong>bajo, contrabajo<br \/>\n<strong>Chico Chagas: <\/strong>acorde\u00f3n<br \/>\n<strong>Alan Gunfeld, Gil Romero, Gina Kronstadt, Haim Strum, Henry Gronnier, Horia Moroaica, Jay Rosen, Julian French, Katia Popov, Margaret Wooten, Mari Tsumura, Mario Deleon, Michael Markman, Natalie Leggett, Razda Kuyumijan, Rebecca Bunnell, Roberto Cani, Robin Olson, Songa Lee, Tamara Hatwan:<\/strong> viol\u00edn.<br \/>\n<strong>Carrie Holzman, Simon Oswell, Shawn Mann,\u00a0 Shanti Randall, Matthwe Funes, Jorge Mraga, Janet Lakato, Harry Shirinian:<\/strong> viola de arco<br \/>\n<strong>Cecilia Tsan, JOdi Burnett, Miguel Mart\u00ednez, Paula HOchhalter, Stephen Erdody, Trevor Handy: <\/strong>violoncello<\/p>\n<p><strong><br \/>\nTracklist:<\/strong><\/p>\n<p>01. Modinha<br \/>\n<em>(Tom Jobim &#8211; Vinicius de Moraes)<\/em><\/p>\n<p>02. Po\u00e9tica I<br \/>\n<em>(Vinicius de Moraes)<br \/>\ncon Vinicius de Moraes (voz)<\/em><br \/>\nO astronauta<br \/>\n<em>(Baden Powell &#8211; Vinicius de Moraes)<\/em><\/p>\n<p>03. Minha namorada<br \/>\n<em>(Carlos lyra &#8211; Vinicius de Moraes)<\/em><\/p>\n<p>04. A felicidade<br \/>\n<em>(Tom Jobim &#8211; Vinicius de Moraes)<\/em><\/p>\n<p>05. Tarde em Itapo\u00e2<br \/>\n<em>(Toquinho &#8211; Vinicius de Moraes)<\/em><\/p>\n<p>06. Lamento no morro<br \/>\n<em>(Tom Jobim &#8211; Vinicius de Moraes)<\/em><br \/>\nMon\u00f3logo de Orfeu<br \/>\n<em>(Vinicius de Moraes)<\/em><\/p>\n<p>07. Mulher, sempre mulher<br \/>\n<em>(Tom Jobim &#8211; Vinicius de Moraes)<\/em><\/p>\n<p>08. Gente humilde<br \/>\n<em>(Chico Buarque &#8211; Vinicius de Moraes)<\/em><\/p>\n<p>09. O mais que perfeito<br \/>\n<em>(Jards Macal\u00e9 &#8211; Vinicius de Moraes)<\/em><\/p>\n<p>10. O que tinha de ser<br \/>\n<em>(Tom Jobim &#8211; Vinicius de Moraes)<\/em><\/p>\n<p>11. Bom dia, tristeza<br \/>\n<em>(Adoniran Barbosa &#8211; Vinicius de Moraes)<\/em><\/p>\n<p>12. Samba da ben\u00e7\u00e2o<br \/>\n<em>(Baden Powell &#8211; Vinicius de Moraes)<\/em><\/p>\n<p>13. Voc\u00ea e eu<br \/>\n<em>(Carlos Lyra &#8211; Vinicius de Moraes)<\/em><\/p>\n<p>14. Eu n\u00e2o existo sem voc\u00ea<br \/>\n<em>(Tom Jobim &#8211; Vinicius de Moraes)<\/em><\/p>\n<p>15. Nature Boy (Encantado)<br \/>\n<em>(Caetano Veloso &#8211; Eden Ahbez)<br \/>\ncon Toquinho (guitarra), Victor Biglione (guitarra) y Vinicius de Moraes (voz)<br \/>\n<\/em><\/p>\n<p>***<\/p>\n<p><a href=\"http:\/\/www.megaupload.com\/?d=GRPOMZ4K\"><strong>Aqu\u00ed<\/strong><\/a><\/p>\n<p><a href=\"http:\/\/www.megaupload.com\/?d=IWDZO22N\"><strong>Aqu\u00ed<\/strong><\/a><\/p>\n<p>***<\/p>\n","protected":false},"excerpt":{"rendered":"<p>A pesar de haber grabado este disco entre septiembre de 2003 y enero de 2004, Mar\u00eda Beth\u00e2nia consider\u00f3 esperar el momento oportuno para editarlo. Fue as\u00ed que ese momento fue en 2005, al cumplirse sus cuarenta a\u00f1os de carrera musical, y de cuando conoci\u00f3 a Vinicius de Moraes.\u00a0 Justamente, est\u00e1n reunidas aqu\u00ed 14 temas compuetos [&hellip;]<\/p>\n","protected":false},"author":5,"featured_media":0,"comment_status":"open","ping_status":"open","sticky":false,"template":"","format":"standard","meta":{"footnotes":""},"categories":[59,162],"tags":[12],"class_list":["post-3822","post","type-post","status-publish","format-standard","hentry","category-maria-bethania","category-vinicius-de-moraes","tag-brasil"],"_links":{"self":[{"href":"https:\/\/pandc.10z.com.ar\/index.php?rest_route=\/wp\/v2\/posts\/3822","targetHints":{"allow":["GET"]}}],"collection":[{"href":"https:\/\/pandc.10z.com.ar\/index.php?rest_route=\/wp\/v2\/posts"}],"about":[{"href":"https:\/\/pandc.10z.com.ar\/index.php?rest_route=\/wp\/v2\/types\/post"}],"author":[{"embeddable":true,"href":"https:\/\/pandc.10z.com.ar\/index.php?rest_route=\/wp\/v2\/users\/5"}],"replies":[{"embeddable":true,"href":"https:\/\/pandc.10z.com.ar\/index.php?rest_route=%2Fwp%2Fv2%2Fcomments&post=3822"}],"version-history":[{"count":0,"href":"https:\/\/pandc.10z.com.ar\/index.php?rest_route=\/wp\/v2\/posts\/3822\/revisions"}],"wp:attachment":[{"href":"https:\/\/pandc.10z.com.ar\/index.php?rest_route=%2Fwp%2Fv2%2Fmedia&parent=3822"}],"wp:term":[{"taxonomy":"category","embeddable":true,"href":"https:\/\/pandc.10z.com.ar\/index.php?rest_route=%2Fwp%2Fv2%2Fcategories&post=3822"},{"taxonomy":"post_tag","embeddable":true,"href":"https:\/\/pandc.10z.com.ar\/index.php?rest_route=%2Fwp%2Fv2%2Ftags&post=3822"}],"curies":[{"name":"wp","href":"https:\/\/api.w.org\/{rel}","templated":true}]}}