{"id":3819,"date":"2011-03-10T14:20:11","date_gmt":"2011-03-10T17:20:11","guid":{"rendered":"http:\/\/pandc.10z.com.ar\/?p=3819"},"modified":"2011-03-12T21:39:38","modified_gmt":"2011-03-13T00:39:38","slug":"djavan-vaidade-2004","status":"publish","type":"post","link":"https:\/\/pandc.10z.com.ar\/?p=3819","title":{"rendered":"Djavan \u2013 Vaidade (2004)"},"content":{"rendered":"<p style=\"text-align: center;\"><a href=\"https:\/\/pandc.10z.com.ar\/wp-content\/img\/vaidadefront.jpg\" target=\"_blank\"><img loading=\"lazy\" decoding=\"async\" class=\"aligncenter\" src=\"https:\/\/pandc.10z.com.ar\/wp-content\/img\/vaidadefront.jpg\" alt=\"\" width=\"400\" height=\"400\" \/><\/a><\/p>\n<p style=\"text-align: center;\"><a href=\"https:\/\/pandc.10z.com.ar\/wp-content\/img\/vaidadeinlay.jpg\" target=\"_blank\"><img loading=\"lazy\" decoding=\"async\" class=\"aligncenter\" src=\"https:\/\/pandc.10z.com.ar\/wp-content\/img\/vaidadeinlay.jpg\" alt=\"\" width=\"400\" height=\"400\" \/><\/a><\/p>\n<p style=\"text-align: center;\"><a href=\"https:\/\/pandc.10z.com.ar\/wp-content\/img\/vaidadeback.jpg\" target=\"_blank\"><img loading=\"lazy\" decoding=\"async\" class=\"aligncenter\" src=\"https:\/\/pandc.10z.com.ar\/wp-content\/img\/vaidadeback.jpg\" alt=\"\" width=\"400\" height=\"330\" \/><\/a><\/p>\n<p style=\"text-align: left;\">\nDecimosexto \u00e1lbum de <strong>Djavan<\/strong> que, a diferencia de <em>\u201cMilagreiro\u201d<\/em> que tard\u00f3 dos meses y medio en grabarse, comenz\u00f3 a ser grabado en noviembre de 2003 y fue terminado en mayo de 2004. Es el primero de sus discos en ser lanzado por su propio sello grabador, <em>Luanda Records<\/em>.<\/p>\n<p>El proceso de producci\u00f3n fue bastante raro, dado que <strong>Djavan<\/strong> entr\u00f3 al estudio con solamente un tema terminado:<em> \u201cCeleuma\u201d.<\/em> Adem\u00e1s, ten\u00eda cinco melod\u00edas:<em> \u201cSe acontecer\u201d, \u201cSentimento verdadeiro\u201d, \u201cDia azul\u201d, \u201cBailarina\u201d<\/em> y<em> \u201cDorme, Sofia\u201d<\/em>.<\/p>\n<p>En <em>\u201cVaidade\u201d<\/em>, Djavan acent\u00faa m\u00e1s su lado musical. En cinco temas est\u00e1 acompa\u00f1ado por una orquesta de cuerdas, en otros tres sobresalen los instrumentos de vientos, y en el resto se acompa\u00f1a por su banda: sus hijos <em>Jo\u00e2o y Max Viana, Renato Fonseca y Serginho Carvalho.<\/em><\/p>\n<p>El disco en s\u00ed es hermoso, pero si simplemente trajera la s\u00f3la versi\u00f3n de <em>\u201cSe acontecer\u201d<\/em>, ese strack valdr\u00eda la pena. Una melod\u00eda extraordinaria con una letra magistralmente interpretada. Un excelente disco de <strong>Djavan<\/strong>!!<\/p>\n<p><strong>M\u00fasicos:<\/strong><\/p>\n<p><strong>Djavan:<\/strong> guitarras<br \/>\n<strong>Bernardo Bessler,\u00a0 Michael Bessler, Daniel Guedes,\u00a0 Jos\u00e9 da Silva, Jos\u00e9 Rog\u00e9rio Rosa, Paschoal Perrota, Ricardo Amado:<\/strong> Viol\u00edn<br \/>\n<strong>Jesu\u00edna Noronha Passaroto, Jos\u00e9 Ricardo Volker Taboada, Marie Christine Springuel:<\/strong> Viola de Arco<br \/>\n<strong>Jo\u00e3o Viana:<\/strong> Bateria<br \/>\n<strong>Marcelo Isdebski Salles, M\u00e1rcio Mallard, Marcus Ribeiro Oliveira:<\/strong> Violoncelo<br \/>\n<strong>Max Frederico Viana : <\/strong>Guitarra<br \/>\n<strong>Renato Fonseca :<\/strong> Piano<br \/>\n<strong>Serginho Carvalho:<\/strong> bajo el\u00e9ctrico<\/p>\n<p>***<\/p>\n<p><a href=\"http:\/\/www.megaupload.com\/?d=E9RNXKB8\"><strong>Aqu\u00ed<\/strong><\/a><\/p>\n<p><a href=\"http:\/\/www.megaupload.com\/?d=DHBUE966\"><strong>Aqu\u00ed<\/strong><\/a><\/p>\n<p>***<\/p>\n","protected":false},"excerpt":{"rendered":"<p>Decimosexto \u00e1lbum de Djavan que, a diferencia de \u201cMilagreiro\u201d que tard\u00f3 dos meses y medio en grabarse, comenz\u00f3 a ser grabado en noviembre de 2003 y fue terminado en mayo de 2004. Es el primero de sus discos en ser lanzado por su propio sello grabador, Luanda Records. El proceso de producci\u00f3n fue bastante raro, [&hellip;]<\/p>\n","protected":false},"author":5,"featured_media":0,"comment_status":"open","ping_status":"open","sticky":false,"template":"","format":"standard","meta":{"footnotes":""},"categories":[197],"tags":[12,46,23,41],"class_list":["post-3819","post","type-post","status-publish","format-standard","hentry","category-djavan","tag-brasil","tag-jazz-fusion","tag-latino","tag-pop"],"_links":{"self":[{"href":"https:\/\/pandc.10z.com.ar\/index.php?rest_route=\/wp\/v2\/posts\/3819","targetHints":{"allow":["GET"]}}],"collection":[{"href":"https:\/\/pandc.10z.com.ar\/index.php?rest_route=\/wp\/v2\/posts"}],"about":[{"href":"https:\/\/pandc.10z.com.ar\/index.php?rest_route=\/wp\/v2\/types\/post"}],"author":[{"embeddable":true,"href":"https:\/\/pandc.10z.com.ar\/index.php?rest_route=\/wp\/v2\/users\/5"}],"replies":[{"embeddable":true,"href":"https:\/\/pandc.10z.com.ar\/index.php?rest_route=%2Fwp%2Fv2%2Fcomments&post=3819"}],"version-history":[{"count":0,"href":"https:\/\/pandc.10z.com.ar\/index.php?rest_route=\/wp\/v2\/posts\/3819\/revisions"}],"wp:attachment":[{"href":"https:\/\/pandc.10z.com.ar\/index.php?rest_route=%2Fwp%2Fv2%2Fmedia&parent=3819"}],"wp:term":[{"taxonomy":"category","embeddable":true,"href":"https:\/\/pandc.10z.com.ar\/index.php?rest_route=%2Fwp%2Fv2%2Fcategories&post=3819"},{"taxonomy":"post_tag","embeddable":true,"href":"https:\/\/pandc.10z.com.ar\/index.php?rest_route=%2Fwp%2Fv2%2Ftags&post=3819"}],"curies":[{"name":"wp","href":"https:\/\/api.w.org\/{rel}","templated":true}]}}