{"id":3789,"date":"2011-03-04T00:02:40","date_gmt":"2011-03-04T03:02:40","guid":{"rendered":"http:\/\/pandc.10z.com.ar\/?p=3789"},"modified":"2011-03-27T19:03:21","modified_gmt":"2011-03-27T22:03:21","slug":"giusy-ferreri-il-mio-universo-2011","status":"publish","type":"post","link":"https:\/\/pandc.10z.com.ar\/?p=3789","title":{"rendered":"Giusy Ferreri &#8211; Il Mio Universo (2011)"},"content":{"rendered":"<p style=\"text-align: center;\"><a href=\"https:\/\/pandc.10z.com.ar\/wp-content\/img\/giusyfront.jpg\" target=\"_blank\"><img loading=\"lazy\" decoding=\"async\" class=\"aligncenter\" src=\"https:\/\/pandc.10z.com.ar\/wp-content\/img\/giusyfront.jpg\" alt=\"\" width=\"400\" height=\"400\" \/><\/a><\/p>\n<p style=\"text-align: center;\"><a href=\"https:\/\/pandc.10z.com.ar\/wp-content\/img\/giusyback.jpg\" target=\"_blank\"><img loading=\"lazy\" decoding=\"async\" class=\"aligncenter\" src=\"https:\/\/pandc.10z.com.ar\/wp-content\/img\/giusyback.jpg\" alt=\"\" width=\"400\" height=\"340\" \/><\/a><\/p>\n<p style=\"text-align: left;\">La cantante y compositora<strong> Giusy Ferreri <\/strong>naci\u00f3 el 17 de abril de 1979 en Palermo, Italia, y su carrera se inici\u00f3 en 2008, tras su participaci\u00f3n en un concurso de talentos llamado <em>X Factor<\/em>.\u00a0 Due\u00f1a de una potente voz, su aparici\u00f3n en el escenario musical italiano fue acompa\u00f1ado por el \u00e9xito comercial: su primer disco vendi\u00f3 cerca de un mill\u00f3n de copias.\u00a0 Y cuando eso sucede con un LP debut, suele ser al mismo tiempo una bendici\u00f3n y una condena, por la expectativa a cubrir con lo que venga despu\u00e9s.<\/p>\n<p><em>\u201cIl mare immenso\u201d<\/em>, la canci\u00f3n que present\u00f3 en la reciente edici\u00f3n de <em>Sanremo<\/em> tuvo buena aceptaci\u00f3n y termin\u00f3 en el puesto 10 de la clasificaci\u00f3n global; y \u00e9ste flamante \u00e1lbum lo que hace es afirmar qui\u00e9n es <strong>Giusy<\/strong> y hacia d\u00f3nde va.\u00a0\u00a0 No es un disco que entre <em>\u201ca primera escucha\u201d<\/em>, y si bien tiene un gran sonido, las letras no son especialmente inspiradas aunque hay excepciones como <em>\u201cNoi brave ragazze\u201d<\/em> \u00f3 <em>\u201cPiccoli dettagli\u201d<\/em>.\u00a0 <em>\u00abIl mio Universo\u00bb <\/em>es un trabajo de transici\u00f3n y as\u00ed debe escuch\u00e1rselo.<\/p>\n<p>***<\/p>\n<p><a href=\"http:\/\/www.megaupload.com\/?d=ALB490BC\"><strong>Aqu\u00ed<\/strong><\/a><\/p>\n<p><a href=\" http:\/\/www.megaupload.com\/?d=C4PI85DR\"><strong>Aqu\u00ed<\/strong><\/a><\/p>\n<p>***<\/p>\n<p style=\"text-align: left;\"><a href=\"https:\/\/pandc.10z.com.ar\/wp-content\/img\/giusycd.jpg\" target=\"_blank\"><br \/>\n<\/a><\/p>\n<p style=\"text-align: center;\">\n","protected":false},"excerpt":{"rendered":"<p>La cantante y compositora Giusy Ferreri naci\u00f3 el 17 de abril de 1979 en Palermo, Italia, y su carrera se inici\u00f3 en 2008, tras su participaci\u00f3n en un concurso de talentos llamado X Factor.\u00a0 Due\u00f1a de una potente voz, su aparici\u00f3n en el escenario musical italiano fue acompa\u00f1ado por el \u00e9xito comercial: su primer disco [&hellip;]<\/p>\n","protected":false},"author":5,"featured_media":0,"comment_status":"open","ping_status":"open","sticky":false,"template":"","format":"standard","meta":{"footnotes":""},"categories":[434],"tags":[3,41,39],"class_list":["post-3789","post","type-post","status-publish","format-standard","hentry","category-giusy-ferreri","tag-italia","tag-pop","tag-rock"],"_links":{"self":[{"href":"https:\/\/pandc.10z.com.ar\/index.php?rest_route=\/wp\/v2\/posts\/3789","targetHints":{"allow":["GET"]}}],"collection":[{"href":"https:\/\/pandc.10z.com.ar\/index.php?rest_route=\/wp\/v2\/posts"}],"about":[{"href":"https:\/\/pandc.10z.com.ar\/index.php?rest_route=\/wp\/v2\/types\/post"}],"author":[{"embeddable":true,"href":"https:\/\/pandc.10z.com.ar\/index.php?rest_route=\/wp\/v2\/users\/5"}],"replies":[{"embeddable":true,"href":"https:\/\/pandc.10z.com.ar\/index.php?rest_route=%2Fwp%2Fv2%2Fcomments&post=3789"}],"version-history":[{"count":0,"href":"https:\/\/pandc.10z.com.ar\/index.php?rest_route=\/wp\/v2\/posts\/3789\/revisions"}],"wp:attachment":[{"href":"https:\/\/pandc.10z.com.ar\/index.php?rest_route=%2Fwp%2Fv2%2Fmedia&parent=3789"}],"wp:term":[{"taxonomy":"category","embeddable":true,"href":"https:\/\/pandc.10z.com.ar\/index.php?rest_route=%2Fwp%2Fv2%2Fcategories&post=3789"},{"taxonomy":"post_tag","embeddable":true,"href":"https:\/\/pandc.10z.com.ar\/index.php?rest_route=%2Fwp%2Fv2%2Ftags&post=3789"}],"curies":[{"name":"wp","href":"https:\/\/api.w.org\/{rel}","templated":true}]}}