{"id":3775,"date":"2011-02-26T13:14:55","date_gmt":"2011-02-26T16:14:55","guid":{"rendered":"http:\/\/pandc.10z.com.ar\/?p=3775"},"modified":"2011-02-26T13:14:55","modified_gmt":"2011-02-26T16:14:55","slug":"elis-regina-ensaio-tv-show-1973","status":"publish","type":"post","link":"https:\/\/pandc.10z.com.ar\/?p=3775","title":{"rendered":"Elis Regina &#8211; Ensaio (TV show 1973)"},"content":{"rendered":"<p style=\"text-align: center;\"><a href=\"https:\/\/pandc.10z.com.ar\/wp-content\/img\/elisensaiovidfront.jpg\" target=\"_blank\"><img loading=\"lazy\" decoding=\"async\" class=\"aligncenter\" src=\"https:\/\/pandc.10z.com.ar\/wp-content\/img\/elisensaiovidfront.jpg\" alt=\"\" width=\"400\" height=\"560\" \/><\/a><\/p>\n<p style=\"text-align: center;\"><a href=\"https:\/\/pandc.10z.com.ar\/wp-content\/img\/elisensaiovidback.jpg\" target=\"_blank\"><img loading=\"lazy\" decoding=\"async\" class=\"aligncenter\" src=\"https:\/\/pandc.10z.com.ar\/wp-content\/img\/elisensaiovidback.jpg\" alt=\"\" width=\"400\" height=\"560\" \/><\/a><\/p>\n<p style=\"text-align: left;\">El a\u00f1o es 1973, y las im\u00e1genes son en blanco y negro.\u00a0 <em>\u201cEnsaio \u2013 Elis Regina\u201d<\/em> es el primer t\u00edtulo de una serie de DVDs con ediciones antol\u00f3gicas de un excelente programa de televisi\u00f3n llamado, justamente <em>\u201cEnsaio\u201d<\/em>, una idea realizada y dirigida hace 38 a\u00f1os por <strong>Fernando Faro<\/strong>.\u00a0 Es una edici\u00f3n restaurada y digitalizada de ese ciclo televisivo con un estilo muy particular para la \u00e9poca, con el entrevistador en off, y todo con primeros y primer\u00edsimos planos.<\/p>\n<p>Aqu\u00ed presentamos entonces ese programa dedicado a <strong>Elis Regina<\/strong>, interpretando maravillosas canciones del acervo profundo de la m\u00fasica popular de Brasil.<br \/>\n<strong><br \/>\nM\u00fasicos:<\/strong><br \/>\n<strong>Luis\u00e3o Maia: <\/strong>piano<strong><br \/>\nC\u00e9sar Camargo Mariano:<\/strong> bajo<br \/>\n<strong>Paulinho Braga:<\/strong> bater\u00eda<\/p>\n<p><strong>Tracklist:<\/strong><\/p>\n<p>1 &#8211; Doente, Morena<br \/>\n<em>(Gilberto Gil &#8211; Duda Machado)<\/em><br \/>\n2 &#8211; Ladeira da pregui\u00e7a<br \/>\n<em>(Gilberto Gil)<\/em><br \/>\n3 &#8211; Boa noite, amor<br \/>\n<em>(Jos\u00e9 Maria de Abreu &#8211; Francisco Mattoso)<\/em><br \/>\n4 &#8211; Preciso aprende a ser s\u00f3<br \/>\n<em>(Marcos Valle &#8211; Francisco Mattoso)<\/em><br \/>\n5 &#8211; Upa, Neguinho<br \/>\n<em>(Edu Lobo &#8211; Gianfrancesco Guarnieri)<\/em><br \/>\n6 &#8211; Formosa<br \/>\n<em>(Baden Powell &#8211; Vinicius de Moraes)<\/em><br \/>\n7 &#8211; Estrada do sol<br \/>\n<em>(Dolores Duran &#8211; Antonio Carlos Jobim)<\/em><br \/>\n8 &#8211; Vou deitar e rolar<br \/>\n<em>(Baden Powell &#8211; Paulo C\u00e9sar Pinheiro)<\/em><br \/>\n9 &#8211; 20 anos de blues<br \/>\n<em>(Vitor Martins &#8211; Sueli Costa)<\/em><br \/>\n10 &#8211; Atr\u00e1s da porta<br \/>\n<em>(Chico Buarque de Hollanda &#8211; Francis Hime)<\/em><br \/>\n11 &#8211; Can\u00e7\u00e3o do sal<br \/>\n<em>(Milton Nascimento)<\/em><br \/>\n12 &#8211; Cais<br \/>\n<em>(Milton Nascimento &#8211; Ronaldo Bastos)<\/em><br \/>\n13 &#8211; \u00c9 com esse que eu vou<br \/>\n<em>(Pedro Caetano)<\/em><br \/>\n14 &#8211; General da banda<br \/>\n<em>(Jos\u00e9 Alcides &#8211; Satiro de Melo &#8211; Tancredo Silva)<\/em><br \/>\n15 &#8211; \u00c1guas de mar\u00e7o<br \/>\n<em>(Antonio Carlos Jobim<\/em>)<br \/>\n16 &#8211; Meio-de-campo<br \/>\n<em>(Gilberto Gil)<\/em><br \/>\n17 &#8211; Folhas secas<br \/>\n<em>(Nelson Cavaquinho &#8211; Guilherme de Brito)<\/em><\/p>\n<p>***<\/p>\n<p><a href=\"http:\/\/www.megaupload.com\/?d=NLL62205\"><strong>Aqu\u00ed<\/strong><\/a><\/p>\n<p><a href=\"http:\/\/www.megaupload.com\/?d=XG49U6DZ\"><strong>Aqu\u00ed<\/strong><\/a><\/p>\n<p>***<\/p>\n","protected":false},"excerpt":{"rendered":"<p>El a\u00f1o es 1973, y las im\u00e1genes son en blanco y negro.\u00a0 \u201cEnsaio \u2013 Elis Regina\u201d es el primer t\u00edtulo de una serie de DVDs con ediciones antol\u00f3gicas de un excelente programa de televisi\u00f3n llamado, justamente \u201cEnsaio\u201d, una idea realizada y dirigida hace 38 a\u00f1os por Fernando Faro.\u00a0 Es una edici\u00f3n restaurada y digitalizada de [&hellip;]<\/p>\n","protected":false},"author":5,"featured_media":0,"comment_status":"open","ping_status":"open","sticky":false,"template":"","format":"standard","meta":{"footnotes":""},"categories":[433],"tags":[12],"class_list":["post-3775","post","type-post","status-publish","format-standard","hentry","category-elis-regina","tag-brasil"],"_links":{"self":[{"href":"https:\/\/pandc.10z.com.ar\/index.php?rest_route=\/wp\/v2\/posts\/3775","targetHints":{"allow":["GET"]}}],"collection":[{"href":"https:\/\/pandc.10z.com.ar\/index.php?rest_route=\/wp\/v2\/posts"}],"about":[{"href":"https:\/\/pandc.10z.com.ar\/index.php?rest_route=\/wp\/v2\/types\/post"}],"author":[{"embeddable":true,"href":"https:\/\/pandc.10z.com.ar\/index.php?rest_route=\/wp\/v2\/users\/5"}],"replies":[{"embeddable":true,"href":"https:\/\/pandc.10z.com.ar\/index.php?rest_route=%2Fwp%2Fv2%2Fcomments&post=3775"}],"version-history":[{"count":0,"href":"https:\/\/pandc.10z.com.ar\/index.php?rest_route=\/wp\/v2\/posts\/3775\/revisions"}],"wp:attachment":[{"href":"https:\/\/pandc.10z.com.ar\/index.php?rest_route=%2Fwp%2Fv2%2Fmedia&parent=3775"}],"wp:term":[{"taxonomy":"category","embeddable":true,"href":"https:\/\/pandc.10z.com.ar\/index.php?rest_route=%2Fwp%2Fv2%2Fcategories&post=3775"},{"taxonomy":"post_tag","embeddable":true,"href":"https:\/\/pandc.10z.com.ar\/index.php?rest_route=%2Fwp%2Fv2%2Ftags&post=3775"}],"curies":[{"name":"wp","href":"https:\/\/api.w.org\/{rel}","templated":true}]}}