{"id":3746,"date":"2011-02-23T11:31:05","date_gmt":"2011-02-23T14:31:05","guid":{"rendered":"http:\/\/pandc.10z.com.ar\/?p=3746"},"modified":"2011-02-23T11:39:23","modified_gmt":"2011-02-23T14:39:23","slug":"elis-regina-viva-a-brotolandia-1961","status":"publish","type":"post","link":"https:\/\/pandc.10z.com.ar\/?p=3746","title":{"rendered":"Elis Regina &#8211; Viva a Brotol\u00e2ndia (1961)"},"content":{"rendered":"<p style=\"text-align: center;\"><a href=\"https:\/\/pandc.10z.com.ar\/wp-content\/img\/elis61front.jpg\" target=\"_blank\"><img loading=\"lazy\" decoding=\"async\" class=\"aligncenter\" src=\"https:\/\/pandc.10z.com.ar\/wp-content\/img\/elis61front.jpg\" alt=\"\" width=\"400\" height=\"400\" \/><\/a><\/p>\n<p style=\"text-align: center;\"><a href=\"https:\/\/pandc.10z.com.ar\/wp-content\/img\/elis61back.jpg\" target=\"_blank\"><img loading=\"lazy\" decoding=\"async\" class=\"aligncenter\" src=\"https:\/\/pandc.10z.com.ar\/wp-content\/img\/elis61back.jpg\" alt=\"\" width=\"400\" height=\"400\" \/><\/a><\/p>\n<p style=\"text-align: left;\"><strong>Elis Regina Carvalho Costa<\/strong> naci\u00f3 el 17 de marzo de 1945 (Porto Alegre, Brasil) y falleci\u00f3 el 19 de enero de 1982.\u00a0 Comenz\u00f3 su carrera como cantante a los 11 a\u00f1os en el programa de radio para ni\u00f1os <em>\u201cO Clube do Gur\u00ed\u201d<\/em>.\u00a0 En 1959 fue contratada por R\u00e1dio Ga\u00facha y al a\u00f1o siguiente viaj\u00f3 a R\u00edo de Janeiro, donde grab\u00f3 su primer LP, <em>Viva a Brotol\u00e2ndia<\/em>, en el que flirteaba con la \u201c<em>nueva ola<\/em>\u201d, y que aqu\u00ed presentamos.\u00a0 A finales de los a\u00f1os sesenta y principios de los setenta, <strong>Regina<\/strong> ayud\u00f3 a popularizar el trabajo del movimiento <em>Tropicalia<\/em>, grabando canciones de m\u00fasicos como <em>Gilberto Gil<\/em>.\u00a0 Asimismo, <strong>Elis <\/strong>critic\u00f3 la dictadura brasile\u00f1a que persigui\u00f3 y exili\u00f3 a muchos m\u00fasicos de su generaci\u00f3n.<\/p>\n<p>Su carrera gan\u00f3 proyecci\u00f3n nacional cuando, en 1965, gan\u00f3 el <em>\u201cPrimer Festival de M\u00fasica Popular Brasileira\u201d<\/em>. A partir de all\u00ed se convirti\u00f3 en una figura indispensable en programas musicales, y hasta tuvo el suyo propio: <em>\u201cO fino da Bossa\u201d<\/em>, junto a <em>Jair Rodrigues<\/em>.\u00a0 A pesar del estilo susurrado del canto de la Bossa Nova, <strong>Elis<\/strong> prefer\u00eda un estilo m\u00e1s expresivo: en sus presentaciones marcaba el ritmo y pasajes de los temas con movimientos de brazos que se convirtieron en una marca registrada.<\/p>\n<p>En 1982 cerca de 50 mil fans y amigos acompa\u00f1aron al carro de bomberos que llev\u00f3 su cuerpo desde el teatro Bandeirantes (donde fue velada) hasta el Cementerio de Morumb\u00ed, donde descansa desde entonces.<\/p>\n<p><strong>***<\/strong><\/p>\n<p>Este primer disco de <strong>Elis Regina<\/strong> fue grabado en 1961 (se est\u00e1n cumpliendo 50 a\u00f1os), con el acompa\u00f1amiento de <em>Severino Filho y su Orquesta<\/em>.\u00a0 Este trabajo llev\u00f3 su m\u00fasica a lugares hasta donde, en aquel momento, no hab\u00eda llegado.\u00a0 Se destacan <em>\u201cBaby face\u201d <\/em>y <em>\u201cD\u00e1 sorte\u201d<\/em>, sus primeros \u00e9xitos. Incluso siendo un disco debut, es muy interesante y mostrando la voz y el indiscutible talento de <strong>Elis<\/strong>.<\/p>\n<p><strong>Tracklist:<\/strong><\/p>\n<p>01 &#8211; D\u00e1 sorte<br \/>\n<em>(Eleu Salvador)<\/em><\/p>\n<p>02 &#8211; Sonhando (Dream)<br \/>\n<em>(B. Vorzon \/ Ellis \/ Vrs. Juvenal Fernandes)<\/em><\/p>\n<p>03 &#8211; Murm\u00fario<br \/>\n<em>(Luis Ant\u00f4nio \/ Djalma Ferreira)<\/em><\/p>\n<p>04 &#8211; Tu ser\u00e1s<br \/>\n<em>(\u00c2ngela Martignoni \/ Othon Russo)<\/em><\/p>\n<p>05 &#8211; Samba feito para mim<br \/>\n<em>(Paulo Tito)<\/em><\/p>\n<p>06 &#8211; Fala-me de amor<br \/>\n<em>(Take Me In Your Arms) (Markus \/ Rotter \/ Vrs. Max Gold)<\/em><\/p>\n<p>07 &#8211; Baby face<br \/>\n<em>(Davis \/ Akst \/ Vrs. Fred Jorge)<\/em><\/p>\n<p>08 &#8211; Dor de cotovelo<br \/>\n<em>(Jo\u00e3o Roberto Kelly)<\/em><\/p>\n<p>09 &#8211; Garoto \u00daltimo tipo (Puppy Love)<br \/>\n<em>(Paul Anka \/ Vrs. Fred Jorge)<\/em><\/p>\n<p>10 &#8211; As coisas que eu gosto (My Favorite)<br \/>\n<em>(Rodgers \/ O. Hammerstein II \/ Vrs. Fernando C\u00e9sar)<\/em><\/p>\n<p>11 &#8211; Mesmo de mentira<br \/>\n<em>(Carlos Imperial)<\/em><\/p>\n<p>12 &#8211; Amor amor (Love Love)<br \/>\n<em>(B. Caesar \/ Vrs. Carlos Imperial) <\/em><\/p>\n<p>***<\/p>\n<p><a href=\"http:\/\/www.megaupload.com\/?d=Y512FSIQ\"><strong>Aqu\u00ed<\/strong><\/a><\/p>\n<p>***<\/p>\n","protected":false},"excerpt":{"rendered":"<p>Elis Regina Carvalho Costa naci\u00f3 el 17 de marzo de 1945 (Porto Alegre, Brasil) y falleci\u00f3 el 19 de enero de 1982.\u00a0 Comenz\u00f3 su carrera como cantante a los 11 a\u00f1os en el programa de radio para ni\u00f1os \u201cO Clube do Gur\u00ed\u201d.\u00a0 En 1959 fue contratada por R\u00e1dio Ga\u00facha y al a\u00f1o siguiente viaj\u00f3 a [&hellip;]<\/p>\n","protected":false},"author":5,"featured_media":0,"comment_status":"open","ping_status":"open","sticky":false,"template":"","format":"standard","meta":{"footnotes":""},"categories":[433],"tags":[12],"class_list":["post-3746","post","type-post","status-publish","format-standard","hentry","category-elis-regina","tag-brasil"],"_links":{"self":[{"href":"https:\/\/pandc.10z.com.ar\/index.php?rest_route=\/wp\/v2\/posts\/3746","targetHints":{"allow":["GET"]}}],"collection":[{"href":"https:\/\/pandc.10z.com.ar\/index.php?rest_route=\/wp\/v2\/posts"}],"about":[{"href":"https:\/\/pandc.10z.com.ar\/index.php?rest_route=\/wp\/v2\/types\/post"}],"author":[{"embeddable":true,"href":"https:\/\/pandc.10z.com.ar\/index.php?rest_route=\/wp\/v2\/users\/5"}],"replies":[{"embeddable":true,"href":"https:\/\/pandc.10z.com.ar\/index.php?rest_route=%2Fwp%2Fv2%2Fcomments&post=3746"}],"version-history":[{"count":0,"href":"https:\/\/pandc.10z.com.ar\/index.php?rest_route=\/wp\/v2\/posts\/3746\/revisions"}],"wp:attachment":[{"href":"https:\/\/pandc.10z.com.ar\/index.php?rest_route=%2Fwp%2Fv2%2Fmedia&parent=3746"}],"wp:term":[{"taxonomy":"category","embeddable":true,"href":"https:\/\/pandc.10z.com.ar\/index.php?rest_route=%2Fwp%2Fv2%2Fcategories&post=3746"},{"taxonomy":"post_tag","embeddable":true,"href":"https:\/\/pandc.10z.com.ar\/index.php?rest_route=%2Fwp%2Fv2%2Ftags&post=3746"}],"curies":[{"name":"wp","href":"https:\/\/api.w.org\/{rel}","templated":true}]}}