{"id":3744,"date":"2011-02-23T11:24:10","date_gmt":"2011-02-23T14:24:10","guid":{"rendered":"http:\/\/pandc.10z.com.ar\/?p=3744"},"modified":"2011-02-23T11:24:10","modified_gmt":"2011-02-23T14:24:10","slug":"elis-regina-elis-1980","status":"publish","type":"post","link":"https:\/\/pandc.10z.com.ar\/?p=3744","title":{"rendered":"Elis Regina &#8211; Elis (1980)"},"content":{"rendered":"<p style=\"text-align: center;\"><a href=\"https:\/\/pandc.10z.com.ar\/wp-content\/img\/elis80front.jpg\" target=\"_blank\"><img loading=\"lazy\" decoding=\"async\" class=\"aligncenter\" src=\"https:\/\/pandc.10z.com.ar\/wp-content\/img\/elis80front.jpg\" alt=\"\" width=\"400\" height=\"400\" \/><\/a><\/p>\n<p style=\"text-align: center;\"><a href=\"https:\/\/pandc.10z.com.ar\/wp-content\/img\/elis80back.jpg\" target=\"_blank\"><img loading=\"lazy\" decoding=\"async\" class=\"aligncenter\" src=\"https:\/\/pandc.10z.com.ar\/wp-content\/img\/elis80back.jpg\" alt=\"\" width=\"400\" height=\"400\" \/><\/a><\/p>\n<p style=\"text-align: left;\">Este es el ultimo disco de la carrera de <strong>Elis Regina<\/strong>, m\u00e1s all\u00e1 de que algunas grabaciones in\u00e9ditas y much\u00edsimas recopilaciones fueron editadas en forma p\u00f3stuma. Una voz madura, en la plenitud de sus 35 a\u00f1os.<\/p>\n<p><strong>M\u00fasicos:<\/strong><\/p>\n<p><strong>Jos\u00e9 Roberto: <\/strong>saxos<br \/>\n<strong>C\u00e9sar Camargo Mariano:<\/strong> piano el\u00e9ctrico, piano fender, sintetizadores<br \/>\n<strong>Chico Batera: <\/strong>marimba, bong\u00f3, timbales<br \/>\n<strong>Sergio Della M\u00f3nica:<\/strong> percusi\u00f3n<br \/>\n<strong>Kzam Gama &#8211; Pedro Baldanza:<\/strong> bajo<br \/>\n<strong>Nathan Marques:<\/strong> guitarra, bajo, viola, coros<br \/>\n<strong>Picol\u00e9: <\/strong>bater\u00eda<br \/>\n<strong>L\u00f3 Borges:<\/strong> coros<\/p>\n<p><strong><br \/>\nTracklist:<\/strong><\/p>\n<p>01. Sai dessa<br \/>\n<em>(Ana Terra &#8211; Natan Marques)<\/em><\/p>\n<p>02. Rebento<br \/>\n<em>(Gilberto Gil)<\/em><\/p>\n<p>03. Nova Esta\u00e7\u00e3o<br \/>\n<em>(Luis Guedes &#8211; Thomas Roth)<\/em><\/p>\n<p>04. O Medo De Amar \u00c9 O Medo De Ser Livre<br \/>\n<em>(Beto Guedes &#8211; Fernando Brant)<\/em><\/p>\n<p>05. Aprendendo A Jogar<br \/>\n<em>(Guilherme Arantes)<\/em><\/p>\n<p>06. S\u00f3 Deus \u00c9 Quem Sabe<br \/>\n<em>(Guilherme Arantes)<\/em><\/p>\n<p>07. O Trem Azul<br \/>\n<em>(L\u00f3 Borges &#8211; Ronaldo Bastos)<\/em><\/p>\n<p>08. Vento De Maio \/ Um girassol da cor de seu cabelo<br \/>\n<em>(M\u00e1rcio Borges &#8211; Telo Borges &#8211; L\u00f3 Borges) <\/em><\/p>\n<p>09. Calcanhar De Aquiles<br \/>\n<em>(Jean Garfunkel &#8211; Paulo Garfunkel) <\/em><\/p>\n<p>***<\/p>\n<p><a href=\"http:\/\/www.megaupload.com\/?d=57ZJSMU0\"><strong>Aqu\u00ed<\/strong><\/a><\/p>\n<p>***<\/p>\n","protected":false},"excerpt":{"rendered":"<p>Este es el ultimo disco de la carrera de Elis Regina, m\u00e1s all\u00e1 de que algunas grabaciones in\u00e9ditas y much\u00edsimas recopilaciones fueron editadas en forma p\u00f3stuma. Una voz madura, en la plenitud de sus 35 a\u00f1os. M\u00fasicos: Jos\u00e9 Roberto: saxos C\u00e9sar Camargo Mariano: piano el\u00e9ctrico, piano fender, sintetizadores Chico Batera: marimba, bong\u00f3, timbales Sergio Della [&hellip;]<\/p>\n","protected":false},"author":5,"featured_media":0,"comment_status":"open","ping_status":"open","sticky":false,"template":"","format":"standard","meta":{"footnotes":""},"categories":[433],"tags":[12],"class_list":["post-3744","post","type-post","status-publish","format-standard","hentry","category-elis-regina","tag-brasil"],"_links":{"self":[{"href":"https:\/\/pandc.10z.com.ar\/index.php?rest_route=\/wp\/v2\/posts\/3744","targetHints":{"allow":["GET"]}}],"collection":[{"href":"https:\/\/pandc.10z.com.ar\/index.php?rest_route=\/wp\/v2\/posts"}],"about":[{"href":"https:\/\/pandc.10z.com.ar\/index.php?rest_route=\/wp\/v2\/types\/post"}],"author":[{"embeddable":true,"href":"https:\/\/pandc.10z.com.ar\/index.php?rest_route=\/wp\/v2\/users\/5"}],"replies":[{"embeddable":true,"href":"https:\/\/pandc.10z.com.ar\/index.php?rest_route=%2Fwp%2Fv2%2Fcomments&post=3744"}],"version-history":[{"count":0,"href":"https:\/\/pandc.10z.com.ar\/index.php?rest_route=\/wp\/v2\/posts\/3744\/revisions"}],"wp:attachment":[{"href":"https:\/\/pandc.10z.com.ar\/index.php?rest_route=%2Fwp%2Fv2%2Fmedia&parent=3744"}],"wp:term":[{"taxonomy":"category","embeddable":true,"href":"https:\/\/pandc.10z.com.ar\/index.php?rest_route=%2Fwp%2Fv2%2Fcategories&post=3744"},{"taxonomy":"post_tag","embeddable":true,"href":"https:\/\/pandc.10z.com.ar\/index.php?rest_route=%2Fwp%2Fv2%2Ftags&post=3744"}],"curies":[{"name":"wp","href":"https:\/\/api.w.org\/{rel}","templated":true}]}}