{"id":3734,"date":"2018-10-19T14:34:12","date_gmt":"2018-10-19T17:34:12","guid":{"rendered":"http:\/\/pandc.10z.com.ar\/?p=3734"},"modified":"2018-10-19T15:47:52","modified_gmt":"2018-10-19T18:47:52","slug":"andrea-bocelli-notte-illuminata-2011","status":"publish","type":"post","link":"https:\/\/pandc.10z.com.ar\/?p=3734","title":{"rendered":"Andrea Bocelli &#8211; Notte illuminata (2011)"},"content":{"rendered":"<p style=\"text-align: center;\"><a href=\"https:\/\/pandc.10z.com.ar\/wp-content\/img\/abfront.jpg\" target=\"_blank\"><img loading=\"lazy\" decoding=\"async\" class=\"aligncenter\" src=\"https:\/\/pandc.10z.com.ar\/wp-content\/img\/abfront.jpg\" alt=\"\" width=\"400\" height=\"330\" \/><\/a><\/p>\n<p style=\"text-align: center;\"><a href=\"https:\/\/pandc.10z.com.ar\/wp-content\/img\/abinlay2.jpg\" target=\"_blank\"><img loading=\"lazy\" decoding=\"async\" class=\"aligncenter\" src=\"https:\/\/pandc.10z.com.ar\/wp-content\/img\/abinlay2.jpg\" alt=\"\" width=\"400\" height=\"400\" \/><\/a><\/p>\n<p style=\"text-align: center;\"><a href=\"https:\/\/pandc.10z.com.ar\/wp-content\/img\/abback.jpg\" target=\"_blank\"><img loading=\"lazy\" decoding=\"async\" class=\"aligncenter\" src=\"https:\/\/pandc.10z.com.ar\/wp-content\/img\/abback.jpg\" alt=\"\" width=\"400\" height=\"400\" \/><\/a><\/p>\n<p style=\"text-align: left;\">Este es el nuevo trabajo de <strong>Andrea Bocelli<\/strong>, que va a conmover tanto a los amantes de la m\u00fasica cl\u00e1sica como a quienes no lo son. Una serie 20 tracks que abarcan cuatro siglos de m\u00fasica, de la mano de la obra de siete compositores que el gran p\u00fablico ha podido frecuentar: <strong>Haendel, Wagner, Beethoven, Strauss, Liszt, Faur\u00e9 y Gounod<\/strong>.\u00a0 Para ello, <strong>Bocelli<\/strong> se acompa\u00f1a s\u00f3lamente del pianoforte del Maestro <strong>Vincent Scalera<\/strong>, y canta en italiano, franc\u00e9s, alem\u00e1n e ingl\u00e9s.\u00a0 <em>El archivo contiene el artwork completo, con ficha t\u00e9cnica, letras y fotograf\u00edas.<\/em><\/p>\n<p>***********<\/p>\n<p><a href=\"https:\/\/yadi.sk\/d\/CoTA8KZN9Kg7Ew\" target=\"_blank\"><strong>Descarga directa<\/strong><\/a><\/p>\n<p>***********<\/p>\n","protected":false},"excerpt":{"rendered":"<p>Este es el nuevo trabajo de Andrea Bocelli, que va a conmover tanto a los amantes de la m\u00fasica cl\u00e1sica como a quienes no lo son. Una serie 20 tracks que abarcan cuatro siglos de m\u00fasica, de la mano de la obra de siete compositores que el gran p\u00fablico ha podido frecuentar: Haendel, Wagner, Beethoven, [&hellip;]<\/p>\n","protected":false},"author":5,"featured_media":0,"comment_status":"open","ping_status":"open","sticky":false,"template":"","format":"standard","meta":{"footnotes":""},"categories":[432],"tags":[155,3,220],"class_list":["post-3734","post","type-post","status-publish","format-standard","hentry","category-andrea-bocelli","tag-clasica","tag-italia","tag-vocal"],"_links":{"self":[{"href":"https:\/\/pandc.10z.com.ar\/index.php?rest_route=\/wp\/v2\/posts\/3734","targetHints":{"allow":["GET"]}}],"collection":[{"href":"https:\/\/pandc.10z.com.ar\/index.php?rest_route=\/wp\/v2\/posts"}],"about":[{"href":"https:\/\/pandc.10z.com.ar\/index.php?rest_route=\/wp\/v2\/types\/post"}],"author":[{"embeddable":true,"href":"https:\/\/pandc.10z.com.ar\/index.php?rest_route=\/wp\/v2\/users\/5"}],"replies":[{"embeddable":true,"href":"https:\/\/pandc.10z.com.ar\/index.php?rest_route=%2Fwp%2Fv2%2Fcomments&post=3734"}],"version-history":[{"count":0,"href":"https:\/\/pandc.10z.com.ar\/index.php?rest_route=\/wp\/v2\/posts\/3734\/revisions"}],"wp:attachment":[{"href":"https:\/\/pandc.10z.com.ar\/index.php?rest_route=%2Fwp%2Fv2%2Fmedia&parent=3734"}],"wp:term":[{"taxonomy":"category","embeddable":true,"href":"https:\/\/pandc.10z.com.ar\/index.php?rest_route=%2Fwp%2Fv2%2Fcategories&post=3734"},{"taxonomy":"post_tag","embeddable":true,"href":"https:\/\/pandc.10z.com.ar\/index.php?rest_route=%2Fwp%2Fv2%2Ftags&post=3734"}],"curies":[{"name":"wp","href":"https:\/\/api.w.org\/{rel}","templated":true}]}}