{"id":3731,"date":"2011-02-20T20:57:02","date_gmt":"2011-02-20T23:57:02","guid":{"rendered":"http:\/\/pandc.10z.com.ar\/?p=3731"},"modified":"2011-02-20T21:27:30","modified_gmt":"2011-02-21T00:27:30","slug":"maria-bethania-%e2%80%93-brasileirinho-ao-vivo-dvd-rip-2004","status":"publish","type":"post","link":"https:\/\/pandc.10z.com.ar\/?p=3731","title":{"rendered":"Maria Bethania \u2013 Brasileirinho Ao Vivo (DVD rip) (2004)"},"content":{"rendered":"<p style=\"text-align: center;\"><a href=\"https:\/\/pandc.10z.com.ar\/wp-content\/img\/brasivivodvd.jpg\" target=\"_blank\"><img loading=\"lazy\" decoding=\"async\" class=\"aligncenter\" src=\"https:\/\/pandc.10z.com.ar\/wp-content\/img\/brasivivodvd.jpg\" alt=\"\" width=\"400\" height=\"560\" \/><\/a><\/p>\n<p style=\"text-align: center;\"><a href=\"https:\/\/pandc.10z.com.ar\/wp-content\/img\/brasivivodvdback.jpg\" target=\"_blank\"><img loading=\"lazy\" decoding=\"async\" class=\"aligncenter\" src=\"https:\/\/pandc.10z.com.ar\/wp-content\/img\/brasivivodvdback.jpg\" alt=\"\" width=\"400\" height=\"560\" \/><\/a><\/p>\n<p style=\"text-align: left;\">Por supuesto, un trabajo soberbio como <em>Brasileirinho<\/em> tuvo su show en vivo. Pero no su disco en vivo, as\u00ed que he decidido publicar el audio de ese concierto editado en DVD, grabado en R\u00edo de Janeiro. Hay invitados especiales que resaltan el clima inquietante de cada canci\u00f3n, la mayor\u00eda del folklore popular tradicional de Brasil, especialmente el de la zona noroeste del pa\u00eds. As\u00ed, <strong>Beth\u00e2nia<\/strong> se rode\u00f3 con voces espectaculares como las de <strong>Mi\u00facha, Nana Caymmi, Uakti<\/strong>, el grupo <strong>Tira Poeira, Ferreira Gullar y Denise Stoklos<\/strong>.<\/p>\n<p><strong>M\u00fasicos:<\/strong><\/p>\n<p><strong>Jaime Alem: <\/strong>guitarras, arreglos, direcci\u00f3n<br \/>\n<strong>Jo\u00e2o Castilho:<\/strong> guitarra<br \/>\n<strong>R\u00f4mulo Gomes:<\/strong> bajo<br \/>\n<strong>Jo\u00e2o Carlos Coutinho: <\/strong>piano<br \/>\n<strong>Reginaldo Vargas e Marcelo Costa: <\/strong>percusi\u00f3n<br \/>\n<strong>Nair de Candia &#8211; Jurema de Candia &#8211; Viviane Godoi: <\/strong>coros<br \/>\n<strong>Invitados: Nana Caymmi &#8211; Mi\u00facha &#8211; Denise Stocklos<br \/>\nUakti: <\/strong> Paulo Santos\/ D\u00e9cio Ramos\/ Marco Antonio Guimar\u00e3es\/ Arthur Andr\u00e9s<br \/>\n<strong>Tira Poeira<\/strong>: Caio M\u00e1rcio\/ Henry Lentino\/ Samuel de Oliveira\/ F\u00e1bio Nim\/ S\u00e9rgio Krakowski<\/p>\n<p>***<\/p>\n<p><strong><a href=\"http:\/\/www.megaupload.com\/?d=0N5JJE16\">Aqu\u00ed<\/a><\/strong><\/p>\n<p><a href=\"http:\/\/www.megaupload.com\/?d=UIMGD945\"><strong>Aqu\u00ed<\/strong><\/a><\/p>\n<p>***<\/p>\n","protected":false},"excerpt":{"rendered":"<p>Por supuesto, un trabajo soberbio como Brasileirinho tuvo su show en vivo. Pero no su disco en vivo, as\u00ed que he decidido publicar el audio de ese concierto editado en DVD, grabado en R\u00edo de Janeiro. Hay invitados especiales que resaltan el clima inquietante de cada canci\u00f3n, la mayor\u00eda del folklore popular tradicional de Brasil, [&hellip;]<\/p>\n","protected":false},"author":5,"featured_media":0,"comment_status":"open","ping_status":"open","sticky":false,"template":"","format":"standard","meta":{"footnotes":""},"categories":[59],"tags":[12],"class_list":["post-3731","post","type-post","status-publish","format-standard","hentry","category-maria-bethania","tag-brasil"],"_links":{"self":[{"href":"https:\/\/pandc.10z.com.ar\/index.php?rest_route=\/wp\/v2\/posts\/3731","targetHints":{"allow":["GET"]}}],"collection":[{"href":"https:\/\/pandc.10z.com.ar\/index.php?rest_route=\/wp\/v2\/posts"}],"about":[{"href":"https:\/\/pandc.10z.com.ar\/index.php?rest_route=\/wp\/v2\/types\/post"}],"author":[{"embeddable":true,"href":"https:\/\/pandc.10z.com.ar\/index.php?rest_route=\/wp\/v2\/users\/5"}],"replies":[{"embeddable":true,"href":"https:\/\/pandc.10z.com.ar\/index.php?rest_route=%2Fwp%2Fv2%2Fcomments&post=3731"}],"version-history":[{"count":0,"href":"https:\/\/pandc.10z.com.ar\/index.php?rest_route=\/wp\/v2\/posts\/3731\/revisions"}],"wp:attachment":[{"href":"https:\/\/pandc.10z.com.ar\/index.php?rest_route=%2Fwp%2Fv2%2Fmedia&parent=3731"}],"wp:term":[{"taxonomy":"category","embeddable":true,"href":"https:\/\/pandc.10z.com.ar\/index.php?rest_route=%2Fwp%2Fv2%2Fcategories&post=3731"},{"taxonomy":"post_tag","embeddable":true,"href":"https:\/\/pandc.10z.com.ar\/index.php?rest_route=%2Fwp%2Fv2%2Ftags&post=3731"}],"curies":[{"name":"wp","href":"https:\/\/api.w.org\/{rel}","templated":true}]}}