{"id":3725,"date":"2011-02-19T20:38:08","date_gmt":"2011-02-19T23:38:08","guid":{"rendered":"http:\/\/pandc.10z.com.ar\/?p=3725"},"modified":"2011-02-20T20:50:50","modified_gmt":"2011-02-20T23:50:50","slug":"maria-bethania-brasileirinho-2003","status":"publish","type":"post","link":"https:\/\/pandc.10z.com.ar\/?p=3725","title":{"rendered":"Maria Beth\u00e2nia \u2013 Brasileirinho (2003)"},"content":{"rendered":"<p style=\"text-align: center;\"><a href=\"https:\/\/pandc.10z.com.ar\/wp-content\/img\/brasileirinho.jpg\" target=\"_blank\"><img loading=\"lazy\" decoding=\"async\" class=\"aligncenter\" src=\"https:\/\/pandc.10z.com.ar\/wp-content\/img\/brasileirinho.jpg\" alt=\"\" width=\"400\" height=\"400\" \/><\/a><\/p>\n<p style=\"text-align: left;\">Un disco profundo, producido por <strong>Mar\u00eda Beth\u00e2nia<\/strong> y la direcci\u00f3n musical de <strong>Jaime Alem<\/strong>. Un trabajo excepcional que re\u00fane m\u00fasica, teatro, prosa y poes\u00eda. En el track que abre el disco (<em>Salve as Folhas<\/em>) se mezcla una canci\u00f3n de <strong>Ger\u00f3nimo e Ild\u00e1sio Tavares <\/strong>con la intervenci\u00f3n po\u00e9tica de <strong>Ferreira Gullar<\/strong> recitando <em>\u201cO descobrimento\u201d <\/em>de <strong>Mario Andrade<\/strong>. Ese ensamble de artes crea en el disco un clima especial, l\u00facido y emocionante.<\/p>\n<p>En una entrevista <strong>Beth\u00e2nia<\/strong> cuenta que cierta vez, durante la elecci\u00f3n del repertorio del disco, le pidi\u00f3 al m\u00fasico <strong>Chico Cesar<\/strong> que hiciese letra y m\u00fasica para una leyenda ind\u00edgena que ella escuch\u00f3 siendo ni\u00f1a y que la dej\u00f3 encantada.\u00a0 Fue entonces que <strong>Beth\u00e2nia,<\/strong> en visita a su tierra natal (Santo Amaro da Purifica\u00e7\u00e2o), coment\u00f3 el asunto con su madre, <strong>Dona Can\u00f3<\/strong>. Y\u2026 resulta que su madre s\u00ed conoc\u00eda la m\u00fasica y la letra de tal canci\u00f3n. La composici\u00f3n databa de 1945 y su autor era <strong>Ren\u00e9 Bittencourt<\/strong>, m\u00fasico carioca.\u00a0<em> \u201cSenhor da Floresta\u201d <\/em>\u2013que de esa canci\u00f3n se trata- es realmente bell\u00edsima. Y la interpretaci\u00f3n de <strong>Mar\u00eda Beth\u00e2nia<\/strong> es magistral.<\/p>\n<p><strong>M\u00fasicos:<\/strong><\/p>\n<p><strong>Artur Andr\u00e9s Ribeiro &#8211; D\u00e9cio de Souza Ramos Filho &#8211; Marco Ant\u00f4nio Guimar\u00e3es &#8211; Paulo S\u00e9rgio dos Santos &#8211; D\u00e9cio de Souza Ramos Filho :<\/strong> percusi\u00f3n<br \/>\n<strong>Marco Ant\u00f4nio Guimar\u00e3es :<\/strong> guitarra<br \/>\n<strong>Marco Ant\u00f4nio Guimar\u00e3es :<\/strong> Viol\u00f3n con arco<br \/>\n<strong>Jaime Alem : <\/strong>guitarra<br \/>\n<strong>Jorge Helder : <\/strong>Contrabaijo<br \/>\n<strong>Jurema de C\u00e2ndia &#8211; Nair C\u00e2ndia &#8211; Rafael Pieri &#8211; R\u00f4mulo Gomes &#8211; Tahta Menezes &#8211; Viviane God\u00f3i : <\/strong>Vocal, coros<\/p>\n<p><strong>Tracklist:<\/strong><\/p>\n<p>01. Salve as folhas (poema de M\u00e1rio de Andrade)<br \/>\n<em>(Ger\u00f4nimo &#8211; Ild\u00e1sio Tavares)<\/em><\/p>\n<p>02. Y\u00e1y\u00e1 Massemba<br \/>\n<em>(Roberto Mendes &#8211; Capinam)<\/em><\/p>\n<p>03. Capit\u00e3o do mato<br \/>\n<em>(Paulo Cesar Pinheiro &#8211; Vicente Barreto)<\/em><\/p>\n<p>04. Cabocla Jurema (poema de M\u00e1rio de Andrade)<br \/>\n<em>(Tradicional \u2013 adaptaci\u00f3n de Rosinha de Valen\u00e7a)<\/em><br \/>\n\u2022 Ponto de Jana\u00edna<\/p>\n<p>05. Santo Ant\u00f4nio<br \/>\n<em>(J. Velloso)<\/em><\/p>\n<p>06. Padroeiro do Brasil<br \/>\n<em>(Ary Monteiro &#8211; Irany de Oliveira)<\/em><\/p>\n<p>07. S\u00e3o Jo\u00e3o Xang\u00f4 menino<br \/>\n<em>(Caetano Veloso &#8211; Gilberto Gil)<\/em><br \/>\n\u2022 Ponto de Xang\u00f4 (recopilado y adaptado por Eli Camargo)<br \/>\n<em>(texto de Guimar\u00e3es Rosa)<\/em><\/p>\n<p>08. Cigarro de palha<br \/>\n<em>(Armando Cavalcanti &#8211; Klecius Caldas)<\/em><br \/>\n\u2022 Boiadeiro<em> (Texto de Guimar\u00e3es Rosa)<\/em><\/p>\n<p>09. Sussuarana<br \/>\n<em>(Heckel Tavares &#8211; Luiz Peixoto)<br \/>\nParticipaci\u00f3n de Nana Caymmi<\/em><\/p>\n<p>10. Senhor da floresta<br \/>\n<em>(Ren\u00e9 Bittencourt &#8211; Augusto Calheiros)<\/em><\/p>\n<p>\u2022 Manuelz\u00e3o e Miguilim <em>(Texto de Guimar\u00e3es Rosa)<\/em><\/p>\n<p>11. Purificar o Suba\u00e9<br \/>\n<em>(C.Veloso)<\/em><br \/>\n\u2022 Cantiga para Jana\u00edna (2)<\/p>\n<p style=\"text-align: left;\"><em>(Poema de Vin\u00edcius de Moraes)<\/em><\/p>\n<p>12. Melodia sentimental<br \/>\n<em>(Villa Lobos &#8211; Dora Vasconcelos)<\/em><\/p>\n<p>***<\/p>\n<p><a href=\"http:\/\/www.megaupload.com\/?d=JMW5086C\"><strong>Aqu\u00ed<\/strong><\/a><\/p>\n<p>***<\/p>\n","protected":false},"excerpt":{"rendered":"<p>Un disco profundo, producido por Mar\u00eda Beth\u00e2nia y la direcci\u00f3n musical de Jaime Alem. Un trabajo excepcional que re\u00fane m\u00fasica, teatro, prosa y poes\u00eda. En el track que abre el disco (Salve as Folhas) se mezcla una canci\u00f3n de Ger\u00f3nimo e Ild\u00e1sio Tavares con la intervenci\u00f3n po\u00e9tica de Ferreira Gullar recitando \u201cO descobrimento\u201d de Mario [&hellip;]<\/p>\n","protected":false},"author":5,"featured_media":0,"comment_status":"open","ping_status":"open","sticky":false,"template":"","format":"standard","meta":{"footnotes":""},"categories":[59],"tags":[12],"class_list":["post-3725","post","type-post","status-publish","format-standard","hentry","category-maria-bethania","tag-brasil"],"_links":{"self":[{"href":"https:\/\/pandc.10z.com.ar\/index.php?rest_route=\/wp\/v2\/posts\/3725","targetHints":{"allow":["GET"]}}],"collection":[{"href":"https:\/\/pandc.10z.com.ar\/index.php?rest_route=\/wp\/v2\/posts"}],"about":[{"href":"https:\/\/pandc.10z.com.ar\/index.php?rest_route=\/wp\/v2\/types\/post"}],"author":[{"embeddable":true,"href":"https:\/\/pandc.10z.com.ar\/index.php?rest_route=\/wp\/v2\/users\/5"}],"replies":[{"embeddable":true,"href":"https:\/\/pandc.10z.com.ar\/index.php?rest_route=%2Fwp%2Fv2%2Fcomments&post=3725"}],"version-history":[{"count":0,"href":"https:\/\/pandc.10z.com.ar\/index.php?rest_route=\/wp\/v2\/posts\/3725\/revisions"}],"wp:attachment":[{"href":"https:\/\/pandc.10z.com.ar\/index.php?rest_route=%2Fwp%2Fv2%2Fmedia&parent=3725"}],"wp:term":[{"taxonomy":"category","embeddable":true,"href":"https:\/\/pandc.10z.com.ar\/index.php?rest_route=%2Fwp%2Fv2%2Fcategories&post=3725"},{"taxonomy":"post_tag","embeddable":true,"href":"https:\/\/pandc.10z.com.ar\/index.php?rest_route=%2Fwp%2Fv2%2Ftags&post=3725"}],"curies":[{"name":"wp","href":"https:\/\/api.w.org\/{rel}","templated":true}]}}