{"id":3723,"date":"2011-02-18T20:23:23","date_gmt":"2011-02-18T23:23:23","guid":{"rendered":"http:\/\/pandc.10z.com.ar\/?p=3723"},"modified":"2011-06-17T21:40:19","modified_gmt":"2011-06-18T00:40:19","slug":"maria-bethania-canticos-preces-suplicas-a-senhora-dos-jardins-do-ceu-2003","status":"publish","type":"post","link":"https:\/\/pandc.10z.com.ar\/?p=3723","title":{"rendered":"Mar\u00eda Beth\u00e2nia \u2013 C\u00e2nticos, Preces, S\u00faplicas \u00e0 Senhora dos Jardins do C\u00e9u (2002)"},"content":{"rendered":"<p style=\"text-align: center;\"><a href=\"https:\/\/pandc.10z.com.ar\/wp-content\/img\/canticos.jpg\" target=\"_blank\"><img loading=\"lazy\" decoding=\"async\" class=\"aligncenter\" src=\"https:\/\/pandc.10z.com.ar\/wp-content\/img\/canticos.jpg\" alt=\"\" width=\"400\" height=\"385\" \/><\/a><\/p>\n<p style=\"text-align: left;\">Grabado originalmente en 2000, este bell\u00edsimo \u00e1lbum re\u00fane justamente lo que indica su t\u00edtulo: c\u00e1nticos, plegarias y s\u00faplicas a la Se\u00f1ora de los Jardines del Cielo, que en la religi\u00f3n cat\u00f3lica es la figura de la Virgen <strong>Mar\u00eda<\/strong>. Un disco que no tuvo gran trascendencia medi\u00e1tica, pero en el que <strong>Beth\u00e2nia<\/strong> canta en forma espl\u00e9ndida, arremetiendo no solo con material surgido de la cultura regional de Brasil, sino tambi\u00e9n tradicionales en Latin, y cl\u00e1sicos de <strong>Schubert<\/strong> (<em>\u201cAve Mar\u00eda\u201d<\/em>) y una excelente <em>\u201cMagnificat\u201d<\/em>, de <strong>Johan Sebastian Bach.<br \/>\n<\/strong><br \/>\nUn detalle: la voz que se escucha en el track 13 no es otra que la de <strong>Dona Can\u00f3 Velloso<\/strong>, la madre de <strong>Mar\u00eda Bethania<\/strong> y <strong>Caetano Veloso<\/strong>. Eso, claro, adem\u00e1s de la participaci\u00f3n de <strong>Gilberto Gil<\/strong> en <em>\u201cM\u00e3e de Deus das candeias\u201d<br \/>\n<\/em><\/p>\n<p style=\"text-align: left;\"><strong>M\u00fasicos:<\/strong><\/p>\n<p style=\"text-align: left;\"><strong>Ant\u00f4nio Arzola : <\/strong>Contrabaijo<br \/>\n<strong>Camila Bastos &#8211; Carlos Andr\u00e9 Weidt Mendes\u00a0 &#8211; Carlos Roberto Mendes\u00a0 &#8211; Iesuratinan Lobato \u2013 Giseli Costa \u2013 Ricardo Amado \u2013 Wagner de Souza : <\/strong>Violines<br \/>\n<strong>Cec\u00edlia Mendes \u2013 Ivan Zandonade:<\/strong> Viola de Arco<br \/>\n<strong>Cosme Silveira :<\/strong> Fagot<br \/>\n<strong>Eliezer Conrado :<\/strong> Trompa<br \/>\n<strong>Eliezer dos Santos :<\/strong> Obo\u00e9<br \/>\n<strong>Helder Teixeira :<\/strong> Flauta<br \/>\n<strong>Jaime Alem : <\/strong>Guitarra<br \/>\n<strong>Marcos dos Passos :<\/strong> Clarinete<br \/>\n<strong>M\u00e1rcio Eymard Mallard \u2013 Marcus Oliveira :<\/strong> Violoncelo<\/p>\n<p><strong>Tracklist:<\/strong><\/p>\n<p>01. Oferta de flores<br \/>\n<em>(Tradicional)<\/em><\/p>\n<p>02. Ave Maria<br \/>\n<em>(Caetano Veloso &#8211; letra: Tradicional)<\/em><\/p>\n<p>03. O doce mist\u00e9rio de Maria<br \/>\n<em>(Fauzi Arap)<\/em><\/p>\n<p>04. O doce mist\u00e9rio da vida (Ah! Sweet mistery of life)<br \/>\n<em>(V. Herbert \u2013 versi\u00f3n: Alberto Ribeiro)<\/em><\/p>\n<p>05. Sancta Maria (Novena de Nossa Senhora da Purifica\u00e7\u00e3o)<br \/>\n<em>(Domingos de Farias Machado)<\/em><\/p>\n<p>06. Ave Maria<br \/>\n<em>(Franz Schubert)<\/em><\/p>\n<p>07. Feitio de ora\u00e7\u00e3o<br \/>\n<em>(Wally Salom\u00e3o)<\/em><\/p>\n<p>08. Totta pulchra (Novena de Nossa Senhora da Purifica\u00e7\u00e3o)<br \/>\n<em>(Domingos de Farias Machado)<\/em><\/p>\n<p>09. M\u00e3e de Deus das candeias<br \/>\n<em>(Gilberto Gil &#8211; letra Tradicional)<br \/>\nParticipaci\u00f3n de Gilberto Gil<\/em><\/p>\n<p>10. Ladainha de Santo Amaro<br \/>\n<em>(Mabel Velloso)<\/em><\/p>\n<p>11. Hino de Nossa Senhora da Purifica\u00e7\u00e3o<br \/>\n<em>(Domingos de Farias Machado)<\/em><br \/>\n\u2022 Salve Rainha<br \/>\n<em>(Tradicional)<\/em><\/p>\n<p>12. \u00c9s l\u00edrio (Novena de Nossa Senhora da Purifica\u00e7\u00e3o)<br \/>\n<em>(Domingos de Farias Machado)<\/em><\/p>\n<p>13. Ladainha de Nossa Senhora<br \/>\n<em>(Dom\u00ednio p\u00fablico)<\/em><br \/>\n<em>Participaci\u00f3n de Dona Can\u00f4 Velloso<\/em><\/p>\n<p>14. Magnificat<br \/>\n<em>(Johann Sebastian Bach)<\/em><\/p>\n<p>***<\/p>\n<p><a href=\"http:\/\/www.megaupload.com\/?d=VAVJ6XPR\"><strong>Aqu\u00ed<\/strong><\/a><\/p>\n<p>***<\/p>\n","protected":false},"excerpt":{"rendered":"<p>Grabado originalmente en 2000, este bell\u00edsimo \u00e1lbum re\u00fane justamente lo que indica su t\u00edtulo: c\u00e1nticos, plegarias y s\u00faplicas a la Se\u00f1ora de los Jardines del Cielo, que en la religi\u00f3n cat\u00f3lica es la figura de la Virgen Mar\u00eda. Un disco que no tuvo gran trascendencia medi\u00e1tica, pero en el que Beth\u00e2nia canta en forma espl\u00e9ndida, [&hellip;]<\/p>\n","protected":false},"author":5,"featured_media":0,"comment_status":"open","ping_status":"open","sticky":false,"template":"","format":"standard","meta":{"footnotes":""},"categories":[59],"tags":[12,220],"class_list":["post-3723","post","type-post","status-publish","format-standard","hentry","category-maria-bethania","tag-brasil","tag-vocal"],"_links":{"self":[{"href":"https:\/\/pandc.10z.com.ar\/index.php?rest_route=\/wp\/v2\/posts\/3723","targetHints":{"allow":["GET"]}}],"collection":[{"href":"https:\/\/pandc.10z.com.ar\/index.php?rest_route=\/wp\/v2\/posts"}],"about":[{"href":"https:\/\/pandc.10z.com.ar\/index.php?rest_route=\/wp\/v2\/types\/post"}],"author":[{"embeddable":true,"href":"https:\/\/pandc.10z.com.ar\/index.php?rest_route=\/wp\/v2\/users\/5"}],"replies":[{"embeddable":true,"href":"https:\/\/pandc.10z.com.ar\/index.php?rest_route=%2Fwp%2Fv2%2Fcomments&post=3723"}],"version-history":[{"count":0,"href":"https:\/\/pandc.10z.com.ar\/index.php?rest_route=\/wp\/v2\/posts\/3723\/revisions"}],"wp:attachment":[{"href":"https:\/\/pandc.10z.com.ar\/index.php?rest_route=%2Fwp%2Fv2%2Fmedia&parent=3723"}],"wp:term":[{"taxonomy":"category","embeddable":true,"href":"https:\/\/pandc.10z.com.ar\/index.php?rest_route=%2Fwp%2Fv2%2Fcategories&post=3723"},{"taxonomy":"post_tag","embeddable":true,"href":"https:\/\/pandc.10z.com.ar\/index.php?rest_route=%2Fwp%2Fv2%2Ftags&post=3723"}],"curies":[{"name":"wp","href":"https:\/\/api.w.org\/{rel}","templated":true}]}}