{"id":3657,"date":"2011-01-23T00:06:06","date_gmt":"2011-01-23T03:06:06","guid":{"rendered":"http:\/\/pandc.10z.com.ar\/?p=3657"},"modified":"2011-01-23T01:09:24","modified_gmt":"2011-01-23T04:09:24","slug":"djavan-milagreiro-2001","status":"publish","type":"post","link":"https:\/\/pandc.10z.com.ar\/?p=3657","title":{"rendered":"Djavan &#8211; Milagreiro (2001)"},"content":{"rendered":"<p style=\"text-align: center;\"><a href=\"https:\/\/pandc.10z.com.ar\/wp-content\/img\/milagreirofront.jpg\" target=\"_blank\"><img loading=\"lazy\" decoding=\"async\" class=\"aligncenter\" src=\"https:\/\/pandc.10z.com.ar\/wp-content\/img\/milagreirofront.jpg\" alt=\"\" width=\"400\" height=\"400\" \/><\/a><\/p>\n<p style=\"text-align: center;\"><a href=\"https:\/\/pandc.10z.com.ar\/wp-content\/img\/milagreiroback.jpg\" target=\"_blank\"><img loading=\"lazy\" decoding=\"async\" class=\"aligncenter\" src=\"https:\/\/pandc.10z.com.ar\/wp-content\/img\/milagreiroback.jpg\" alt=\"\" width=\"400\" height=\"340\" \/><\/a><\/p>\n<p style=\"text-align: left;\"><strong>Djavan <\/strong>complet\u00f3 sus primeros 25 a\u00f1os de carrera con este disco, grabado en poco mas de dos meses en el estudio <em>Em Casa<\/em> que, justamente, mont\u00f3 en su propia casa, con equipamientos anal\u00f3gicos y digitales. El mismo comand\u00f3 las grabaciones <em>\u201cen familia\u201d<\/em>: adem\u00e1s de la participaci\u00f3n de sus hijos (Max en guitarras y <em>Joao<\/em> en bater\u00eda) los m\u00fasicos que lo acompa\u00f1an son los mismos de principio a fin.\u00a0\u00a0 Como es habitual, <strong>Djavan<\/strong> viaja por distintos g\u00e9neros musicales: el jazz, la bossa nova, m\u00fasica espa\u00f1ola, pop y folklore brasile\u00f1o, pero en todo el disco\u00a0 est\u00e1 presente su personal\u00edsimo sello como autor e int\u00e9rprete.\u00a0 <em>Una advertencia&#8230; el track que abre el disco, \u00abFarinha\u00bb, puede quedar pegado a sus neuronas durante mucho, mucho tiempo&#8230;!<\/em><\/p>\n<p style=\"text-align: left;\"><em><br \/>\n<\/em><\/p>\n<p><strong>M\u00fasicos: <\/strong><\/p>\n<p><strong>Djavan:<\/strong> guitarra, voz<br \/>\n<strong>Max Viana:<\/strong> guitarras<br \/>\n<strong>Joao Viana: <\/strong>bater\u00eda<br \/>\n<strong>S\u00e9rgio Carvalho: <\/strong>bajo<br \/>\n<strong>Renato Fonseca: <\/strong>teclados.<br \/>\n<strong>Cassia Eller: <\/strong>voz en<em> \u201cMilagreiro\u201d<\/em><br \/>\n<strong>Marcus Miller:<\/strong> bajo en <em>\u201cAlem de amar\u201d<\/em><\/p>\n<p>***<\/p>\n<p><a href=\"http:\/\/www.megaupload.com\/?d=7RINODF0\"><strong>Aqu\u00ed<\/strong><\/a><\/p>\n<p><a href=\"http:\/\/www.megaupload.com\/?d=U30JVY68\"><strong>Aqu\u00ed<\/strong><\/a><\/p>\n<p>***<\/p>\n","protected":false},"excerpt":{"rendered":"<p>Djavan complet\u00f3 sus primeros 25 a\u00f1os de carrera con este disco, grabado en poco mas de dos meses en el estudio Em Casa que, justamente, mont\u00f3 en su propia casa, con equipamientos anal\u00f3gicos y digitales. El mismo comand\u00f3 las grabaciones \u201cen familia\u201d: adem\u00e1s de la participaci\u00f3n de sus hijos (Max en guitarras y Joao en [&hellip;]<\/p>\n","protected":false},"author":5,"featured_media":0,"comment_status":"open","ping_status":"open","sticky":false,"template":"","format":"standard","meta":{"footnotes":""},"categories":[197],"tags":[12],"class_list":["post-3657","post","type-post","status-publish","format-standard","hentry","category-djavan","tag-brasil"],"_links":{"self":[{"href":"https:\/\/pandc.10z.com.ar\/index.php?rest_route=\/wp\/v2\/posts\/3657","targetHints":{"allow":["GET"]}}],"collection":[{"href":"https:\/\/pandc.10z.com.ar\/index.php?rest_route=\/wp\/v2\/posts"}],"about":[{"href":"https:\/\/pandc.10z.com.ar\/index.php?rest_route=\/wp\/v2\/types\/post"}],"author":[{"embeddable":true,"href":"https:\/\/pandc.10z.com.ar\/index.php?rest_route=\/wp\/v2\/users\/5"}],"replies":[{"embeddable":true,"href":"https:\/\/pandc.10z.com.ar\/index.php?rest_route=%2Fwp%2Fv2%2Fcomments&post=3657"}],"version-history":[{"count":0,"href":"https:\/\/pandc.10z.com.ar\/index.php?rest_route=\/wp\/v2\/posts\/3657\/revisions"}],"wp:attachment":[{"href":"https:\/\/pandc.10z.com.ar\/index.php?rest_route=%2Fwp%2Fv2%2Fmedia&parent=3657"}],"wp:term":[{"taxonomy":"category","embeddable":true,"href":"https:\/\/pandc.10z.com.ar\/index.php?rest_route=%2Fwp%2Fv2%2Fcategories&post=3657"},{"taxonomy":"post_tag","embeddable":true,"href":"https:\/\/pandc.10z.com.ar\/index.php?rest_route=%2Fwp%2Fv2%2Ftags&post=3657"}],"curies":[{"name":"wp","href":"https:\/\/api.w.org\/{rel}","templated":true}]}}