{"id":3654,"date":"2011-01-22T17:59:30","date_gmt":"2011-01-22T20:59:30","guid":{"rendered":"http:\/\/pandc.10z.com.ar\/?p=3654"},"modified":"2011-03-21T19:39:01","modified_gmt":"2011-03-21T22:39:01","slug":"djavan-milagreiro-ao-vivo-dvd-rip-2002","status":"publish","type":"post","link":"https:\/\/pandc.10z.com.ar\/?p=3654","title":{"rendered":"Djavan &#8211; Milagreiro Ao Vivo (DVD rip &#8211; 2002)"},"content":{"rendered":"<p style=\"text-align: center;\"><a href=\"https:\/\/pandc.10z.com.ar\/wp-content\/img\/milagvivofront.jpg\" target=\"_blank\"><img loading=\"lazy\" decoding=\"async\" class=\"aligncenter\" src=\"https:\/\/pandc.10z.com.ar\/wp-content\/img\/milagvivofront.jpg\" alt=\"\" width=\"400\" height=\"400\" \/><\/a><\/p>\n<p style=\"text-align: center;\"><a href=\"https:\/\/pandc.10z.com.ar\/wp-content\/img\/milagvivoback.jpg\" target=\"_blank\"><img loading=\"lazy\" decoding=\"async\" class=\"aligncenter\" src=\"https:\/\/pandc.10z.com.ar\/wp-content\/img\/milagvivoback.jpg\" alt=\"\" width=\"400\" height=\"400\" \/><\/a><\/p>\n<p style=\"text-align: left;\">Las presentaciones que <strong>Djavan<\/strong> realiz\u00f3 en el <em>Credicard Hall<\/em> de San Pablo fueron registradas por el director Bernardo Palmeiro, y editadas en forma de DVD en el a\u00f1o 2002.\u00a0 <strong>Djav\u00e1n<\/strong> incluy\u00f3 adem\u00e1s algunas escenas grabadas en Angola, y tramos de un show en la Fundaci\u00f3n Progreso, de Rio de Janeiro. Obviamente el show se basa en el disco <em>\u201cMilagreiro\u201d<\/em>, pero incluye much\u00edsimos de sus \u00e9xitos anteriores. Todos los temas le pertenecen, a excepci\u00f3n de <em>\u201cLinha do Ecuador\u201d<\/em>, compuesta a d\u00fao con <strong>Caetano Veloso<\/strong>, <em>\u201cA rota do individuo (Ferrugem)\u201d<\/em>, con <strong>Orlando Morais<\/strong>, y la hermosa <em>\u201cImagina\u201d<\/em> de <strong>Chico Buarque y Tom Jobim<\/strong>.<\/p>\n<p><strong>M\u00fasicos:<\/strong><\/p>\n<p><strong>Djavan: <\/strong>voz, guitarras<br \/>\n<strong>Max Viana: <\/strong>guitarras<br \/>\n<strong>Serginho Carvalho: <\/strong>bajo<br \/>\n<strong>Jo\u00e3o Viana:<\/strong> bater\u00eda y percusi\u00f3n<br \/>\n<strong>Renato Fonseca: <\/strong>teclados<\/p>\n<p>***<\/p>\n<p><a href=\"http:\/\/www.megaupload.com\/?d=02IE90KE\"><strong>Aqu\u00ed<\/strong><\/a><\/p>\n<p><a href=\"http:\/\/www.megaupload.com\/?d=ANCMJ21W\"><strong>Aqu\u00ed<\/strong><\/a><\/p>\n<p><a href=\"http:\/\/www.megaupload.com\/?d=BVKX1K4R\"><strong>Aqu\u00ed<\/strong><\/a><\/p>\n<p>***<\/p>\n","protected":false},"excerpt":{"rendered":"<p>Las presentaciones que Djavan realiz\u00f3 en el Credicard Hall de San Pablo fueron registradas por el director Bernardo Palmeiro, y editadas en forma de DVD en el a\u00f1o 2002.\u00a0 Djav\u00e1n incluy\u00f3 adem\u00e1s algunas escenas grabadas en Angola, y tramos de un show en la Fundaci\u00f3n Progreso, de Rio de Janeiro. Obviamente el show se basa [&hellip;]<\/p>\n","protected":false},"author":5,"featured_media":0,"comment_status":"open","ping_status":"open","sticky":false,"template":"","format":"standard","meta":{"footnotes":""},"categories":[197],"tags":[12],"class_list":["post-3654","post","type-post","status-publish","format-standard","hentry","category-djavan","tag-brasil"],"_links":{"self":[{"href":"https:\/\/pandc.10z.com.ar\/index.php?rest_route=\/wp\/v2\/posts\/3654","targetHints":{"allow":["GET"]}}],"collection":[{"href":"https:\/\/pandc.10z.com.ar\/index.php?rest_route=\/wp\/v2\/posts"}],"about":[{"href":"https:\/\/pandc.10z.com.ar\/index.php?rest_route=\/wp\/v2\/types\/post"}],"author":[{"embeddable":true,"href":"https:\/\/pandc.10z.com.ar\/index.php?rest_route=\/wp\/v2\/users\/5"}],"replies":[{"embeddable":true,"href":"https:\/\/pandc.10z.com.ar\/index.php?rest_route=%2Fwp%2Fv2%2Fcomments&post=3654"}],"version-history":[{"count":0,"href":"https:\/\/pandc.10z.com.ar\/index.php?rest_route=\/wp\/v2\/posts\/3654\/revisions"}],"wp:attachment":[{"href":"https:\/\/pandc.10z.com.ar\/index.php?rest_route=%2Fwp%2Fv2%2Fmedia&parent=3654"}],"wp:term":[{"taxonomy":"category","embeddable":true,"href":"https:\/\/pandc.10z.com.ar\/index.php?rest_route=%2Fwp%2Fv2%2Fcategories&post=3654"},{"taxonomy":"post_tag","embeddable":true,"href":"https:\/\/pandc.10z.com.ar\/index.php?rest_route=%2Fwp%2Fv2%2Ftags&post=3654"}],"curies":[{"name":"wp","href":"https:\/\/api.w.org\/{rel}","templated":true}]}}