{"id":3648,"date":"2018-08-08T22:14:33","date_gmt":"2018-08-09T01:14:33","guid":{"rendered":"http:\/\/pandc.10z.com.ar\/?p=3648"},"modified":"2018-08-09T02:10:06","modified_gmt":"2018-08-09T05:10:06","slug":"caetano-veloso-noites-do-norte-ao-vivo-2001","status":"publish","type":"post","link":"https:\/\/pandc.10z.com.ar\/?p=3648","title":{"rendered":"Caetano Veloso &#8211; Noites do Norte Ao Vivo (2001)"},"content":{"rendered":"<p style=\"text-align: center;\"><a href=\"https:\/\/pandc.10z.com.ar\/wp-content\/img\/caetanonoitesvivofront.jpg\" target=\"_blank\"><img loading=\"lazy\" decoding=\"async\" class=\"aligncenter\" src=\"https:\/\/pandc.10z.com.ar\/wp-content\/img\/caetanonoitesvivofront.jpg\" alt=\"\" width=\"400\" height=\"400\" \/><\/a><\/p>\n<p style=\"text-align: center;\"><a href=\"https:\/\/pandc.10z.com.ar\/wp-content\/img\/caetanonoitesvivoback.jpg\" target=\"_blank\"><img loading=\"lazy\" decoding=\"async\" class=\"aligncenter\" src=\"https:\/\/pandc.10z.com.ar\/wp-content\/img\/caetanonoitesvivoback.jpg\" alt=\"\" width=\"400\" height=\"330\" \/><\/a><\/p>\n<p style=\"text-align: left;\">No sorprende que el \u00e1lbum <em>\u201cNoites do norte\u201d<\/em> produjera un show y un disco en vivo. Lo que s\u00ed es original es que el disco refleja al detalle ese show, registrando en los dos discos ese espect\u00e1culo en forma \u00edntegra, sin descartar ning\u00fan tema. Algo como volver a vivir el show en casa.<\/p>\n<p>El propio <strong>Caetano<\/strong> se\u00f1alaba en una entrevista previa al lanzamiento del disco: <em>\u201cEs el disco de show m\u00e1s disco-de-show que hice hasta el momento. No s\u00f3lo est\u00e1 ah\u00ed todo el repertorio (y en el orden en que fueron tocadas), sino que adem\u00e1s est\u00e1 tambi\u00e9n toda la impureza t\u00e9cnica de las presentaciones del show en su primera fase, cuando el mismo a\u00fan no estaba tan maduro. Como en el caso de Prenda Minha, Circulad\u00f4 o Fina Estampa, no hice personalmente ning\u00fan trabajo de post-producci\u00f3n en estudio para corregir lo que no me gustase de mis participaciones vocales. S\u00f3lo que en aquellos discos hubo una selecci\u00f3n: Como se trataba de una peque\u00f1a parte del show, me permit\u00eda hacer una selecci\u00f3n de lo que mejor estuviese. Tambi\u00e9n hubo en aquellos casos una mudanza en el orden de las canciones. En este est\u00e1 todo. Para m\u00ed, el disco es un tesoro por el trabajo de los m\u00fasicos. El sonido que resulta de las guitarras de Davi y Pedrinho con los coros de Cesinha, M\u00e1rcio, Junior, Du y J\u00f3 \u2013en el di\u00e1logo singular que ese sonido mantiene con el arco musical de Jaques Morelembaum- es tambi\u00e9n una poderosa m\u00e1quina. Ella produce liberaci\u00f3n\u201d.<\/em><\/p>\n<p><strong>M\u00fasicos:<\/strong><\/p>\n<p><strong>Caetano Veloso:<\/strong> guitarras, voz<br \/>\n<strong>Davi Moraes:<\/strong> guitarra, mandolina<br \/>\n<strong>Pedro S\u00e1:<\/strong> bajo<br \/>\n<strong>Cesinha: <\/strong>bater\u00eda<br \/>\n<strong>Marcio Vittor, Andre J\u00fanior, Eduardo Josino, Josino Eduardo:<\/strong> percusi\u00f3n<br \/>\n<strong>Jacques Morelenbaum:<\/strong> contrabajo, cello<\/p>\n<p>***<\/p>\n<p><a href=\"https:\/\/yadi.sk\/d\/iy1UVuq83a44vP\" target=\"_blank\"><strong>Descarga directa<\/strong><\/a><\/p>\n<p>***<\/p>\n","protected":false},"excerpt":{"rendered":"<p>No sorprende que el \u00e1lbum \u201cNoites do norte\u201d produjera un show y un disco en vivo. Lo que s\u00ed es original es que el disco refleja al detalle ese show, registrando en los dos discos ese espect\u00e1culo en forma \u00edntegra, sin descartar ning\u00fan tema. Algo como volver a vivir el show en casa. El propio [&hellip;]<\/p>\n","protected":false},"author":5,"featured_media":0,"comment_status":"open","ping_status":"open","sticky":false,"template":"","format":"standard","meta":{"footnotes":""},"categories":[13],"tags":[12],"class_list":["post-3648","post","type-post","status-publish","format-standard","hentry","category-caetano-veloso","tag-brasil"],"_links":{"self":[{"href":"https:\/\/pandc.10z.com.ar\/index.php?rest_route=\/wp\/v2\/posts\/3648","targetHints":{"allow":["GET"]}}],"collection":[{"href":"https:\/\/pandc.10z.com.ar\/index.php?rest_route=\/wp\/v2\/posts"}],"about":[{"href":"https:\/\/pandc.10z.com.ar\/index.php?rest_route=\/wp\/v2\/types\/post"}],"author":[{"embeddable":true,"href":"https:\/\/pandc.10z.com.ar\/index.php?rest_route=\/wp\/v2\/users\/5"}],"replies":[{"embeddable":true,"href":"https:\/\/pandc.10z.com.ar\/index.php?rest_route=%2Fwp%2Fv2%2Fcomments&post=3648"}],"version-history":[{"count":0,"href":"https:\/\/pandc.10z.com.ar\/index.php?rest_route=\/wp\/v2\/posts\/3648\/revisions"}],"wp:attachment":[{"href":"https:\/\/pandc.10z.com.ar\/index.php?rest_route=%2Fwp%2Fv2%2Fmedia&parent=3648"}],"wp:term":[{"taxonomy":"category","embeddable":true,"href":"https:\/\/pandc.10z.com.ar\/index.php?rest_route=%2Fwp%2Fv2%2Fcategories&post=3648"},{"taxonomy":"post_tag","embeddable":true,"href":"https:\/\/pandc.10z.com.ar\/index.php?rest_route=%2Fwp%2Fv2%2Ftags&post=3648"}],"curies":[{"name":"wp","href":"https:\/\/api.w.org\/{rel}","templated":true}]}}