{"id":3621,"date":"2011-01-13T10:13:47","date_gmt":"2011-01-13T13:13:47","guid":{"rendered":"http:\/\/pandc.10z.com.ar\/?p=3621"},"modified":"2011-01-13T10:13:47","modified_gmt":"2011-01-13T13:13:47","slug":"djavan-ao-vivo-1999","status":"publish","type":"post","link":"https:\/\/pandc.10z.com.ar\/?p=3621","title":{"rendered":"Djavan &#8211; Ao Vivo (1999)"},"content":{"rendered":"<p style=\"text-align: center;\"><a href=\"https:\/\/pandc.10z.com.ar\/wp-content\/img\/djnvivofront.jpg\" target=\"_blank\"><img loading=\"lazy\" decoding=\"async\" class=\"aligncenter\" src=\"https:\/\/pandc.10z.com.ar\/wp-content\/img\/djnvivofront.jpg\" alt=\"\" width=\"400\" height=\"400\" \/><\/a><\/p>\n<p style=\"text-align: center;\"><a href=\"https:\/\/pandc.10z.com.ar\/wp-content\/img\/djnvivoinside.jpg\" target=\"_blank\"><img loading=\"lazy\" decoding=\"async\" class=\"aligncenter\" src=\"https:\/\/pandc.10z.com.ar\/wp-content\/img\/djnvivoinside.jpg\" alt=\"\" width=\"400\" height=\"400\" \/><\/a><\/p>\n<p style=\"text-align: center;\"><a href=\"https:\/\/pandc.10z.com.ar\/wp-content\/img\/djnvivoback.jpg\" target=\"_blank\"><img loading=\"lazy\" decoding=\"async\" class=\"aligncenter\" src=\"https:\/\/pandc.10z.com.ar\/wp-content\/img\/djnvivoback.jpg\" alt=\"\" width=\"400\" height=\"340\" \/><\/a><\/p>\n<p style=\"text-align: left;\">Celebrando sus 25 a\u00f1os de carrera, <strong>Djavan <\/strong>grab\u00f3 y edit\u00f3 en 1999 este \u00e1lbum doble en vivo, \u00edntegramente producido por el mismo, grabado en el <em>Teatro Joao Caetano<\/em> de R\u00edo de Janeiro, Brasil. Los shows tuvieron lugar del\u00a0 14 al 18 de julio del mismo a\u00f1o.\u00a0 Acompa\u00f1ado por una banda potente y afiatada, el sonido del\u00a0 disco es extraordinario. Y la recorrida por sus grandes canciones de 25 a\u00f1os es impecable no s\u00f3lo en la elecci\u00f3n del repertorio, sino en su reinvenci\u00f3n que refresca esas composiciones con arreglos sutiles que guardan la esencia y la riqueza original de cada tema.<\/p>\n<p><strong>M\u00fasicos:<\/strong><\/p>\n<p><strong>Djavan: <\/strong>guitarra, voz<br \/>\n<strong>Jo\u00e2o Castilho:<\/strong> guitarras, viola de arco, coros<br \/>\n<strong>Max Viana:<\/strong> guitarras, coros<br \/>\n<strong>Andr\u00e9 Vasconcellos:<\/strong> contrabajo, coros<br \/>\n<strong>Paulo Calasans:<\/strong> teclados<br \/>\n<strong>Carlos Bala: <\/strong>bater\u00eda<br \/>\n<strong>Marcelo Martins:<\/strong> saxo, flauta<br \/>\n<strong>Walmir Gil:<\/strong> trompetas<br \/>\n<strong>Fran\u00e7ois de Lima:<\/strong> tromb\u00f3n<br \/>\n<strong>Cecilia Spyer, Beth Bruno, Fl\u00e1via Virginia: <\/strong>coros en \u201cSe\u2026\u201d, \u201cBoa noite\u201d\u00a0 y \u201cSina\u201d<\/p>\n<p>***<\/p>\n<p><a href=\"http:\/\/www.megaupload.com\/?d=3PTNRQ3G\"><strong>Aqu\u00ed<\/strong><\/a><\/p>\n<p><a href=\"http:\/\/www.megaupload.com\/?d=62WR1F9C\"><strong>Aqu\u00ed<\/strong><\/a><\/p>\n<p><a href=\"http:\/\/www.megaupload.com\/?d=WU2ULIU2\"><strong>Aqu\u00ed<\/strong><\/a><\/p>\n<p>***<\/p>\n","protected":false},"excerpt":{"rendered":"<p>Celebrando sus 25 a\u00f1os de carrera, Djavan grab\u00f3 y edit\u00f3 en 1999 este \u00e1lbum doble en vivo, \u00edntegramente producido por el mismo, grabado en el Teatro Joao Caetano de R\u00edo de Janeiro, Brasil. Los shows tuvieron lugar del\u00a0 14 al 18 de julio del mismo a\u00f1o.\u00a0 Acompa\u00f1ado por una banda potente y afiatada, el sonido [&hellip;]<\/p>\n","protected":false},"author":5,"featured_media":0,"comment_status":"open","ping_status":"open","sticky":false,"template":"","format":"standard","meta":{"footnotes":""},"categories":[197],"tags":[12],"class_list":["post-3621","post","type-post","status-publish","format-standard","hentry","category-djavan","tag-brasil"],"_links":{"self":[{"href":"https:\/\/pandc.10z.com.ar\/index.php?rest_route=\/wp\/v2\/posts\/3621","targetHints":{"allow":["GET"]}}],"collection":[{"href":"https:\/\/pandc.10z.com.ar\/index.php?rest_route=\/wp\/v2\/posts"}],"about":[{"href":"https:\/\/pandc.10z.com.ar\/index.php?rest_route=\/wp\/v2\/types\/post"}],"author":[{"embeddable":true,"href":"https:\/\/pandc.10z.com.ar\/index.php?rest_route=\/wp\/v2\/users\/5"}],"replies":[{"embeddable":true,"href":"https:\/\/pandc.10z.com.ar\/index.php?rest_route=%2Fwp%2Fv2%2Fcomments&post=3621"}],"version-history":[{"count":0,"href":"https:\/\/pandc.10z.com.ar\/index.php?rest_route=\/wp\/v2\/posts\/3621\/revisions"}],"wp:attachment":[{"href":"https:\/\/pandc.10z.com.ar\/index.php?rest_route=%2Fwp%2Fv2%2Fmedia&parent=3621"}],"wp:term":[{"taxonomy":"category","embeddable":true,"href":"https:\/\/pandc.10z.com.ar\/index.php?rest_route=%2Fwp%2Fv2%2Fcategories&post=3621"},{"taxonomy":"post_tag","embeddable":true,"href":"https:\/\/pandc.10z.com.ar\/index.php?rest_route=%2Fwp%2Fv2%2Ftags&post=3621"}],"curies":[{"name":"wp","href":"https:\/\/api.w.org\/{rel}","templated":true}]}}