{"id":3483,"date":"2010-12-18T19:20:53","date_gmt":"2010-12-18T22:20:53","guid":{"rendered":"http:\/\/pandc.10z.com.ar\/?p=3483"},"modified":"2010-12-18T19:20:53","modified_gmt":"2010-12-18T22:20:53","slug":"gilbert-becaud-toute-la-vie-en-becaud-2002","status":"publish","type":"post","link":"https:\/\/pandc.10z.com.ar\/?p=3483","title":{"rendered":"Gilbert B\u00e9caud &#8211; Toute La Vie en B\u00e9caud (2002)"},"content":{"rendered":"<p style=\"text-align: center;\"><a href=\"https:\/\/pandc.10z.com.ar\/wp-content\/img\/Becaudfront.jpg\" target=\"_blank\"><img loading=\"lazy\" decoding=\"async\" class=\"aligncenter\" src=\"https:\/\/pandc.10z.com.ar\/wp-content\/img\/Becaudfront.jpg\" alt=\"\" width=\"400\" height=\"400\" \/><\/a><\/p>\n<p style=\"text-align: center;\"><a href=\"https:\/\/pandc.10z.com.ar\/wp-content\/img\/Becaudback.jpg\" target=\"_blank\"><img loading=\"lazy\" decoding=\"async\" class=\"aligncenter\" src=\"https:\/\/pandc.10z.com.ar\/wp-content\/img\/Becaudback.jpg\" alt=\"\" width=\"400\" height=\"340\" \/><\/a><\/p>\n<p style=\"text-align: left;\">Hace hoy nueve a\u00f1os que, como dijera en su momento <em>Charles Aznavour<\/em>, <em>\u201cnos ha dejado un amigo, nos ha dejado un gran int\u00e9rprete\u2026 un gran compositor\u201d<\/em>. Hablaba de <strong>Gilbert B\u00e9caud<\/strong>, fallecido el martes 18 de diciembre de 2001 a bordo de su bote-casa en el R\u00edo Sena.<\/p>\n<p>Un artista genial de quien ya hemos compartido buen material <a href=\"https:\/\/pandc.10z.com.ar\/?cat=112\"><strong>AQU\u00cd<\/strong><\/a>. Este doble CD re\u00fane todos sus grandes \u00e9xitos y fue editado por la EMI un a\u00f1o despu\u00e9s de su muerte. Nos pareci\u00f3 una buena forma de recordar al <em>\u201cCaballero de la Legi\u00f3n de Honor\u201d<\/em> de la Rep\u00fablica Francesa.<\/p>\n<p>***<\/p>\n<p><a href=\"http:\/\/www.megaupload.com\/?d=6IVRQ7A9\"><strong>Aqu\u00ed<\/strong><\/a><\/p>\n<p><a href=\"http:\/\/www.megaupload.com\/?d=BIZDBQGL\"><strong>Aqu\u00ed<\/strong><\/a><\/p>\n<p><a href=\" http:\/\/www.megaupload.com\/?d=VOROT2UJ\"><strong>Aqu\u00ed<\/strong><\/a><\/p>\n<p><a href=\"http:\/\/www.megaupload.com\/?d=MK89F9MY\"><strong>Aqu\u00ed<\/strong><\/a><\/p>\n<p>***<\/p>\n","protected":false},"excerpt":{"rendered":"<p>Hace hoy nueve a\u00f1os que, como dijera en su momento Charles Aznavour, \u201cnos ha dejado un amigo, nos ha dejado un gran int\u00e9rprete\u2026 un gran compositor\u201d. Hablaba de Gilbert B\u00e9caud, fallecido el martes 18 de diciembre de 2001 a bordo de su bote-casa en el R\u00edo Sena. Un artista genial de quien ya hemos compartido [&hellip;]<\/p>\n","protected":false},"author":5,"featured_media":0,"comment_status":"open","ping_status":"open","sticky":false,"template":"","format":"standard","meta":{"footnotes":""},"categories":[112],"tags":[10,220],"class_list":["post-3483","post","type-post","status-publish","format-standard","hentry","category-gilbert-becaud","tag-francia","tag-vocal"],"_links":{"self":[{"href":"https:\/\/pandc.10z.com.ar\/index.php?rest_route=\/wp\/v2\/posts\/3483","targetHints":{"allow":["GET"]}}],"collection":[{"href":"https:\/\/pandc.10z.com.ar\/index.php?rest_route=\/wp\/v2\/posts"}],"about":[{"href":"https:\/\/pandc.10z.com.ar\/index.php?rest_route=\/wp\/v2\/types\/post"}],"author":[{"embeddable":true,"href":"https:\/\/pandc.10z.com.ar\/index.php?rest_route=\/wp\/v2\/users\/5"}],"replies":[{"embeddable":true,"href":"https:\/\/pandc.10z.com.ar\/index.php?rest_route=%2Fwp%2Fv2%2Fcomments&post=3483"}],"version-history":[{"count":0,"href":"https:\/\/pandc.10z.com.ar\/index.php?rest_route=\/wp\/v2\/posts\/3483\/revisions"}],"wp:attachment":[{"href":"https:\/\/pandc.10z.com.ar\/index.php?rest_route=%2Fwp%2Fv2%2Fmedia&parent=3483"}],"wp:term":[{"taxonomy":"category","embeddable":true,"href":"https:\/\/pandc.10z.com.ar\/index.php?rest_route=%2Fwp%2Fv2%2Fcategories&post=3483"},{"taxonomy":"post_tag","embeddable":true,"href":"https:\/\/pandc.10z.com.ar\/index.php?rest_route=%2Fwp%2Fv2%2Ftags&post=3483"}],"curies":[{"name":"wp","href":"https:\/\/api.w.org\/{rel}","templated":true}]}}