{"id":3480,"date":"2010-12-17T20:10:13","date_gmt":"2010-12-17T23:10:13","guid":{"rendered":"http:\/\/pandc.10z.com.ar\/?p=3480"},"modified":"2011-03-12T23:17:17","modified_gmt":"2011-03-13T02:17:17","slug":"dori-ghezzi-piccole-donne-1983","status":"publish","type":"post","link":"https:\/\/pandc.10z.com.ar\/?p=3480","title":{"rendered":"Dori Ghezzi &#8211; Piccole Donne (1983)"},"content":{"rendered":"<p style=\"text-align: center;\"><a href=\"https:\/\/pandc.10z.com.ar\/wp-content\/img\/dorifront.jpg\" target=\"_blank\"><img loading=\"lazy\" decoding=\"async\" class=\"aligncenter\" src=\"https:\/\/pandc.10z.com.ar\/wp-content\/img\/dorifront.jpg\" alt=\"\" width=\"400\" height=\"400\" \/><\/a><\/p>\n<p style=\"text-align: center;\"><a href=\"https:\/\/pandc.10z.com.ar\/wp-content\/img\/doriback.jpg\" target=\"_blank\"><img loading=\"lazy\" decoding=\"async\" class=\"aligncenter\" src=\"https:\/\/pandc.10z.com.ar\/wp-content\/img\/doriback.jpg\" alt=\"\" width=\"400\" height=\"400\" \/><\/a><\/p>\n<p style=\"text-align: center;\"><a href=\"https:\/\/pandc.10z.com.ar\/wp-content\/img\/dorilado1.jpg\" target=\"_blank\"><img loading=\"lazy\" decoding=\"async\" class=\"aligncenter\" src=\"https:\/\/pandc.10z.com.ar\/wp-content\/img\/dorilado1.jpg\" alt=\"\" width=\"400\" height=\"400\" \/><\/a><\/p>\n<p style=\"text-align: left;\">La cantante italiana <strong>Dori Ghezzi <\/strong>naci\u00f3 el 30 de marzo de 1946, y su carrera comienza gracias a un concurso regional en el que se present\u00f3 (y gan\u00f3) en 1966.\u00a0 Advertidos de su talento, unos productores del selo <em>Durium<\/em>, le ofrecen\u00a0 un contrato.<\/p>\n<p>En 1967 debuta en el <em>Festival delle Rose di Roma<\/em>, en el que sale segunda con su versi\u00f3n de<em> \u201cVivere per vivere\u201d<\/em>, que <em>Francis Lai <\/em>hab\u00eda compuesto para el filme de <em>Claude Lelouch<\/em>.\u00a0 Luego de diversas actividades en el mundo de la m\u00fasica, y participaciones en festivales de gran prestigio como <em>Sanremo<\/em>, y la grabaci\u00f3n de algunos covers, en 1972 se une al bajista <em>Wess<\/em>, que tambi\u00e9n grababa en la Durium, y hacen la versi\u00f3n italiana de <em>\u201cUnited we stand\u201d (Voglio stare con te)<\/em>, que fue un simple de enorme suceso.\u00a0 A partir de all\u00ed, <strong>Dori<\/strong> contin\u00faa su carrera solista en forma paralela a la del d\u00fao.<\/p>\n<p>En 1979 <strong>Dori<\/strong> y el gran m\u00fasico <em>Fabrizio De Andr\u00e9 <\/em>se establecen en la regi\u00f3n sara de Agnata. La noche del 27 de agosto de aquel a\u00f1o, la pareja es secuestrada y hecha prisionera, siendo liberados cuatro meses despu\u00e9s, tras el pago de un cuantioso rescate.<\/p>\n<p>Luego de esa experiencia, <strong>Dori <\/strong>retoma su carrera en los a\u00f1os \u201980, registrando varios singles. En 1983 retorna a <em>Sanremo<\/em>, obteniendo el tercer puesto con <em>\u201cMargherita non lo sa\u201d<\/em>. Este, junto a otros singles, conforman este \u00e1lbum que aqu\u00ed presentamos, producido por <em>Oscar Prudente<\/em> y compuesto por \u00e9l mismo junto a\u00a0 <em>O. Avogadro<\/em>, con la participaci\u00f3n de <em>Ivano Fossati <\/em>en la guitarra.<\/p>\n<p><strong>Dori Ghezzi <\/strong>se retira de la m\u00fasica a causa de un problema en sus cuerdas vocales en 1990.<\/p>\n<p><strong>M\u00fasicos:<\/strong><\/p>\n<p><strong>Gabriele Melotti: <\/strong>bater\u00eda<br \/>\n<strong>Ellade Bandini: <\/strong>bater\u00eda<br \/>\n<strong>Pier Luigi Michelatti: <\/strong>bajo<br \/>\n<strong>Bruno Crovetto:<\/strong> bajo<br \/>\n<strong>Chicco Santulli:<\/strong> guitarra el\u00e9ctrica y ac\u00fastica<br \/>\n<strong>Ivano Fossati: <\/strong>guitarra el\u00e9ctrica y flauta<br \/>\n<strong>Massimo Luca:<\/strong> guitarra el\u00e9ctrica<br \/>\n<strong>Alberto Baldan Bembo: <\/strong>pianoforte, piano fender<br \/>\n<strong>Vince Tempera,\u00a0 Maurizio Preti: <\/strong>percusi\u00f3n<br \/>\n<strong>Aldo Banfi, Gaetano Leandro, Angelo Ardenti:<\/strong> teclados<br \/>\n<strong>Claudio Pascoli:<\/strong> saxo<br \/>\n<strong>Luigio Mucciolo: <\/strong>tromba<br \/>\n<strong>Johnny Capriolo:<\/strong> tromb\u00f3n<br \/>\n<strong>Patrizia di Malta, Mara Pacini: <\/strong>coros<\/p>\n<p><strong>Tracklist:<\/strong><\/p>\n<p>01. Piccole donne<br \/>\n02. Vola via<br \/>\n03. Stella bionda<br \/>\n04. Luna Park<br \/>\n05. Margherita non lo sa<br \/>\n06. Notte<br \/>\n07. Quando dormi<br \/>\n08. Ma che festa sar\u00e1<\/p>\n<p>***<\/p>\n<p><a href=\"http:\/\/www.megaupload.com\/?d=RB281AZP\"><strong>Aqu\u00ed<\/strong><\/a><\/p>\n<p>***<\/p>\n","protected":false},"excerpt":{"rendered":"<p>La cantante italiana Dori Ghezzi naci\u00f3 el 30 de marzo de 1946, y su carrera comienza gracias a un concurso regional en el que se present\u00f3 (y gan\u00f3) en 1966.\u00a0 Advertidos de su talento, unos productores del selo Durium, le ofrecen\u00a0 un contrato. En 1967 debuta en el Festival delle Rose di Roma, en el [&hellip;]<\/p>\n","protected":false},"author":5,"featured_media":0,"comment_status":"open","ping_status":"open","sticky":false,"template":"","format":"standard","meta":{"footnotes":""},"categories":[435],"tags":[3,41,39,220],"class_list":["post-3480","post","type-post","status-publish","format-standard","hentry","category-dori-ghezzi","tag-italia","tag-pop","tag-rock","tag-vocal"],"_links":{"self":[{"href":"https:\/\/pandc.10z.com.ar\/index.php?rest_route=\/wp\/v2\/posts\/3480","targetHints":{"allow":["GET"]}}],"collection":[{"href":"https:\/\/pandc.10z.com.ar\/index.php?rest_route=\/wp\/v2\/posts"}],"about":[{"href":"https:\/\/pandc.10z.com.ar\/index.php?rest_route=\/wp\/v2\/types\/post"}],"author":[{"embeddable":true,"href":"https:\/\/pandc.10z.com.ar\/index.php?rest_route=\/wp\/v2\/users\/5"}],"replies":[{"embeddable":true,"href":"https:\/\/pandc.10z.com.ar\/index.php?rest_route=%2Fwp%2Fv2%2Fcomments&post=3480"}],"version-history":[{"count":0,"href":"https:\/\/pandc.10z.com.ar\/index.php?rest_route=\/wp\/v2\/posts\/3480\/revisions"}],"wp:attachment":[{"href":"https:\/\/pandc.10z.com.ar\/index.php?rest_route=%2Fwp%2Fv2%2Fmedia&parent=3480"}],"wp:term":[{"taxonomy":"category","embeddable":true,"href":"https:\/\/pandc.10z.com.ar\/index.php?rest_route=%2Fwp%2Fv2%2Fcategories&post=3480"},{"taxonomy":"post_tag","embeddable":true,"href":"https:\/\/pandc.10z.com.ar\/index.php?rest_route=%2Fwp%2Fv2%2Ftags&post=3480"}],"curies":[{"name":"wp","href":"https:\/\/api.w.org\/{rel}","templated":true}]}}