{"id":3475,"date":"2010-12-15T17:49:47","date_gmt":"2010-12-15T20:49:47","guid":{"rendered":"http:\/\/pandc.10z.com.ar\/?p=3475"},"modified":"2010-12-15T17:49:47","modified_gmt":"2010-12-15T20:49:47","slug":"djavan-bicho-solto-1998","status":"publish","type":"post","link":"https:\/\/pandc.10z.com.ar\/?p=3475","title":{"rendered":"Djavan &#8211; Bicho Solto (1998)"},"content":{"rendered":"<p style=\"text-align: center;\"><a href=\"https:\/\/pandc.10z.com.ar\/wp-content\/img\/bichofront.jpg\" target=\"_blank\"><img loading=\"lazy\" decoding=\"async\" class=\"aligncenter\" src=\"https:\/\/pandc.10z.com.ar\/wp-content\/img\/bichofront.jpg\" alt=\"\" width=\"400\" height=\"400\" \/><\/a><\/p>\n<p style=\"text-align: center;\"><a href=\"https:\/\/pandc.10z.com.ar\/wp-content\/img\/bichoback.jpg\" target=\"_blank\"><img loading=\"lazy\" decoding=\"async\" class=\"aligncenter\" src=\"https:\/\/pandc.10z.com.ar\/wp-content\/img\/bichoback.jpg\" alt=\"\" width=\"400\" height=\"340\" \/><\/a><\/p>\n<p style=\"text-align: center;\"><a href=\" https:\/\/pandc.10z.com.ar\/wp-content\/img\/bichoinlay.jpg\" target=\"_blank\"><img loading=\"lazy\" decoding=\"async\" class=\"aligncenter\" src=\" https:\/\/pandc.10z.com.ar\/wp-content\/img\/bichoinlay.jpg\" alt=\"\" width=\"400\" height=\"400\" \/><\/a><\/p>\n<p style=\"text-align: left;\"><em>\u201cBicho Solto\u201d<\/em> es el d\u00e9cimotercer \u00e1lbum de <strong>Djavan<\/strong>, lanzado en 1998 (por eso ver\u00e1n en la contratapa el n\u00famero XIII).\u00a0 Fue producido por el propio <strong>Djavan<\/strong>, y grabado entre marzo y julio de aquel a\u00f1o en Rio de Janeiro, Brasil.\u00a0 Todos los temas le pertenecen en letra y m\u00fasica a excepci\u00f3n de <em>\u201cA carta\u201d<\/em>, con letra del rapero brasile\u00f1o <strong>Gabriel O Pensador<\/strong>, <em>\u201cBe fair\u201d<\/em>, de su hija <strong>Fl\u00e1via Virginia<\/strong> y <em>\u201cRetrato da vida\u201d<\/em>, compartida con <strong>Dominguinhos<\/strong>.<\/p>\n<p>En este trabajo est\u00e1n algunos de los mayores hits de <strong>Djavan<\/strong>, como <em>\u201cEu te devoro\u201d<\/em> y <em>\u201cAmar \u00e9 tudo\u201d<\/em>, aunque personalmente tambi\u00e9n prefiero <em>\u201cP\u00e1ssaro\u201d<\/em> y <em>\u201cRetrato da vida\u201d<\/em>, que no fueron singles, pero contienen unas melod\u00edas arduamente trabajadas (y hermosas), am\u00e9n de letras llenas de poes\u00eda y sentimiento.<\/p>\n<p>Un disco fabuloso, personal y brillante.<\/p>\n<p><strong>M\u00fasicos:<\/strong><\/p>\n<p><strong>Djavan: <\/strong>voz y guitarra<br \/>\n<strong>Joao Castillo: <\/strong>guitarra<br \/>\n<strong>Max Viana: <\/strong>guitarra<br \/>\n<strong>Andr\u00e9 Vasconcellos: <\/strong>contrabajo<br \/>\n<strong>Carlos Bala:<\/strong> bater\u00eda<br \/>\n<strong>Paulo Calasans: <\/strong>teclados<br \/>\n<strong>Walmir Gil: <\/strong>trompeta<br \/>\n<strong>Francois Lima: <\/strong>tromb\u00f3n<br \/>\n<strong>Marcelo Martins:<\/strong> saxo alto<br \/>\n<strong>Ricardo Amado:<\/strong> 1er.viol\u00edn<br \/>\n<strong>Mariana Salles: <\/strong>2do.viol\u00edn<br \/>\n<strong>Jairo Diniz:<\/strong> viola<br \/>\n<strong>Hugo Pilger:<\/strong> violoncello<\/p>\n<p>***<\/p>\n<p><a href=\"http:\/\/www.megaupload.com\/?d=ZGYJWMZ5\"><strong>Aqu\u00ed<\/strong><\/a><\/p>\n<p><a href=\"http:\/\/www.megaupload.com\/?d=LM0Y4EJI\"><strong>Aqu\u00ed<\/strong><\/a><\/p>\n<p>***<\/p>\n","protected":false},"excerpt":{"rendered":"<p>\u201cBicho Solto\u201d es el d\u00e9cimotercer \u00e1lbum de Djavan, lanzado en 1998 (por eso ver\u00e1n en la contratapa el n\u00famero XIII).\u00a0 Fue producido por el propio Djavan, y grabado entre marzo y julio de aquel a\u00f1o en Rio de Janeiro, Brasil.\u00a0 Todos los temas le pertenecen en letra y m\u00fasica a excepci\u00f3n de \u201cA carta\u201d, con [&hellip;]<\/p>\n","protected":false},"author":5,"featured_media":0,"comment_status":"open","ping_status":"open","sticky":false,"template":"","format":"standard","meta":{"footnotes":""},"categories":[197],"tags":[12],"class_list":["post-3475","post","type-post","status-publish","format-standard","hentry","category-djavan","tag-brasil"],"_links":{"self":[{"href":"https:\/\/pandc.10z.com.ar\/index.php?rest_route=\/wp\/v2\/posts\/3475","targetHints":{"allow":["GET"]}}],"collection":[{"href":"https:\/\/pandc.10z.com.ar\/index.php?rest_route=\/wp\/v2\/posts"}],"about":[{"href":"https:\/\/pandc.10z.com.ar\/index.php?rest_route=\/wp\/v2\/types\/post"}],"author":[{"embeddable":true,"href":"https:\/\/pandc.10z.com.ar\/index.php?rest_route=\/wp\/v2\/users\/5"}],"replies":[{"embeddable":true,"href":"https:\/\/pandc.10z.com.ar\/index.php?rest_route=%2Fwp%2Fv2%2Fcomments&post=3475"}],"version-history":[{"count":0,"href":"https:\/\/pandc.10z.com.ar\/index.php?rest_route=\/wp\/v2\/posts\/3475\/revisions"}],"wp:attachment":[{"href":"https:\/\/pandc.10z.com.ar\/index.php?rest_route=%2Fwp%2Fv2%2Fmedia&parent=3475"}],"wp:term":[{"taxonomy":"category","embeddable":true,"href":"https:\/\/pandc.10z.com.ar\/index.php?rest_route=%2Fwp%2Fv2%2Fcategories&post=3475"},{"taxonomy":"post_tag","embeddable":true,"href":"https:\/\/pandc.10z.com.ar\/index.php?rest_route=%2Fwp%2Fv2%2Ftags&post=3475"}],"curies":[{"name":"wp","href":"https:\/\/api.w.org\/{rel}","templated":true}]}}