{"id":3461,"date":"2018-08-08T00:12:43","date_gmt":"2018-08-08T03:12:43","guid":{"rendered":"http:\/\/pandc.10z.com.ar\/?p=3461"},"modified":"2018-08-09T02:18:32","modified_gmt":"2018-08-09T05:18:32","slug":"caetano-veloso-livro-1997","status":"publish","type":"post","link":"https:\/\/pandc.10z.com.ar\/?p=3461","title":{"rendered":"Caetano Veloso \u2013 Livro (1997)"},"content":{"rendered":"<p style=\"text-align: center;\"><a href=\"https:\/\/pandc.10z.com.ar\/wp-content\/img\/livrosfront.jpg\" target=\"_blank\"><img loading=\"lazy\" decoding=\"async\" class=\"aligncenter\" src=\"https:\/\/pandc.10z.com.ar\/wp-content\/img\/livrosfront.jpg\" alt=\"\" width=\"400\" height=\"400\" \/><\/a><\/p>\n<p style=\"text-align: center;\"><a href=\"https:\/\/pandc.10z.com.ar\/wp-content\/img\/livrosback.jpg\" target=\"_blank\"><img loading=\"lazy\" decoding=\"async\" class=\"aligncenter\" src=\"https:\/\/pandc.10z.com.ar\/wp-content\/img\/livrosback.jpg\" alt=\"\" width=\"400\" height=\"330\" \/><\/a><\/p>\n<p style=\"text-align: left;\">Este disco es, para mi gusto, uno de los mejores de toda la discograf\u00eda de <strong>Caetano Veloso <\/strong>(que continuamos de este modo). Con puntos alt\u00edsimos como el tema que da t\u00edtulo al \u00e1lbum, <em>\u201cVoce e minha\u201d, \u201cPara ninguem\u201d<\/em>\u2026 y la lista contin\u00faa, con un \u00e1lbum adictivo que nunca se cansa de dejarse oir.<\/p>\n<p><strong>M\u00fasicos:<\/strong><\/p>\n<p><strong>Caetano Veloso:<\/strong> voz, guitarras<br \/>\n<strong>Jacques Morelembaum: <\/strong>cello y arreglos<br \/>\n<strong>Marcelo Costa:<\/strong> bater\u00eda<br \/>\n<strong>Luiz Brasil: <\/strong>viol\u00f3n y guitarra<br \/>\n<strong>Jorge Helder: <\/strong>bajo<br \/>\n<strong>Jo, Du y Gustavo de Dalva:<\/strong> timbales<br \/>\n<strong>Marcelo Bernardes:<\/strong> flautas<br \/>\n<strong>Marcelo Martins y Daniel Garc\u00eda:<\/strong> saxos<\/p>\n<p>***********<\/p>\n<p><a href=\"https:\/\/yadi.sk\/d\/FDbj2U9N3a44vq\" target=\"_blank\"><strong>Descarga directa<\/strong><\/a><\/p>\n<p>***********<\/p>\n","protected":false},"excerpt":{"rendered":"<p>Este disco es, para mi gusto, uno de los mejores de toda la discograf\u00eda de Caetano Veloso (que continuamos de este modo). Con puntos alt\u00edsimos como el tema que da t\u00edtulo al \u00e1lbum, \u201cVoce e minha\u201d, \u201cPara ninguem\u201d\u2026 y la lista contin\u00faa, con un \u00e1lbum adictivo que nunca se cansa de dejarse oir. M\u00fasicos: Caetano [&hellip;]<\/p>\n","protected":false},"author":5,"featured_media":0,"comment_status":"open","ping_status":"open","sticky":false,"template":"","format":"standard","meta":{"footnotes":""},"categories":[13],"tags":[12],"class_list":["post-3461","post","type-post","status-publish","format-standard","hentry","category-caetano-veloso","tag-brasil"],"_links":{"self":[{"href":"https:\/\/pandc.10z.com.ar\/index.php?rest_route=\/wp\/v2\/posts\/3461","targetHints":{"allow":["GET"]}}],"collection":[{"href":"https:\/\/pandc.10z.com.ar\/index.php?rest_route=\/wp\/v2\/posts"}],"about":[{"href":"https:\/\/pandc.10z.com.ar\/index.php?rest_route=\/wp\/v2\/types\/post"}],"author":[{"embeddable":true,"href":"https:\/\/pandc.10z.com.ar\/index.php?rest_route=\/wp\/v2\/users\/5"}],"replies":[{"embeddable":true,"href":"https:\/\/pandc.10z.com.ar\/index.php?rest_route=%2Fwp%2Fv2%2Fcomments&post=3461"}],"version-history":[{"count":0,"href":"https:\/\/pandc.10z.com.ar\/index.php?rest_route=\/wp\/v2\/posts\/3461\/revisions"}],"wp:attachment":[{"href":"https:\/\/pandc.10z.com.ar\/index.php?rest_route=%2Fwp%2Fv2%2Fmedia&parent=3461"}],"wp:term":[{"taxonomy":"category","embeddable":true,"href":"https:\/\/pandc.10z.com.ar\/index.php?rest_route=%2Fwp%2Fv2%2Fcategories&post=3461"},{"taxonomy":"post_tag","embeddable":true,"href":"https:\/\/pandc.10z.com.ar\/index.php?rest_route=%2Fwp%2Fv2%2Ftags&post=3461"}],"curies":[{"name":"wp","href":"https:\/\/api.w.org\/{rel}","templated":true}]}}