{"id":3459,"date":"2018-08-08T23:07:43","date_gmt":"2018-08-09T02:07:43","guid":{"rendered":"http:\/\/pandc.10z.com.ar\/?p=3459"},"modified":"2018-08-09T02:21:06","modified_gmt":"2018-08-09T05:21:06","slug":"caetano-veloso-prenda-minha-1998","status":"publish","type":"post","link":"https:\/\/pandc.10z.com.ar\/?p=3459","title":{"rendered":"Caetano Veloso &#8211; Prenda Minha (1998)"},"content":{"rendered":"<p style=\"text-align: center;\"><a href=\"https:\/\/pandc.10z.com.ar\/wp-content\/img\/prendafront.jpg\" target=\"_blank\"><img loading=\"lazy\" decoding=\"async\" class=\"aligncenter\" src=\"https:\/\/pandc.10z.com.ar\/wp-content\/img\/prendafront.jpg\" alt=\"\" width=\"400\" height=\"400\" \/><\/a><\/p>\n<p style=\"text-align: center;\"><a href=\" https:\/\/pandc.10z.com.ar\/wp-content\/img\/prendaback.jpg\" target=\"_blank\"><img loading=\"lazy\" decoding=\"async\" class=\"aligncenter\" src=\" https:\/\/pandc.10z.com.ar\/wp-content\/img\/prendaback.jpg\" alt=\"\" width=\"400\" height=\"330\" \/><\/a><\/p>\n<p style=\"text-align: center;\"><a href=\"https:\/\/pandc.10z.com.ar\/wp-content\/img\/prendainlay.jpg\" target=\"_blank\"><img loading=\"lazy\" decoding=\"async\" class=\"aligncenter\" src=\"https:\/\/pandc.10z.com.ar\/wp-content\/img\/prendainlay.jpg\" alt=\"\" width=\"400\" height=\"330\" \/><\/a><\/p>\n<p style=\"text-align: left;\">Este trabajo le report\u00f3 a <strong>Caetano Veloso<\/strong> ganar su primer <em>Disco de Diamante<\/em> por ventas de m\u00e1s de un mill\u00f3n de copias. El \u00e1lbum es excepcional, y si bien se corresponde con la gira de <em>\u201cLivro\u201d<\/em>, este trabajo supera ampliamente las expectativas, siendo una mezcla entre un sensacional <em>\u201cgrandes \u00e9xitos\u201d<\/em> en vivo, sumado a versiones de temas de su propio repertorio y de otros autores, incluso algunas nunca interpretadas anteriormente. Hay partituras geniales convertidas en gemas \u00fanicas:\u00a0\u00a0 <em>\u00abMedita\u00e7\u00e3o\u00bb <\/em>(Tom Jobim\/Newton Mendon\u00e7a), <em>\u00abJorge de Capad\u00f3cia<\/em>\u00bb (Jorge Benjor), <em>\u00abDr\u00e3o\u00bb<\/em> (Gilberto Gil), <em>\u00abCarolina\u00bb<\/em> (Chico Buarque) y <em>\u00abLinha do Equador\u00bb<\/em> (Djavan).<\/p>\n<p><strong>M\u00fasicos:<\/strong><br \/>\n<strong><br \/>\nCaetano Veloso: <\/strong>voz y guitarras<br \/>\n<strong>Jaques Morelembaum: d<\/strong>irecci\u00f3n, cello y coros<br \/>\n<strong>Luiz Brasil: <\/strong>Guitarras, berimbau y coros<br \/>\n<strong>Jorge Helder: <\/strong>bajos y coros<br \/>\n<strong>Ronaldo Silva: <\/strong>bater\u00eda<br \/>\n<strong>Rowney Scot:<\/strong> saxofones<br \/>\n<strong>Joatan Nascimento:<\/strong> trompetas<br \/>\n<strong>Roberto Silva:<\/strong> tromb\u00f3n y tromb\u00f3n bajo<br \/>\n<strong>Eduardo Josino: <\/strong>percusi\u00f3n<br \/>\n<strong><\/strong><strong>Moreno Veloso:<\/strong> percusi\u00f3n<\/p>\n<p><strong>Tracklist:<\/strong><\/p>\n<p><strong>01. Jorge da Capad\u00f3cia<\/strong><br \/>\n(Jorge Ben Jor)<br \/>\n<strong>02. Prenda Minha<\/strong><br \/>\n(Folklore)<br \/>\n<strong>03. Medita\u00e7\u00e3o<\/strong><br \/>\n(Newton Mendon\u00e7a &#8211; Tom Jobim)<br \/>\n<strong>04. Terra<\/strong><br \/>\n(Caetano Veloso)<br \/>\n<strong>05. Eclipse Oculto<\/strong><br \/>\n(Caetano Veloso)<br \/>\n<strong>06. Texto de \u201cVerdade Tropical\u201d<\/strong><br \/>\n(Caetano Veloso)<br \/>\n<strong>07. Bem Devagar<\/strong><br \/>\n(Gilberto Gil)<br \/>\n<strong>08. Dr\u00e3o<\/strong><br \/>\n(Gilberto Gil)<br \/>\n<strong>09. Saudosismo<\/strong><br \/>\n(Caetano veloso)<br \/>\n<strong>10. Carolina<\/strong><br \/>\n(Chico Buarque)<br \/>\n<strong>11. Sozinho<\/strong><br \/>\n(Peninha)<br \/>\n<strong>12. Esse Cara<\/strong><br \/>\n(Caetano Veloso)<br \/>\n<strong>13. Mel<\/strong><br \/>\n(Caetano Veloso &#8211; Waly Salom\u00e2o)<br \/>\n<strong>14. Onde o Rio e mais bahiano<\/strong><br \/>\n(Caetano Veloso)<br \/>\n<strong>15. Linha do Equador<\/strong><br \/>\n(Caetano Veloso &#8211; Djavan)<br \/>\n<strong>16. Odara<\/strong><br \/>\n(Caetano Veloso)<br \/>\n<strong>17. Nao enche<\/strong><br \/>\n(Caetano Veloso)<br \/>\n<strong>18. A Luz da Tieta<\/strong><br \/>\nCaetano Veloso)<br \/>\n<strong>19. Atr\u00e1s da Verde e Rosa S\u00f3 N\u00e3o Vai Quem J\u00e1 Morre<\/strong><br \/>\n(Bira do Ponto &#8211; Carlos Senna &#8211; David Correa &#8211; Paulinho Carvalho)<br \/>\n<strong>20. Vida Boa<\/strong><br \/>\n(Armandinho Macedo &#8211; Fausto Nilo)<\/p>\n<p>***<\/p>\n<p><a href=\"https:\/\/yadi.sk\/d\/s8ZV3Si-3a44w5\" target=\"_blank\"><strong>Descarga directa<\/strong><\/a><\/p>\n<p>***<\/p>\n","protected":false},"excerpt":{"rendered":"<p>Este trabajo le report\u00f3 a Caetano Veloso ganar su primer Disco de Diamante por ventas de m\u00e1s de un mill\u00f3n de copias. El \u00e1lbum es excepcional, y si bien se corresponde con la gira de \u201cLivro\u201d, este trabajo supera ampliamente las expectativas, siendo una mezcla entre un sensacional \u201cgrandes \u00e9xitos\u201d en vivo, sumado a versiones [&hellip;]<\/p>\n","protected":false},"author":5,"featured_media":0,"comment_status":"open","ping_status":"open","sticky":false,"template":"","format":"standard","meta":{"footnotes":""},"categories":[13],"tags":[12],"class_list":["post-3459","post","type-post","status-publish","format-standard","hentry","category-caetano-veloso","tag-brasil"],"_links":{"self":[{"href":"https:\/\/pandc.10z.com.ar\/index.php?rest_route=\/wp\/v2\/posts\/3459","targetHints":{"allow":["GET"]}}],"collection":[{"href":"https:\/\/pandc.10z.com.ar\/index.php?rest_route=\/wp\/v2\/posts"}],"about":[{"href":"https:\/\/pandc.10z.com.ar\/index.php?rest_route=\/wp\/v2\/types\/post"}],"author":[{"embeddable":true,"href":"https:\/\/pandc.10z.com.ar\/index.php?rest_route=\/wp\/v2\/users\/5"}],"replies":[{"embeddable":true,"href":"https:\/\/pandc.10z.com.ar\/index.php?rest_route=%2Fwp%2Fv2%2Fcomments&post=3459"}],"version-history":[{"count":0,"href":"https:\/\/pandc.10z.com.ar\/index.php?rest_route=\/wp\/v2\/posts\/3459\/revisions"}],"wp:attachment":[{"href":"https:\/\/pandc.10z.com.ar\/index.php?rest_route=%2Fwp%2Fv2%2Fmedia&parent=3459"}],"wp:term":[{"taxonomy":"category","embeddable":true,"href":"https:\/\/pandc.10z.com.ar\/index.php?rest_route=%2Fwp%2Fv2%2Fcategories&post=3459"},{"taxonomy":"post_tag","embeddable":true,"href":"https:\/\/pandc.10z.com.ar\/index.php?rest_route=%2Fwp%2Fv2%2Ftags&post=3459"}],"curies":[{"name":"wp","href":"https:\/\/api.w.org\/{rel}","templated":true}]}}