{"id":3454,"date":"2018-12-02T11:10:43","date_gmt":"2018-12-02T14:10:43","guid":{"rendered":"http:\/\/pandc.10z.com.ar\/?p=3454"},"modified":"2018-12-02T14:42:44","modified_gmt":"2018-12-02T17:42:44","slug":"astor-piazzolla-orquesta-tipica-1947-1948","status":"publish","type":"post","link":"https:\/\/pandc.10z.com.ar\/?p=3454","title":{"rendered":"Astor Piazzolla &#8211; Orquesta T\u00edpica (1947 &#8211; 1948)"},"content":{"rendered":"<p style=\"text-align: center;\"><a href=\"https:\/\/pandc.10z.com.ar\/wp-content\/img\/astorFront3.jpg\" target=\"_blank\"><img loading=\"lazy\" decoding=\"async\" class=\"aligncenter\" src=\"https:\/\/pandc.10z.com.ar\/wp-content\/img\/astorFront3.jpg\" alt=\"\" width=\"400\" height=\"400\" \/><\/a><\/p>\n<p style=\"text-align: center;\"><a href=\"https:\/\/pandc.10z.com.ar\/wp-content\/img\/astorRetro3.jpg\" target=\"_blank\"><img loading=\"lazy\" decoding=\"async\" class=\"aligncenter\" src=\"https:\/\/pandc.10z.com.ar\/wp-content\/img\/astorRetro3.jpg\" alt=\"\" width=\"400\" height=\"320\" \/><\/a><\/p>\n<p style=\"text-align: center;\"><a href=\"https:\/\/pandc.10z.com.ar\/wp-content\/img\/astorCd3.jpg\" target=\"_blank\"><img loading=\"lazy\" decoding=\"async\" class=\"aligncenter\" src=\"https:\/\/pandc.10z.com.ar\/wp-content\/img\/astorCd3.jpg\" alt=\"\" width=\"400\" height=\"400\" \/><\/a><\/p>\n<p style=\"text-align: left;\">Con esta orquesta, de formaci\u00f3n similar a las dem\u00e1s orquestas t\u00edpicas de la \u00e9poca <strong>Piazzolla<\/strong> comienza a desarrollar su impulso creador con composiciones y orquestaciones con un mayor criterio arm\u00f3nico y din\u00e1mico. Ese tango,\u00a0 comienza a provocar las primeras pol\u00e9micas entre los tangueros cl\u00e1sicos.<\/p>\n<p>En 1949 siente la necesidad de disolver la orquesta, apartarse del bandone\u00f3n, y casi del tango. Sigue estudiando <em>Bartok<\/em> y <em>Stravinski<\/em>, estudia direcci\u00f3n orquestal con <em>Herman Scherchen<\/em>, escucha mucho jazz, y decide abandonar el bandone\u00f3n para dedicarse a escribir y a profundizar sus estudios musicales. Ten\u00eda 28 a\u00f1os.<\/p>\n<p>Con esta <strong>producci\u00f3n original de <em>P&amp;C<\/em><\/strong>, continuamos el recorrido por la discograf\u00eda completa de <strong>Astor Piazzolla<\/strong>.\u00a0 Y lo hacemos con sus primeras grabaciones -realizadas en este caso entre 1947 y 1948-, en discos de 78 rpm para el sello Ode\u00f3n. El tracklist est\u00e1 en orden cronol\u00f3gico.\u00a0 <em><strong>La recopilaci\u00f3n es propia, y las cubiertas fueron realizadas especialmente por Paola.<\/strong><\/em><\/p>\n<p><strong>M\u00fasicos:<\/strong><\/p>\n<p><strong>Astor Piazzolla: <\/strong>bandone\u00f3n, arreglos, direcci\u00f3n<br \/>\n<strong>Roberto Di Filippo, Leopoldo Federico,\u00a0 Isidoro Sallago, Abelardo Alfons\u00edn, Vicente Toppi, Jorge Luongo:<\/strong> bandoneones<br \/>\n<strong>Hugo Baralis, Andr\u00e9s Rivas, Rodolfo Fernandez, Carmelo Caballaro: <\/strong>violines<br \/>\n<strong>Angel Molo, Jos\u00e9 Federighi, Ram\u00f3n Bataller: <\/strong>violoncellos<br \/>\n<strong>Atilio Stampone: <\/strong>piano<br \/>\n<strong>Valent\u00edn Andreotta: <\/strong>contrabajo<br \/>\n<strong>Aldo Campoamor, H\u00e9ctor Ins\u00faa,\u00a0 Alberto Font\u00e1n Luna: <\/strong>cantores<\/p>\n<p><strong>Tracklist:<\/strong><\/p>\n<p><strong>01. El pillete &#8211; 02\/1\/1947 <\/strong><br \/>\n(Graciano de Leone)<\/p>\n<p><strong>02. Inspiraci\u00f3n &#8211; 15\/1\/1947 <\/strong><br \/>\n(Peregrino Paulos &#8211; Luis Rubistein)<\/p>\n<p><strong>03. Como abrazado a un rencor &#8211; 15\/1\/1947 <\/strong><br \/>\n(Rafael Rossi &#8211; Antonio M.Podest\u00e1)<br \/>\n<em>Canta: Aldo Campoamor<\/em><\/p>\n<p><strong>04. El r\u00e1pido &#8211; 27\/1\/1947 <\/strong><br \/>\n(Roberto Firpo)<\/p>\n<p><strong>05. Tiernamente &#8211; 15\/4\/1947 <\/strong><br \/>\n(Agust\u00edn Bardi &#8211; Mario Battistella)<br \/>\n<em>Canta: Aldo Campoamor<\/em><\/p>\n<p><strong>06. Harag\u00e1n &#8211; 15\/4\/1947 <\/strong><br \/>\n(Enrique Delfino &#8211; Manuel Romero)<br \/>\n<em>Canta: Aldo Campoamor<\/em><\/p>\n<p><strong>07. La rayuela &#8211; 20\/5\/1947 <\/strong><br \/>\n(Julio De Caro)<\/p>\n<p><strong>08. En la huella del adi\u00f3s &#8211; 20\/5\/1947 <\/strong><br \/>\n(H\u00e9ctor Stamponi &#8211; Homero Exp\u00f3sito)<br \/>\n<em>Cantan: Aldo Campoamor y H\u00e9ctor Ins\u00faa<\/em><\/p>\n<p><strong>09. Se arm\u00f3 &#8211; 23\/6\/1947 <\/strong><br \/>\n(Astor Piazzolla)<\/p>\n<p><strong>10. De mi bandone\u00f3n &#8211; 23\/6\/1947 <\/strong><br \/>\n(Roberto P\u00e9rez Prechi)<\/p>\n<p><strong>11. Quejas de bandone\u00f3n &#8211; 21\/8\/1947 <\/strong><br \/>\n(Juan de Dios Filiberto)<\/p>\n<p><strong>12. Tu p\u00e1lido final &#8211; 21\/8\/1947<\/strong><br \/>\n(Vicente Demarco &#8211; Alfredo F. Rold\u00e1n)<br \/>\n<em>Canta: Aldo Campoamor<\/em><\/p>\n<p><strong>13. Tapera &#8211; 03\/10\/1947 <\/strong><br \/>\n(Hugo Guti\u00e9rrez &#8211; Homero Manzi)<br \/>\n<em>Canta: Aldo Campoamor<\/em><\/p>\n<p><strong>14. Taconeando &#8211; 03\/10\/1947 <\/strong><br \/>\n(Pedro Maffia &#8211; Jos\u00e9 Horacio Staffolani)<\/p>\n<p><strong>15.\u00a0 Chiclana &#8211; 10\/12\/1947 <\/strong><br \/>\n(Julio De Caro &#8211; Mario C\u00e9sar Gomila)<\/p>\n<p><strong>16. Che bartolo &#8211; 10\/12\/1947 <\/strong><br \/>\n(Rodolfo Sciammarella &#8211; Enrique Cad\u00edcamo)<br \/>\n<em>Canta: Aldo Campoamor<\/em><\/p>\n<p><strong>17. Tierra querida &#8211; 10\/4\/1948 <\/strong><br \/>\n(Julio De Caro)<\/p>\n<p><strong>18. Se fue sin decirme adi\u00f3s &#8211; 10\/4\/1948 <\/strong><br \/>\n(Astor Piazzolla &#8211; Alfredo F. Rold\u00e1n)<br \/>\n<em>Canta: Aldo Campoamor<\/em><\/p>\n<p><strong>19. Ah\u00ed va el dulce &#8211; 08\/7\/1948 <\/strong><br \/>\n(Juan Canaro &#8211; Osvaldo Sosa Cordero)<br \/>\n<strong><br \/>\n20. Cargamento -0 8\/7\/1948 <\/strong><br \/>\n(Arturo H. Gallucci &#8211; Ra\u00fal Mario Hormaza)<br \/>\n<em>Canta: Aldo Campoamor<\/em><\/p>\n<p><strong>21. Cafet\u00edn de Buenos Aires\u00a0 25\/11\/1948 <\/strong><br \/>\n(Mariano Mores &#8211; Enrique Santos Disc\u00e9polo)<br \/>\n<em>Canta: Alberto Font\u00e1n Luna<\/em><\/p>\n<p><strong>22. Rep\u00fablica Argentina &#8211; 25\/11\/1948 <\/strong><br \/>\n(Santos L\u00edpesker &#8211; Reinaldo Yiso)<br \/>\n<em>Canta: Alberto Font\u00e1n Luna<\/em><\/p>\n<p><strong>23. Todo coraz\u00f3n &#8211; 14\/12\/1948 <\/strong><br \/>\n(Julio De Caro)<\/p>\n<p><strong>24. Villeguita &#8211; 14\/12\/1948 <\/strong><br \/>\n(Astor Piazzolla)<\/p>\n<p>***********<\/p>\n<p><a href=\"https:\/\/yadi.sk\/d\/o0uNJe-jh5qAnA\" target=\"_blank\"><strong>Download<\/strong><\/a><\/p>\n<p>***********<\/p>\n","protected":false},"excerpt":{"rendered":"<p>Con esta orquesta, de formaci\u00f3n similar a las dem\u00e1s orquestas t\u00edpicas de la \u00e9poca Piazzolla comienza a desarrollar su impulso creador con composiciones y orquestaciones con un mayor criterio arm\u00f3nico y din\u00e1mico. Ese tango,\u00a0 comienza a provocar las primeras pol\u00e9micas entre los tangueros cl\u00e1sicos. En 1949 siente la necesidad de disolver la orquesta, apartarse del [&hellip;]<\/p>\n","protected":false},"author":5,"featured_media":0,"comment_status":"open","ping_status":"open","sticky":false,"template":"","format":"standard","meta":{"footnotes":""},"categories":[31],"tags":[389,15],"class_list":["post-3454","post","type-post","status-publish","format-standard","hentry","category-astor-piazzolla","tag-argentina","tag-tango"],"_links":{"self":[{"href":"https:\/\/pandc.10z.com.ar\/index.php?rest_route=\/wp\/v2\/posts\/3454","targetHints":{"allow":["GET"]}}],"collection":[{"href":"https:\/\/pandc.10z.com.ar\/index.php?rest_route=\/wp\/v2\/posts"}],"about":[{"href":"https:\/\/pandc.10z.com.ar\/index.php?rest_route=\/wp\/v2\/types\/post"}],"author":[{"embeddable":true,"href":"https:\/\/pandc.10z.com.ar\/index.php?rest_route=\/wp\/v2\/users\/5"}],"replies":[{"embeddable":true,"href":"https:\/\/pandc.10z.com.ar\/index.php?rest_route=%2Fwp%2Fv2%2Fcomments&post=3454"}],"version-history":[{"count":0,"href":"https:\/\/pandc.10z.com.ar\/index.php?rest_route=\/wp\/v2\/posts\/3454\/revisions"}],"wp:attachment":[{"href":"https:\/\/pandc.10z.com.ar\/index.php?rest_route=%2Fwp%2Fv2%2Fmedia&parent=3454"}],"wp:term":[{"taxonomy":"category","embeddable":true,"href":"https:\/\/pandc.10z.com.ar\/index.php?rest_route=%2Fwp%2Fv2%2Fcategories&post=3454"},{"taxonomy":"post_tag","embeddable":true,"href":"https:\/\/pandc.10z.com.ar\/index.php?rest_route=%2Fwp%2Fv2%2Ftags&post=3454"}],"curies":[{"name":"wp","href":"https:\/\/api.w.org\/{rel}","templated":true}]}}