{"id":3398,"date":"2018-12-02T13:16:34","date_gmt":"2018-12-02T16:16:34","guid":{"rendered":"http:\/\/pandc.10z.com.ar\/?p=3398"},"modified":"2018-12-02T13:46:15","modified_gmt":"2018-12-02T16:46:15","slug":"astor-piazzolla-orquesta-tipica-1945","status":"publish","type":"post","link":"https:\/\/pandc.10z.com.ar\/?p=3398","title":{"rendered":"Astor Piazzolla &#8211; Orquesta T\u00edpica (1945)"},"content":{"rendered":"<p style=\"text-align: center;\"><a href=\"https:\/\/pandc.10z.com.ar\/wp-content\/img\/APOTFront1.jpg\" target=\"_blank\"><img loading=\"lazy\" decoding=\"async\" class=\"aligncenter\" src=\"https:\/\/pandc.10z.com.ar\/wp-content\/img\/APOTFront1.jpg\" alt=\"\" width=\"400\" height=\"400\" \/><\/a><\/p>\n<p style=\"text-align: center;\"><a href=\"https:\/\/pandc.10z.com.ar\/wp-content\/img\/APOTRetro1.jpg\" target=\"_blank\"><img loading=\"lazy\" decoding=\"async\" class=\"aligncenter\" src=\"https:\/\/pandc.10z.com.ar\/wp-content\/img\/APOTRetro1.jpg\" alt=\"\" width=\"400\" height=\"340\" \/><\/a><\/p>\n<p style=\"text-align: center;\"><a href=\"https:\/\/pandc.10z.com.ar\/wp-content\/img\/APOTCd1.jpg\" target=\"_blank\"><img loading=\"lazy\" decoding=\"async\" class=\"aligncenter\" src=\"https:\/\/pandc.10z.com.ar\/wp-content\/img\/APOTCd1.jpg\" alt=\"\" width=\"400\" height=\"400\" \/><\/a><\/p>\n<p style=\"text-align: left;\"><strong>Astor Pantale\u00f3n Piazzolla <\/strong>nace el 11 de Marzo de 1921 en Mar del Plata, Argentina, hijo \u00fanico de Vicente <em>\u201cNonino\u201d<\/em> Piazzolla y de Asunta Mainetti. En 1925, la familia se radica en\u00a0 Nueva York hasta 1936 con un fugaz retorno a Mar del Plata en 1930.\u00a0\u00a0 En 1929, cuando Astor ten\u00eda 8 a\u00f1os, su padre le regala su primer bandone\u00f3n que compra en una casa de empe\u00f1os por 19 d\u00f3lares.<\/p>\n<p>En 1936, retorna con su familia definitivamente a la Argentina, a Mar del Planta, en donde comienza a actuar en algunos conjuntos. La inclinaci\u00f3n de <strong>Astor<\/strong> por el tango lo lleva a radicarse en Buenos Aires, en 1938. Ten\u00eda solo 17 a\u00f1os.<\/p>\n<p>Alterna en diversos conjuntos de segundo orden hasta que en 1939 concreta su sue\u00f1o: ingresar como bandoneonista en una de las grandes orquestas de esos a\u00f1os,\u00a0 la de <strong>An\u00edbal Troilo<\/strong>, que fue uno de los mejores int\u00e9rpretes de bandone\u00f3n y a qui\u00e9n <strong>Astor<\/strong> reconoce como uno de sus maestros.<\/p>\n<p><strong>Piazzolla<\/strong> siente la necesidad de avanzar musicalmente, y\u00a0 ya siendo el arreglador de la orquesta de <strong>Troilo<\/strong>, inicia en 1941 sus estudios musicales con <em>Alberto Ginastera<\/em> y m\u00e1s tarde, en 1943, estudia piano con <em>Ra\u00fal Spivak<\/em>.\u00a0 En 1944 deja la Orquesta de\u00a0 <strong>Troilo<\/strong> para dirigir la orquesta t\u00edpica que acompa\u00f1a al cantor <strong>Francisco Fiorentino<\/strong>.\u00a0\u00a0 Ese tango, del joven y audaz director, m\u00e1s moderno y distinto empieza a provocar las primeras pol\u00e9micas entre los tangueros cl\u00e1sicos.<\/p>\n<p><strong>***<\/strong><\/p>\n<p>Con esta <strong>producci\u00f3n original de <em>P&amp;C<\/em>,<\/strong> iniciamos el recorrido por la discograf\u00eda completa de <strong>Astor Piazzolla<\/strong>.\u00a0 Y lo hacemos con sus primeras grabaciones -realizadas en 1945-, en discos de 78 rpm para el sello <em>Ode\u00f3n<\/em>. El tracklist no es caprichoso: est\u00e1n en orden cronol\u00f3gico cada uno de esos discos, primero el lado A de cada uno, y luego el lado B.\u00a0 <strong>La recopilaci\u00f3n es propia, y las cubiertas fueron realizadas especialmente por<em> Paola<\/em>, demostrando que su talento sigue intacto!<\/strong><\/p>\n<p><strong>M\u00fasicos:<\/strong><\/p>\n<p><strong>Astor Piazzolla: <\/strong>bandone\u00f3n, arreglos y direcci\u00f3n<br \/>\n<strong>Francisco Fiorentino: <\/strong>voz<br \/>\n<strong>Angel Genta, Roberto Di Filippo, Fernando Tell: <\/strong>bandoneones<br \/>\n<strong>Hugo Baralis, Ernesto Gianni, Juan Bibiloni, Oscar Lucero: <\/strong>violines<br \/>\n<strong>Carlos Figari: <\/strong>piano<br \/>\n<strong>Angel Molo: <\/strong>violoncello<br \/>\n<strong>Pepe D\u00edaz, Valent\u00edn Andreotta:<\/strong> contrabajos<\/p>\n<p><strong>Tracklist:<\/strong><\/p>\n<p><strong>01. Corrientes y Esmeralda &#8211; 19\/5\/1945 <\/strong><br \/>\n(Francisco Prac\u00e1nico &#8211; Celedonio E. Flores)<\/p>\n<p><strong>02. Si se salva el pibe &#8211; 19\/5\/1945<\/strong><br \/>\n(Francisco Prac\u00e1nico &#8211; Celedonio E. Flores)<\/p>\n<p><strong>03. Diez a\u00f1os pasan &#8211; 7\/6\/1945<\/strong><br \/>\n(Jos\u00e9 Razzano &#8211; C\u00e1tulo Castillo)<\/p>\n<p><strong>04. Nos encontramos al pasar &#8211; 7\/6\/1945 <\/strong><br \/>\n(Raul Kapl\u00fan &#8211; Jos\u00e9 Mar\u00eda Su\u00f1\u00e9)<\/p>\n<p><strong>05. Cotorrita de la suerte &#8211; 19\/7\/1945 <\/strong><br \/>\n(Alfredo J. de Franco &#8211; Jos\u00e9 P. de Grandis)<\/p>\n<p><strong>06. Rosa de oto\u00f1o &#8211; 19\/7\/1945 <\/strong><br \/>\n(Guillermo Barbieri &#8211; Jos\u00e9 Rial)<\/p>\n<p><strong>07. En las noches &#8211; 30\/7\/1945<\/strong><br \/>\n(Francisco Fiorentino &#8211; Enrique Cad\u00edcamo)<\/p>\n<p><strong>08. El silbido (La chiflada) &#8211; 30\/7\/1945 <\/strong><br \/>\n(Anselmo A. Aieta)<\/p>\n<p><strong>09. Seis d\u00edas &#8211; 25\/9\/1945<\/strong><br \/>\n(Manuel Sucher &#8211; Carlos Bahr)<\/p>\n<p><strong>10. Soy una fiera &#8211; 25\/9\/1945 <\/strong><br \/>\n(Francisco Martino)<\/p>\n<p><strong>11. Fruta amarga &#8211; 16\/10\/1945 <\/strong><br \/>\n(Hugo Guti\u00e9rrez &#8211; Homero Manzi)<\/p>\n<p><strong>12. Mar\u00eda &#8211; 16\/10\/1945<\/strong><br \/>\n(An\u00edbal Troilo &#8211; C\u00e1tulo Castillo)<\/p>\n<p><strong>13. Dolor de tango &#8211; 23\/11\/1945<\/strong><br \/>\n(Carlos Viv\u00e1n &#8211; Yarav\u00ed)<\/p>\n<p><strong>14. Oro falso &#8211; 23\/11\/1945 <\/strong><br \/>\n(Virgilio y Homero Exp\u00f3sito)<\/p>\n<p><strong>15. Amigazo &#8211; 19\/12\/1945<\/strong><br \/>\n(Juan de Dios Filiberto &#8211; Francisco Brancatti)<\/p>\n<p><strong>16. Color de rosa &#8211; 23\/11\/1945 <\/strong><br \/>\n(Antonio y Pedro Polito)<\/p>\n<p>***<\/p>\n<p><a href=\"https:\/\/yadi.sk\/d\/9ZNhClR_HBEHvQ\" target=\"_blank\"><strong>Download<\/strong><\/a><\/p>\n<p>***<\/p>\n","protected":false},"excerpt":{"rendered":"<p>Astor Pantale\u00f3n Piazzolla nace el 11 de Marzo de 1921 en Mar del Plata, Argentina, hijo \u00fanico de Vicente \u201cNonino\u201d Piazzolla y de Asunta Mainetti. En 1925, la familia se radica en\u00a0 Nueva York hasta 1936 con un fugaz retorno a Mar del Plata en 1930.\u00a0\u00a0 En 1929, cuando Astor ten\u00eda 8 a\u00f1os, su padre [&hellip;]<\/p>\n","protected":false},"author":5,"featured_media":0,"comment_status":"open","ping_status":"open","sticky":false,"template":"","format":"standard","meta":{"footnotes":""},"categories":[31],"tags":[389,15],"class_list":["post-3398","post","type-post","status-publish","format-standard","hentry","category-astor-piazzolla","tag-argentina","tag-tango"],"_links":{"self":[{"href":"https:\/\/pandc.10z.com.ar\/index.php?rest_route=\/wp\/v2\/posts\/3398","targetHints":{"allow":["GET"]}}],"collection":[{"href":"https:\/\/pandc.10z.com.ar\/index.php?rest_route=\/wp\/v2\/posts"}],"about":[{"href":"https:\/\/pandc.10z.com.ar\/index.php?rest_route=\/wp\/v2\/types\/post"}],"author":[{"embeddable":true,"href":"https:\/\/pandc.10z.com.ar\/index.php?rest_route=\/wp\/v2\/users\/5"}],"replies":[{"embeddable":true,"href":"https:\/\/pandc.10z.com.ar\/index.php?rest_route=%2Fwp%2Fv2%2Fcomments&post=3398"}],"version-history":[{"count":0,"href":"https:\/\/pandc.10z.com.ar\/index.php?rest_route=\/wp\/v2\/posts\/3398\/revisions"}],"wp:attachment":[{"href":"https:\/\/pandc.10z.com.ar\/index.php?rest_route=%2Fwp%2Fv2%2Fmedia&parent=3398"}],"wp:term":[{"taxonomy":"category","embeddable":true,"href":"https:\/\/pandc.10z.com.ar\/index.php?rest_route=%2Fwp%2Fv2%2Fcategories&post=3398"},{"taxonomy":"post_tag","embeddable":true,"href":"https:\/\/pandc.10z.com.ar\/index.php?rest_route=%2Fwp%2Fv2%2Ftags&post=3398"}],"curies":[{"name":"wp","href":"https:\/\/api.w.org\/{rel}","templated":true}]}}