{"id":3376,"date":"2010-11-10T21:47:46","date_gmt":"2010-11-10T23:47:46","guid":{"rendered":"http:\/\/pandc.10z.com.ar\/?p=3376"},"modified":"2010-11-10T21:47:46","modified_gmt":"2010-11-10T23:47:46","slug":"toquinho-e-orquestra-jazz-sinfonica-ao-vivo-2008","status":"publish","type":"post","link":"https:\/\/pandc.10z.com.ar\/?p=3376","title":{"rendered":"Toquinho e Orquestra Jazz Sinf\u00f4nica  &#8211; Ao Vivo (2008)"},"content":{"rendered":"<p style=\"text-align: center;\"><a href=\"https:\/\/pandc.10z.com.ar\/wp-content\/img\/toqorchfront.jpg\" target=\"_blank\"><img loading=\"lazy\" decoding=\"async\" class=\"aligncenter\" src=\"https:\/\/pandc.10z.com.ar\/wp-content\/img\/toqorchfront.jpg\" alt=\"\" width=\"400\" height=\"400\" \/><\/a><\/p>\n<p style=\"text-align: center;\"><a href=\" https:\/\/pandc.10z.com.ar\/wp-content\/img\/toqorchback.jpg\" target=\"_blank\"><img loading=\"lazy\" decoding=\"async\" class=\"aligncenter\" src=\" https:\/\/pandc.10z.com.ar\/wp-content\/img\/toqorchback.jpg\" alt=\"\" width=\"400\" height=\"340\" \/><\/a><\/p>\n<p style=\"text-align: left;\">Este disco\u00a0 naci\u00f3 de la idea de mostrar al p\u00fablico de Brasil un repertorio con algunas de las mejores composiciones de la m\u00fasica de ese pa\u00eds en la voz de<strong> Toquinho<\/strong>, acompa\u00f1ado por la <strong>Orquestra Jazz Sinf\u00f3nica do Estado de S\u00e2o Paulo<\/strong>. Fue grabado en vivo en 2002 en la<em> Sala S\u00e2o Paulo<\/em>, pero reci\u00e9n tuvo su edici\u00f3n en CD en 2008.<\/p>\n<p>Es la perfecta simbiosis entre la suave voz de <strong>Toquinho<\/strong> y la calidad art\u00edstica de los 85 componentes de la Orquesta, dirigidos por<strong> Cyro Pereyra y Jo\u00e2o Maur\u00edcio Galindo<\/strong>. Una conjunci\u00f3n de lo erudito y lo popular en una interesante combinaci\u00f3n de sonidos y armon\u00eda.<\/p>\n<p><strong>M\u00fasicos:<\/strong><br \/>\n<strong><br \/>\nToquinho:<\/strong> Guitarra, voz<br \/>\n<strong>Adan Loan Mihai Totan : <\/strong>Viol\u00edn<br \/>\n<strong>Adriano Melo :<\/strong> Viol\u00edn<br \/>\n<strong>Akira Terasaki :<\/strong> Viola de Arco<br \/>\n<strong>Alejandro De Leon Laurnaga :<\/strong> Viola de Arco<br \/>\n<strong>Alex Graco : <\/strong>Viol\u00edn<br \/>\n<strong>Alexandre de Leon : <\/strong>Viola de Arco<br \/>\n<strong>Ana Isabel F. Rebello : <\/strong>Viola de Arco<br \/>\n<strong>Andr\u00e9a Bueno Salinas :<\/strong> Viol\u00edn<br \/>\n<strong>Arlindo Bonadio :<\/strong> Tromb\u00f3n<br \/>\n<strong>Ary da Silveira J\u00fanior :<\/strong> Trompa<br \/>\n<strong>Betina Stegmann : <\/strong>Viol\u00edn<br \/>\n<strong>Camila Bonfim :<\/strong> Contrabajo<br \/>\n<strong>Carlos Alberto de Alc\u00e2ntara : <\/strong>Saxo<br \/>\n<strong>Carlos Eduardo Pinto Mascare\u00f1o : <\/strong>Viol\u00edn<br \/>\n<strong>C\u00e1ssia Carrascosa Bonfim :<\/strong> Flauta<br \/>\n<strong>Daniel Allain :<\/strong> Flauta<br \/>\n<strong>Dorin Serban Tudoras : <\/strong>Viol\u00edn<br \/>\n<strong>Dorival Alves Galante J\u00fanior : <\/strong>Trompeta<br \/>\n<strong>Ebenezer Flor\u00eancio :<\/strong> Viol\u00edn<br \/>\n<strong>Eduardo Gomes :<\/strong> Trompa<br \/>\n<strong>Fabian Figueiredo : <\/strong>Viol\u00edn<br \/>\n<strong>F\u00e1bio Prado Medeiros : <\/strong>Trompa<br \/>\n<strong>Fabr\u00edcio Rodrigues :<\/strong> Violoncelo<br \/>\n<strong>Fl\u00e1vio Geraldini :<\/strong> Viol\u00edn<br \/>\n<strong>Fl\u00e1vio Meyer : <\/strong>Viol\u00edn<br \/>\n<strong>Gabriel Gorun :<\/strong> Viol\u00edn<br \/>\n<strong>G\u00ea C\u00f4rtes :<\/strong> Contrabajo<br \/>\n<strong>Gerson Galante :<\/strong> Saxo<br \/>\n<strong>Giuliano Rosas :<\/strong> Clarinete<br \/>\n<strong>Gl\u00e1ucia Vidal :<\/strong> Percusi\u00f3n Sinf\u00f4nica<br \/>\n<strong>Graziela Rodrigues :<\/strong> Viol\u00edn<br \/>\n<strong>Gustavo Lima : <\/strong>Clarinete<br \/>\n<strong>H\u00e9lio Ramiro :<\/strong> Trompeta<br \/>\n<strong>Iran Fortuna : <\/strong>Tromb\u00f3n<br \/>\n<strong>Ivan Daniel Decloedt :<\/strong> Contrabajo<br \/>\n<strong>Jana\u00edna Salles : <\/strong>Violoncelo<br \/>\n<strong>Joel de Souza : <\/strong>Violoncelo<br \/>\n<strong>John Walter Spindler :<\/strong> Viol\u00edn<br \/>\n<strong>J\u00falio Cerezo Ortiz :<\/strong> Violoncelo<br \/>\n<strong>Liu Man Ying :<\/strong> Viol\u00edn<br \/>\n<strong>L\u00facia Ramos : <\/strong>Viol\u00edn<br \/>\n<strong>Marcelo Ghelfi :<\/strong> Piano<br \/>\n<strong>Marcelo Soares : <\/strong>Viol\u00edn<br \/>\n<strong>Marco Ant\u00f4nio Delfino : <\/strong>Tuba<br \/>\n<strong>Marcos Arakaki : <\/strong>Violino<br \/>\n<strong>Marcos Mincov : <\/strong>Oboe<br \/>\n<strong>Marcos Soares Cunha :<\/strong> Viol\u00edn<br \/>\n<strong>Maria Vishnia Bouvet :<\/strong> Viol\u00edn<br \/>\n<strong>M\u00e1rio Andreotti :<\/strong> Contrabajo<br \/>\n<strong>Marisa Silveira : <\/strong>Violoncelo<br \/>\n<strong>Marta Maria Vidigal :<\/strong> Clarinete<br \/>\n<strong>Marta Ozzetti :<\/strong> Flauta<br \/>\n<strong>Maur\u00edcio de Souza :<\/strong> Saxo<br \/>\n<strong>Nadilson Martins Gama :<\/strong> Viol\u00edn<br \/>\n<strong>Nahor Gomes Oliveira :<\/strong> Trompeta<br \/>\n<strong>Newton Jos\u00e9 Galves : <\/strong>Viola de Arco<br \/>\n<strong>Patr\u00edcia Mendon\u00e7a Ribeiro :<\/strong> Violoncelo<br \/>\n<strong>Paula Veneziano Valente : <\/strong>Saxo<br \/>\n<strong>Renata Botti :<\/strong> Fagot<br \/>\n<strong>Renato Kutner : <\/strong>Viola de Arco<br \/>\n<strong>Ricardo Bem-Haja da Fonseca : <\/strong>Viol\u00edn<br \/>\n<strong>Roberto Alves Ara\u00fajo :<\/strong> Oboe<br \/>\n<strong>Rog\u00e9rio Bocatto :<\/strong> Percusi\u00f3n Sinf\u00f4nica<br \/>\n<strong>Ronaldo Ara\u00fajo Pacheco : <\/strong>Fagot<br \/>\n<strong>Rud\u00e1 Alves da Silva :<\/strong> Viol\u00edn<br \/>\n<strong>S\u00e9rgio Henrique de Freitas :<\/strong> Violoncelo<br \/>\n<strong>Settimo Paioletti :<\/strong> Trompeta<br \/>\n<strong>Sidney Borgani : <\/strong>Tromb\u00f3n<br \/>\n<strong>Tereza Catto :<\/strong> Violoncelo<br \/>\n<strong>Toniquinho (Ant\u00f4nio de Almeida) :<\/strong> Bateria<br \/>\n<strong>Ubaldo Versolato :<\/strong> Saxo<br \/>\n<strong>Uwe Kleber : <\/strong>Viol\u00edn<br \/>\n<strong>Vinicius Barros :<\/strong> Percusi\u00f3n<br \/>\n<strong>Wagner Rebou\u00e7as da Silva :<\/strong> Trompa<br \/>\n<strong>Walter Souza Cruz :<\/strong> Tromb\u00f3n<\/p>\n<p><strong>Tracklist:<\/strong><\/p>\n<p>01. Jobiniana<br \/>\n<em>(Cyro Pereira )<\/em><\/p>\n<p>02.As rosas de Noel<br \/>\n<em>(Cyro Pereyra)<\/em><\/p>\n<p>03. Aria de Bachianas Nro.5<br \/>\n<em>(H\u00e9itor Villa Lobos)<\/em><\/p>\n<p>04. Trenzinho do Caipira<br \/>\n<em>(H\u00e9itor Villa Lobos)<\/em><\/p>\n<p>05.Tarde em Itapo\u00e1<br \/>\n<em>(Toquinho \u2013 Vinicius de Moraes)<\/em><\/p>\n<p>06. Samba de Orly<br \/>\n<em>(Toquinho \u2013 Chico Buarque \u2013 Vinicius de Moraes)<\/em><\/p>\n<p>07. Eu sei que vou te amar \/ Onde anda voc\u00ea<br \/>\n<em>(Tom Jobim \u2013 Vinicius de Moraes \/ Hermano Silva \u2013 Vinicius de Moraes)<\/em><\/p>\n<p>08. O caderno<br \/>\n<em>(Toquinho \u2013 Mutinho)<\/em><\/p>\n<p>09. Regra tr\u00eas<br \/>\n<em>(Toquinho \u2013 Vinicius de Moraes)<\/em><\/p>\n<p>10. Aquarela<br \/>\n<em>(Toquinho &#8211;\u00a0 Vinicius de Moraes) <\/em><\/p>\n<p>***<\/p>\n<p><a href=\"http:\/\/www.megaupload.com\/?d=TN1SVYSG\">Aqu\u00ed<\/a><\/p>\n<p>***<\/p>\n","protected":false},"excerpt":{"rendered":"<p>Este disco\u00a0 naci\u00f3 de la idea de mostrar al p\u00fablico de Brasil un repertorio con algunas de las mejores composiciones de la m\u00fasica de ese pa\u00eds en la voz de Toquinho, acompa\u00f1ado por la Orquestra Jazz Sinf\u00f3nica do Estado de S\u00e2o Paulo. Fue grabado en vivo en 2002 en la Sala S\u00e2o Paulo, pero reci\u00e9n [&hellip;]<\/p>\n","protected":false},"author":5,"featured_media":0,"comment_status":"open","ping_status":"open","sticky":false,"template":"","format":"standard","meta":{"footnotes":""},"categories":[107],"tags":[12,159,46,23,220],"class_list":["post-3376","post","type-post","status-publish","format-standard","hentry","category-toquinho","tag-brasil","tag-instrumental","tag-jazz-fusion","tag-latino","tag-vocal"],"_links":{"self":[{"href":"https:\/\/pandc.10z.com.ar\/index.php?rest_route=\/wp\/v2\/posts\/3376","targetHints":{"allow":["GET"]}}],"collection":[{"href":"https:\/\/pandc.10z.com.ar\/index.php?rest_route=\/wp\/v2\/posts"}],"about":[{"href":"https:\/\/pandc.10z.com.ar\/index.php?rest_route=\/wp\/v2\/types\/post"}],"author":[{"embeddable":true,"href":"https:\/\/pandc.10z.com.ar\/index.php?rest_route=\/wp\/v2\/users\/5"}],"replies":[{"embeddable":true,"href":"https:\/\/pandc.10z.com.ar\/index.php?rest_route=%2Fwp%2Fv2%2Fcomments&post=3376"}],"version-history":[{"count":0,"href":"https:\/\/pandc.10z.com.ar\/index.php?rest_route=\/wp\/v2\/posts\/3376\/revisions"}],"wp:attachment":[{"href":"https:\/\/pandc.10z.com.ar\/index.php?rest_route=%2Fwp%2Fv2%2Fmedia&parent=3376"}],"wp:term":[{"taxonomy":"category","embeddable":true,"href":"https:\/\/pandc.10z.com.ar\/index.php?rest_route=%2Fwp%2Fv2%2Fcategories&post=3376"},{"taxonomy":"post_tag","embeddable":true,"href":"https:\/\/pandc.10z.com.ar\/index.php?rest_route=%2Fwp%2Fv2%2Ftags&post=3376"}],"curies":[{"name":"wp","href":"https:\/\/api.w.org\/{rel}","templated":true}]}}