{"id":3372,"date":"2010-11-09T14:12:22","date_gmt":"2010-11-09T16:12:22","guid":{"rendered":"http:\/\/pandc.10z.com.ar\/?p=3372"},"modified":"2010-11-09T20:59:20","modified_gmt":"2010-11-09T22:59:20","slug":"amelita-baltar-aastor-piazzolla-%e2%80%93-interpreta-a-astor-piazzolla-y-horacio-ferrer-1970","status":"publish","type":"post","link":"https:\/\/pandc.10z.com.ar\/?p=3372","title":{"rendered":"Amelita Baltar &#038; Astor Piazzolla \u2013 Interpreta a Astor Piazzolla y Horacio Ferrer (1970)"},"content":{"rendered":"<p style=\"text-align: center;\"><a href=\"https:\/\/pandc.10z.com.ar\/wp-content\/img\/baltarfront.jpg\" target=\"_blank\"><img loading=\"lazy\" decoding=\"async\" class=\"aligncenter\" src=\"https:\/\/pandc.10z.com.ar\/wp-content\/img\/baltarfront.jpg\" alt=\"\" width=\"400\" height=\"400\" \/><\/a><\/p>\n<p style=\"text-align: center;\"><a href=\"https:\/\/pandc.10z.com.ar\/wp-content\/img\/baltarback.jpg\" target=\"_blank\"><img loading=\"lazy\" decoding=\"async\" class=\"aligncenter\" src=\"https:\/\/pandc.10z.com.ar\/wp-content\/img\/baltarback.jpg\" alt=\"\" width=\"400\" height=\"330\" \/><\/a><\/p>\n<p style=\"text-align: center;\"><a href=\" https:\/\/pandc.10z.com.ar\/wp-content\/img\/baltarcd.jpg\" target=\"_blank\"><img loading=\"lazy\" decoding=\"async\" class=\"aligncenter\" src=\" https:\/\/pandc.10z.com.ar\/wp-content\/img\/baltarcd.jpg\" alt=\"\" width=\"400\" height=\"400\" \/><\/a><\/p>\n<p style=\"text-align: left;\"><strong>Mar\u00eda Amelia Baltar<\/strong>, conocida como <strong>Amelita Baltar<\/strong>, (Buenos Aires, 24 de septiembre de 1940) se destaca por su original voz y el talento dram\u00e1tico que se manifiesta en sus interpretaciones. Su primer disco como solista en 1968, la lleva a obtener el premio revelaci\u00f3n en el <em>\u00abFestival nacional del disco\u00bb<\/em> realizado en Mar del Plata, Argentina. En ese mismo a\u00f1o es escuchada por <strong>Astor Piazzolla<\/strong> quien la invita a protagonizar su obra <em>\u00abMar\u00eda de Buenos Aires\u00bb <\/em>compuesta junto a <strong>Horacio Ferrer<\/strong>. Esta obra llevada al disco, fue el comienzo de una larga y fruct\u00edfera uni\u00f3n. <strong>Piazzolla y Ferrer <\/strong>encuentran en ella la int\u00e9rprete ideal y llega a estrenar m\u00e1s de 30 obras escritas por ellos marcando una \u00e9poca hist\u00f3rica de la m\u00fasica popular Argentina llegando a su culminaci\u00f3n con <em>\u00abBalada para un loco\u00bb<\/em>. Amelita se convierte en la musa, int\u00e9rprete y c\u00f3mplice de <strong>Piazzolla<\/strong>, adem\u00e1s de haber sido tambi\u00e9n su esposa durante varios a\u00f1os.<\/p>\n<p>Es en 1968 cuando <strong>Piazzolla<\/strong> inicia su extensa labor con el poeta <strong>Horacio Ferrer<\/strong>, comenzando una nueva experiencia: el tango canci\u00f3n. En 1969, junto a <strong>Ferrer<\/strong> compone <em>\u00abBalada para un loco\u00bb<\/em>, presentada en el primer <em>Festival Iberoamericano de la Canci\u00f3n<\/em>, donde se le concede un pol\u00e9mico segundo premio. Esta obra result\u00f3 su primer impacto realmente popular, estrenada por <strong>Amelita Baltar<\/strong> con el propio <strong>Piazzolla <\/strong>en la direcci\u00f3n de la orquesta.<\/p>\n<p>Este \u00e1lbum que aqu\u00ed presentamos (iniciativa de nuestro c\u00f3mplice <em>Christian<\/em>) se edit\u00f3 en 1970, pero no fue pensado como tal, sino que es una recopilaci\u00f3n de los simples editados previamente (en 1968 y 1969), de las composiciones de <strong>Piazzolla-Ferrer<\/strong> interpretadas por <strong>Amelita Baltar<\/strong>. La reedici\u00f3n en CD, que data de 1997, incorporan adem\u00e1s como <em>\u201cbonus tracks\u201d<\/em> dos versiones a cargo del popular cantor de tangos <strong>Roberto Goyeneche<\/strong>, tambi\u00e9n realizadas en 1969.<\/p>\n<p><strong>M\u00fasicos:<\/strong><\/p>\n<p><strong>Astor Piazzolla:<\/strong> arreglos, direcci\u00f3n y bandone\u00f3n<br \/>\n<strong>Amelita Baltar: <\/strong>voz<br \/>\n<strong>Antonio Agri: <\/strong>viol\u00edn<br \/>\n<strong>Oscar L\u00f3pez Ruiz:<\/strong> guitarra<br \/>\n<strong>Kicho D\u00edaz: <\/strong>guitarra<br \/>\n<strong>Roberto Goyeneche: <\/strong>voz en los tracks 8 y 9 (bonus tracks)<\/p>\n<p>***<\/p>\n<p><a href=\"http:\/\/www.megaupload.com\/?d=9OL12G64\"><strong>Aqu\u00ed<\/strong><\/a><\/p>\n<p><a href=\"http:\/\/www.megaupload.com\/?d=XR77T17X\"><strong>Aqu\u00ed<\/strong><\/a><\/p>\n<p>***<\/p>\n","protected":false},"excerpt":{"rendered":"<p>Mar\u00eda Amelia Baltar, conocida como Amelita Baltar, (Buenos Aires, 24 de septiembre de 1940) se destaca por su original voz y el talento dram\u00e1tico que se manifiesta en sus interpretaciones. Su primer disco como solista en 1968, la lleva a obtener el premio revelaci\u00f3n en el \u00abFestival nacional del disco\u00bb realizado en Mar del Plata, [&hellip;]<\/p>\n","protected":false},"author":5,"featured_media":0,"comment_status":"open","ping_status":"open","sticky":false,"template":"","format":"standard","meta":{"footnotes":""},"categories":[401,31],"tags":[389,15,220],"class_list":["post-3372","post","type-post","status-publish","format-standard","hentry","category-amelita-baltar","category-astor-piazzolla","tag-argentina","tag-tango","tag-vocal"],"_links":{"self":[{"href":"https:\/\/pandc.10z.com.ar\/index.php?rest_route=\/wp\/v2\/posts\/3372","targetHints":{"allow":["GET"]}}],"collection":[{"href":"https:\/\/pandc.10z.com.ar\/index.php?rest_route=\/wp\/v2\/posts"}],"about":[{"href":"https:\/\/pandc.10z.com.ar\/index.php?rest_route=\/wp\/v2\/types\/post"}],"author":[{"embeddable":true,"href":"https:\/\/pandc.10z.com.ar\/index.php?rest_route=\/wp\/v2\/users\/5"}],"replies":[{"embeddable":true,"href":"https:\/\/pandc.10z.com.ar\/index.php?rest_route=%2Fwp%2Fv2%2Fcomments&post=3372"}],"version-history":[{"count":0,"href":"https:\/\/pandc.10z.com.ar\/index.php?rest_route=\/wp\/v2\/posts\/3372\/revisions"}],"wp:attachment":[{"href":"https:\/\/pandc.10z.com.ar\/index.php?rest_route=%2Fwp%2Fv2%2Fmedia&parent=3372"}],"wp:term":[{"taxonomy":"category","embeddable":true,"href":"https:\/\/pandc.10z.com.ar\/index.php?rest_route=%2Fwp%2Fv2%2Fcategories&post=3372"},{"taxonomy":"post_tag","embeddable":true,"href":"https:\/\/pandc.10z.com.ar\/index.php?rest_route=%2Fwp%2Fv2%2Ftags&post=3372"}],"curies":[{"name":"wp","href":"https:\/\/api.w.org\/{rel}","templated":true}]}}