{"id":3363,"date":"2010-11-05T11:36:56","date_gmt":"2010-11-05T13:36:56","guid":{"rendered":"http:\/\/pandc.10z.com.ar\/?p=3363"},"modified":"2010-11-05T11:36:56","modified_gmt":"2010-11-05T13:36:56","slug":"maria-bethania-ao-vivo-1995","status":"publish","type":"post","link":"https:\/\/pandc.10z.com.ar\/?p=3363","title":{"rendered":"Maria Beth\u00e2nia &#8211; Ao Vivo (1995)"},"content":{"rendered":"<p style=\"text-align: center;\"><a href=\"https:\/\/pandc.10z.com.ar\/wp-content\/img\/canecaofront.jpg\" target=\"_blank\"><img loading=\"lazy\" decoding=\"async\" class=\"aligncenter\" src=\"https:\/\/pandc.10z.com.ar\/wp-content\/img\/canecaofront.jpg\" alt=\"\" width=\"400\" height=\"400\" \/><\/a><\/p>\n<p style=\"text-align: center;\"><a href=\"https:\/\/pandc.10z.com.ar\/wp-content\/img\/canecaoinside.jpg\" target=\"_blank\"><img loading=\"lazy\" decoding=\"async\" class=\"aligncenter\" src=\"https:\/\/pandc.10z.com.ar\/wp-content\/img\/canecaoinside.jpg\" alt=\"\" width=\"400\" height=\"400\" \/><\/a><\/p>\n<p style=\"text-align: center;\"><a href=\"https:\/\/pandc.10z.com.ar\/wp-content\/img\/canecaoback.jpg\" target=\"_blank\"><img loading=\"lazy\" decoding=\"async\" class=\"aligncenter\" src=\"https:\/\/pandc.10z.com.ar\/wp-content\/img\/canecaoback.jpg\" alt=\"\" width=\"400\" height=\"330\" \/><\/a><\/p>\n<p style=\"text-align: left;\">Este es el \u00faltimo \u00e1lbum de Mar\u00eda Bethania para el sello Polygram, y refleja los mejores momentos del espect\u00e1culo que naci\u00f3 a partir del disco <em>\u201cAs can\u00e7\u00f5es que voc\u00ea fez pra mim\u201d<\/em>, con canciones de Roberto y Erasmo Carlos, que fuera estrenado en marzo de 1994 en el <em>Canec\u00e2o<\/em> de R\u00edo de Janeiro. Entremezclados, varios de sus \u00e9xitos y temas que no hab\u00edan sido grabados con anterioridad, como <em>\u201cGenipapo absoluto\u201d<\/em>, de Caetano Veloso, o <em>\u201cB\u00e1rbara\u201d<\/em> y <em>\u201cMar e Lua\u201d<\/em>, ambas de Chico Buarque. El detalle de m\u00fasicos y autores est\u00e1 inclu\u00eddo en el completo artwork inclu\u00eddo en el archivo.<\/p>\n<p>***<\/p>\n<p><a href=\"http:\/\/www.megaupload.com\/?d=VZMXR1CL\"><strong>Aqu\u00ed<\/strong><\/a><\/p>\n<p><a href=\"http:\/\/www.megaupload.com\/?d=A7AHTCAZ\"><strong>Aqu\u00ed<\/strong><\/a><\/p>\n<p>***<\/p>\n","protected":false},"excerpt":{"rendered":"<p>Este es el \u00faltimo \u00e1lbum de Mar\u00eda Bethania para el sello Polygram, y refleja los mejores momentos del espect\u00e1culo que naci\u00f3 a partir del disco \u201cAs can\u00e7\u00f5es que voc\u00ea fez pra mim\u201d, con canciones de Roberto y Erasmo Carlos, que fuera estrenado en marzo de 1994 en el Canec\u00e2o de R\u00edo de Janeiro. Entremezclados, varios [&hellip;]<\/p>\n","protected":false},"author":5,"featured_media":0,"comment_status":"open","ping_status":"open","sticky":false,"template":"","format":"standard","meta":{"footnotes":""},"categories":[59],"tags":[12],"class_list":["post-3363","post","type-post","status-publish","format-standard","hentry","category-maria-bethania","tag-brasil"],"_links":{"self":[{"href":"https:\/\/pandc.10z.com.ar\/index.php?rest_route=\/wp\/v2\/posts\/3363","targetHints":{"allow":["GET"]}}],"collection":[{"href":"https:\/\/pandc.10z.com.ar\/index.php?rest_route=\/wp\/v2\/posts"}],"about":[{"href":"https:\/\/pandc.10z.com.ar\/index.php?rest_route=\/wp\/v2\/types\/post"}],"author":[{"embeddable":true,"href":"https:\/\/pandc.10z.com.ar\/index.php?rest_route=\/wp\/v2\/users\/5"}],"replies":[{"embeddable":true,"href":"https:\/\/pandc.10z.com.ar\/index.php?rest_route=%2Fwp%2Fv2%2Fcomments&post=3363"}],"version-history":[{"count":0,"href":"https:\/\/pandc.10z.com.ar\/index.php?rest_route=\/wp\/v2\/posts\/3363\/revisions"}],"wp:attachment":[{"href":"https:\/\/pandc.10z.com.ar\/index.php?rest_route=%2Fwp%2Fv2%2Fmedia&parent=3363"}],"wp:term":[{"taxonomy":"category","embeddable":true,"href":"https:\/\/pandc.10z.com.ar\/index.php?rest_route=%2Fwp%2Fv2%2Fcategories&post=3363"},{"taxonomy":"post_tag","embeddable":true,"href":"https:\/\/pandc.10z.com.ar\/index.php?rest_route=%2Fwp%2Fv2%2Ftags&post=3363"}],"curies":[{"name":"wp","href":"https:\/\/api.w.org\/{rel}","templated":true}]}}