{"id":3321,"date":"2018-08-08T11:55:09","date_gmt":"2018-08-08T14:55:09","guid":{"rendered":"http:\/\/pandc.10z.com.ar\/?p=3321"},"modified":"2018-08-09T02:26:12","modified_gmt":"2018-08-09T05:26:12","slug":"caetano-veloso-fina-estampa-ao-vivo-1995","status":"publish","type":"post","link":"https:\/\/pandc.10z.com.ar\/?p=3321","title":{"rendered":"Caetano Veloso &#8211; Fina Estampa Ao Vivo (1995)"},"content":{"rendered":"<p style=\"text-align: center;\"><a href=\"https:\/\/pandc.10z.com.ar\/wp-content\/img\/estampavivofront.jpg\" target=\"_blank\"><img loading=\"lazy\" decoding=\"async\" class=\"aligncenter\" src=\"https:\/\/pandc.10z.com.ar\/wp-content\/img\/estampavivofront.jpg\" alt=\"\" width=\"400\" height=\"400\" \/><\/a><\/p>\n<p style=\"text-align: center;\"><a href=\"https:\/\/pandc.10z.com.ar\/wp-content\/img\/estampavivoinlay.jpg\" target=\"_blank\"><img loading=\"lazy\" decoding=\"async\" class=\"aligncenter\" src=\"https:\/\/pandc.10z.com.ar\/wp-content\/img\/estampavivoinlay.jpg\" alt=\"\" width=\"400\" height=\"400\" \/><\/a><\/p>\n<p style=\"text-align: center;\"><a href=\"https:\/\/pandc.10z.com.ar\/wp-content\/img\/estampavivoback.jpg\" target=\"_blank\"><img loading=\"lazy\" decoding=\"async\" class=\"aligncenter\" src=\"https:\/\/pandc.10z.com.ar\/wp-content\/img\/estampavivoback.jpg\" alt=\"\" width=\"400\" height=\"330\" \/><\/a><\/p>\n<p style=\"text-align: left;\">Este disco fue grabado en vivo en San Pablo y Rio de Janeiro, despu\u00e9s de haber realizado varias presentaciones y mezclando, en el resultado final, diferentes fechas. La base del repertorio es el disco de estudio, m\u00e1s algunos grandes \u00e9xitos del propio <strong>Caetano<\/strong> y otros autores. Quiero destacar <em>\u201cL\u00e1bios que beijei\u201d<\/em>, con un clima y una interpretaci\u00f3n magistrales. Y el \u00faltimo track, <em>\u201cTonada de luna llena\u201d<\/em>, del venezolano Sim\u00f3n D\u00edaz: <strong>Caetano Veloso<\/strong> la canta <em>\u201ca capella\u201d<\/em>, y puede sentirse la respiraci\u00f3n de la audiencia y vale de por s\u00ed solo no s\u00f3lo este disco, sino tambi\u00e9n el de estudio. Imposible no emocionarse escuch\u00e1ndo esa maravilla.<\/p>\n<p><strong>M\u00fasicos:<\/strong><\/p>\n<p><strong>Caetano Veloso:<\/strong> guitarra, voz<br \/>\n<strong>Luiz Brasil:<\/strong> viol\u00f3n, guitarra y bandolim<br \/>\n<strong>Jaques Morelenbaum: <\/strong>cello<br \/>\n<strong>Zeca Assump\u00e7\u00e3o: <\/strong>contrabajo<br \/>\n<strong>Marcelo Costa: <\/strong>bateria y percusi\u00f3n<br \/>\n<strong>Jota Moraes:<\/strong> piano<br \/>\n<strong>Mingo Ara\u00fajo: <\/strong>percusi\u00f3n<br \/>\n<strong>Andrea Dias:<\/strong> flautas<br \/>\n<strong>Lucia Morelembaum: <\/strong>clarinete<\/p>\n<p><strong>Tracklist:<\/strong><\/p>\n<p>01. O samba e o tango<br \/>\n<em>(Amado Regis)<\/em><br \/>\n02. Lamento Borincano<br \/>\n<em>(Rafael Hern\u00e1ndez)<\/em><br \/>\n03. Fina estampa<br \/>\n<em>(Chabuca Granda)<\/em><br \/>\n04. Cucurrucuc\u00fa Paloma<br \/>\n<em>(Tom\u00e1s Mendez)<\/em><br \/>\n05. Haiti<br \/>\n<em>(Gilberto Gil \u2013 Caetano Veloso)<\/em><br \/>\n06. Can\u00e7\u00e3o de amor<br \/>\n<em>(Chocolate \u2013 Elano de Paula)<\/em><br \/>\n07. Suas m\u00e3os<br \/>\n<em>(Pernambuco \u2013 Antonio Maria)<\/em><br \/>\n08. L\u00e1bios que beijei<br \/>\n<em>(Alvaro Nunes \u2013 Leonel Azevedo)<\/em><br \/>\n09. Voc\u00ea esteve com meu bem?<br \/>\n<em>(Joao Gilberto \u2013 Antonio Mart\u00ednez)<\/em><br \/>\n10. Vete de m\u00ed<br \/>\n<em>(Virgilio y Homero Exp\u00f3sito)<\/em><br \/>\n11. La barca<br \/>\n<em>(Roberto Cantoral)<\/em><br \/>\n12. Ay, amor!<br \/>\n<em>(Ignacio Villa)<\/em><br \/>\n13. Pulsar<br \/>\n<em>(Caetano Veloso \u2013 Augusto de Campos)<\/em><br \/>\n14. Contigo en la distancia<br \/>\n<em>(C\u00e9sar Portillo de la Luz)<\/em><br \/>\n15. Itapu\u00e3<br \/>\n<em>(Caetano Veloso)<\/em><br \/>\n16. Soy loco por ti, Am\u00e9rica<br \/>\n<em>(Gilberto Gil \u2013 Capinam)<\/em><br \/>\n17. Tonada de luna llena<br \/>\n<em>(Sim\u00f3n Diaz)<\/em><\/p>\n<p>***<\/p>\n<p><a href=\"https:\/\/yadi.sk\/d\/RbUVtt5k3a464f\" target=\"_blank\"><strong>Descarga directa<\/strong><\/a><\/p>\n<p>***<\/p>\n","protected":false},"excerpt":{"rendered":"<p>Este disco fue grabado en vivo en San Pablo y Rio de Janeiro, despu\u00e9s de haber realizado varias presentaciones y mezclando, en el resultado final, diferentes fechas. La base del repertorio es el disco de estudio, m\u00e1s algunos grandes \u00e9xitos del propio Caetano y otros autores. Quiero destacar \u201cL\u00e1bios que beijei\u201d, con un clima y [&hellip;]<\/p>\n","protected":false},"author":5,"featured_media":0,"comment_status":"open","ping_status":"open","sticky":false,"template":"","format":"standard","meta":{"footnotes":""},"categories":[13],"tags":[12,23],"class_list":["post-3321","post","type-post","status-publish","format-standard","hentry","category-caetano-veloso","tag-brasil","tag-latino"],"_links":{"self":[{"href":"https:\/\/pandc.10z.com.ar\/index.php?rest_route=\/wp\/v2\/posts\/3321","targetHints":{"allow":["GET"]}}],"collection":[{"href":"https:\/\/pandc.10z.com.ar\/index.php?rest_route=\/wp\/v2\/posts"}],"about":[{"href":"https:\/\/pandc.10z.com.ar\/index.php?rest_route=\/wp\/v2\/types\/post"}],"author":[{"embeddable":true,"href":"https:\/\/pandc.10z.com.ar\/index.php?rest_route=\/wp\/v2\/users\/5"}],"replies":[{"embeddable":true,"href":"https:\/\/pandc.10z.com.ar\/index.php?rest_route=%2Fwp%2Fv2%2Fcomments&post=3321"}],"version-history":[{"count":0,"href":"https:\/\/pandc.10z.com.ar\/index.php?rest_route=\/wp\/v2\/posts\/3321\/revisions"}],"wp:attachment":[{"href":"https:\/\/pandc.10z.com.ar\/index.php?rest_route=%2Fwp%2Fv2%2Fmedia&parent=3321"}],"wp:term":[{"taxonomy":"category","embeddable":true,"href":"https:\/\/pandc.10z.com.ar\/index.php?rest_route=%2Fwp%2Fv2%2Fcategories&post=3321"},{"taxonomy":"post_tag","embeddable":true,"href":"https:\/\/pandc.10z.com.ar\/index.php?rest_route=%2Fwp%2Fv2%2Ftags&post=3321"}],"curies":[{"name":"wp","href":"https:\/\/api.w.org\/{rel}","templated":true}]}}