{"id":3315,"date":"2018-08-08T05:48:04","date_gmt":"2018-08-08T08:48:04","guid":{"rendered":"http:\/\/pandc.10z.com.ar\/?p=3315"},"modified":"2018-08-09T02:28:50","modified_gmt":"2018-08-09T05:28:50","slug":"caetano-veloso-gilberto-gil-tropicalia-2-1993","status":"publish","type":"post","link":"https:\/\/pandc.10z.com.ar\/?p=3315","title":{"rendered":"Caetano Veloso &#038; Gilberto Gil &#8211; Tropic\u00e1lia 2 (1993)"},"content":{"rendered":"<p style=\"text-align: center;\"><a href=\"https:\/\/pandc.10z.com.ar\/wp-content\/img\/Tropicalia2front.jpg\" target=\"_blank\"><img loading=\"lazy\" decoding=\"async\" class=\"aligncenter\" src=\"https:\/\/pandc.10z.com.ar\/wp-content\/img\/Tropicalia2front.jpg\" alt=\"\" width=\"400\" height=\"400\" \/><\/a><\/p>\n<p style=\"text-align: center;\"><a href=\"https:\/\/pandc.10z.com.ar\/wp-content\/img\/Tropicalia2inside.jpg\" target=\"_blank\"><img loading=\"lazy\" decoding=\"async\" class=\"aligncenter\" src=\"https:\/\/pandc.10z.com.ar\/wp-content\/img\/Tropicalia2inside.jpg\" alt=\"\" width=\"400\" height=\"400\" \/><\/a><\/p>\n<p style=\"text-align: center;\"><a href=\"https:\/\/pandc.10z.com.ar\/wp-content\/img\/Tropicalia2back.jpg\" target=\"_blank\"><img loading=\"lazy\" decoding=\"async\" class=\"aligncenter\" src=\"https:\/\/pandc.10z.com.ar\/wp-content\/img\/Tropicalia2back.jpg\" alt=\"\" width=\"400\" height=\"330\" \/><\/a><\/p>\n<p style=\"text-align: left;\">Una vez mas estos dos gigantes de Brasil se unieron en 1993 para realizar este magn\u00edfico trabajo, combinando sus composiciones y su talento como int\u00e9rpretes.\u00a0 Con letras sobre la situaci\u00f3n\u00a0 internacional, abre con<em> \u00abHait\u00ed\u00bb<\/em> que criticaba la pol\u00edtica de entonces de Itamar, pero que sirve como pintura social de varios pa\u00edses de latinoam\u00e9rica; <em>\u201cWait until tomorrow\u201d<\/em>, brillante versi\u00f3n de Jimi Hendrix; <em>\u201cAs coisas\u201d<\/em>, un track que roza el rock progresivo compuesto por <em>Gil y Arnaldo Antunes<\/em>. Y la poes\u00eda reunida con la m\u00fasica en una faena dif\u00edcil de igualar en <em>\u201cDesde que o samba e o samba\u201d<\/em>.\u00a0 Un disco que apuntaba para las nuevas fronteras de relectura del samba y la m\u00fasica popular.<\/p>\n<p style=\"text-align: left;\"><strong>M\u00fasicos:<\/strong><br \/>\n<strong><br \/>\nCaetano Veloso: <\/strong>voz, guitarra<br \/>\n<strong>Gilberto Gil:<\/strong> voz, guitarra<br \/>\n<strong>Liminha: <\/strong>Teclados, guitarra, bajo el\u00e9ctrico, programaci\u00f3n.<br \/>\n<strong>Moreno Veloso: <\/strong>Violoncelo<br \/>\n<strong>Aizik Meilach Geller: <\/strong>Viol\u00edn<br \/>\n<strong>Alceu de Almeida Reis:<\/strong> Violoncelo<br \/>\n<strong>Alfredo Vidal:<\/strong> Viol\u00edn<br \/>\n<strong>Arlindo Figueiredo Penteado: <\/strong>Viola de Arco<br \/>\n<strong>Armando Mar\u00e7al: <\/strong>Tamborim<br \/>\n<strong>Bernardo Bessler: <\/strong>Viol\u00edn<br \/>\n<strong>Beterlau : <\/strong>Agog\u00f4<br \/>\n<strong>Horondino Reis da Silva: <\/strong>Bajo El\u00e9ctrico<br \/>\n<strong>Frederick Stephany: <\/strong>Viola de Arco<br \/>\n<strong>Giancarlo Pareschi: <\/strong>Viol\u00edn<br \/>\n<strong>Hindemburgo Borges Pereira: <\/strong>Viola de Arco<br \/>\n<strong>Jesu\u00edna Noronha Passaroto:<\/strong> Viola de Arco<br \/>\n<strong>Jo\u00e3o Daltro de Almeida: <\/strong>Viol\u00edn<br \/>\n<strong>Jo\u00e3o Jer\u00f4nimo de Menezes Filho: <\/strong>Viol\u00edn<br \/>\n<strong>Jorge Faini:<\/strong> Viol\u00edn<br \/>\n<strong>Jorge Kundert Ranevsky: <\/strong>Violoncelo<br \/>\n<strong>Jos\u00e9 Alves da Silva:<\/strong> Viol\u00edn<br \/>\n<strong>Luiz Fernando Zamith:<\/strong> Violoncelo<br \/>\n<strong>Luna: <\/strong>Surdo<br \/>\n<strong>Marcelo Pompeo:<\/strong> Viol\u00edn<br \/>\n<strong>M\u00e1rcio Eymard Mallard:<\/strong> Violoncelo<br \/>\n<strong>Marie Christine Springuel:<\/strong> Viol\u00edn<br \/>\n<strong>Michel Bessler: <\/strong>Viol\u00edn<br \/>\n<strong>Paschoal Perrota: <\/strong>Viol\u00edn<br \/>\n<strong>Wilson das Neves:<\/strong> Bateria<br \/>\n<strong>Zizinho: <\/strong>Pandeiro<\/p>\n<p style=\"text-align: left;\">\n<p>***********<\/p>\n<p><a href=\"https:\/\/yadi.sk\/d\/COPm8X6o3a46Uy\" target=\"_blank\"><strong>Descarga directa<\/strong><\/a><\/p>\n<p>***********<\/p>\n","protected":false},"excerpt":{"rendered":"<p>Una vez mas estos dos gigantes de Brasil se unieron en 1993 para realizar este magn\u00edfico trabajo, combinando sus composiciones y su talento como int\u00e9rpretes.\u00a0 Con letras sobre la situaci\u00f3n\u00a0 internacional, abre con \u00abHait\u00ed\u00bb que criticaba la pol\u00edtica de entonces de Itamar, pero que sirve como pintura social de varios pa\u00edses de latinoam\u00e9rica; \u201cWait until [&hellip;]<\/p>\n","protected":false},"author":5,"featured_media":0,"comment_status":"open","ping_status":"open","sticky":false,"template":"","format":"standard","meta":{"footnotes":""},"categories":[13,329],"tags":[12],"class_list":["post-3315","post","type-post","status-publish","format-standard","hentry","category-caetano-veloso","category-gilberto-gil","tag-brasil"],"_links":{"self":[{"href":"https:\/\/pandc.10z.com.ar\/index.php?rest_route=\/wp\/v2\/posts\/3315","targetHints":{"allow":["GET"]}}],"collection":[{"href":"https:\/\/pandc.10z.com.ar\/index.php?rest_route=\/wp\/v2\/posts"}],"about":[{"href":"https:\/\/pandc.10z.com.ar\/index.php?rest_route=\/wp\/v2\/types\/post"}],"author":[{"embeddable":true,"href":"https:\/\/pandc.10z.com.ar\/index.php?rest_route=\/wp\/v2\/users\/5"}],"replies":[{"embeddable":true,"href":"https:\/\/pandc.10z.com.ar\/index.php?rest_route=%2Fwp%2Fv2%2Fcomments&post=3315"}],"version-history":[{"count":0,"href":"https:\/\/pandc.10z.com.ar\/index.php?rest_route=\/wp\/v2\/posts\/3315\/revisions"}],"wp:attachment":[{"href":"https:\/\/pandc.10z.com.ar\/index.php?rest_route=%2Fwp%2Fv2%2Fmedia&parent=3315"}],"wp:term":[{"taxonomy":"category","embeddable":true,"href":"https:\/\/pandc.10z.com.ar\/index.php?rest_route=%2Fwp%2Fv2%2Fcategories&post=3315"},{"taxonomy":"post_tag","embeddable":true,"href":"https:\/\/pandc.10z.com.ar\/index.php?rest_route=%2Fwp%2Fv2%2Ftags&post=3315"}],"curies":[{"name":"wp","href":"https:\/\/api.w.org\/{rel}","templated":true}]}}