{"id":3289,"date":"2010-10-14T11:28:34","date_gmt":"2010-10-14T14:28:34","guid":{"rendered":"http:\/\/pandc.10z.com.ar\/?p=3289"},"modified":"2010-10-14T11:28:34","modified_gmt":"2010-10-14T14:28:34","slug":"al-di-meola-john-mclaughlin-paco-de-lucia-friday-night-in-san-francisco-1981","status":"publish","type":"post","link":"https:\/\/pandc.10z.com.ar\/?p=3289","title":{"rendered":"Al Di Meola \/ John McLaughlin \/ Paco de Luc\u00eda &#8211; Friday Night in San Francisco (1981)"},"content":{"rendered":"<p style=\"text-align: center;\"><a href=\"https:\/\/pandc.10z.com.ar\/wp-content\/img\/viernesfront.jpg\" target=\"_blank\"><img loading=\"lazy\" decoding=\"async\" class=\"aligncenter\" src=\"https:\/\/pandc.10z.com.ar\/wp-content\/img\/viernesfront.jpg\" alt=\"\" width=\"400\" height=\"400\" \/><\/a><\/p>\n<p style=\"text-align: center;\"><a href=\"https:\/\/pandc.10z.com.ar\/wp-content\/img\/viernesback.jpg\" target=\"_blank\"><img loading=\"lazy\" decoding=\"async\" class=\"aligncenter\" src=\"https:\/\/pandc.10z.com.ar\/wp-content\/img\/viernesback.jpg\" alt=\"\" width=\"400\" height=\"330\" \/><\/a><\/p>\n<p style=\"text-align: center;\"><a href=\"https:\/\/pandc.10z.com.ar\/wp-content\/img\/viernescd.jpg\" target=\"_blank\"><img loading=\"lazy\" decoding=\"async\" class=\"aligncenter\" src=\"https:\/\/pandc.10z.com.ar\/wp-content\/img\/viernescd.jpg\" alt=\"\" width=\"400\" height=\"400\" \/><\/a><\/p>\n<p style=\"text-align: left;\"><em>Friday Night In San Francisco<\/em> es un \u00e1lbum que seguramente la mayor\u00eda de ustedes conocen. Fue grabado por el genial tr\u00edo de guitarras formado por <strong>Al Di Meola, John McLaughlin y Paco de Luc\u00eda<\/strong>, en San Francisco el viernes 5 de diciembre de 1980 en el <em>Warfield Theatre<\/em>, excepto <em>\u201cAngel de la guardia\u201d<\/em>, registrado en los estudios <em>Minot Sound <\/em>de Nueva York.<\/p>\n<p>Es, a mi gusto, un disco fabuloso que merec\u00eda estar en <strong>P&amp;C<\/strong>, y que sigue siendo una obra maestra a pesar de los treinta a\u00f1os transcurridos. <strong>Al Di Meola <\/strong>toca guitarra electro ac\u00fastica, lo mismo que <strong>McLaughlin<\/strong>, y <strong>Paco De Luc\u00eda<\/strong> introduce su guitarra flamenca, interpretando temas propios, e incluso <em>\u201cShort tales\u2026\u201d<\/em>, de <strong>Chick Corea<\/strong> y<em> \u201cFrevo rasgado\u201d<\/em> del brasile\u00f1o <strong>Egberto Gismonti. <\/strong><\/p>\n<p><strong>Tracklist:<\/strong><\/p>\n<p><strong>01. Mediterranean Sundance<\/strong><br \/>\nPaco de Lucia (canal izquierdo) y Al Di Meola (canal derecho)<\/p>\n<p><strong>02. Short Tales of the Black Forest<\/strong><br \/>\nJohn McLaughlin (canal izquierdo) y Al Di Meola (canal derecho)<\/p>\n<p><strong>03. Frevo Rasgado<\/strong><br \/>\nJohn McLaughin (canal izquierdo) y Paco de Lucia (canal derecho)<\/p>\n<p><strong>04. Fantas\u00eda Suite<\/strong><br \/>\nPaco de Lucia (canal izquierdo), John McLaughlin (canal centro) y Al Di Meola (canal derecho)<\/p>\n<p><strong>05. Guardian Angel<\/strong><br \/>\nPaco de Lucia (canal izquierdo), John McLaughlin (canal centro) y Al Di Meola (canal derecho)<\/p>\n<p>***<\/p>\n<p><a href=\"http:\/\/www.megaupload.com\/?d=KTZPV87U\"><strong>Aqu\u00ed<\/strong><\/a><\/p>\n<p>***<\/p>\n","protected":false},"excerpt":{"rendered":"<p>Friday Night In San Francisco es un \u00e1lbum que seguramente la mayor\u00eda de ustedes conocen. Fue grabado por el genial tr\u00edo de guitarras formado por Al Di Meola, John McLaughlin y Paco de Luc\u00eda, en San Francisco el viernes 5 de diciembre de 1980 en el Warfield Theatre, excepto \u201cAngel de la guardia\u201d, registrado en [&hellip;]<\/p>\n","protected":false},"author":5,"featured_media":0,"comment_status":"open","ping_status":"open","sticky":false,"template":"","format":"standard","meta":{"footnotes":""},"categories":[30,394,149],"tags":[159,46,23],"class_list":["post-3289","post","type-post","status-publish","format-standard","hentry","category-al-di-meola","category-john-mclaughlin","category-paco-de-lucia","tag-instrumental","tag-jazz-fusion","tag-latino"],"_links":{"self":[{"href":"https:\/\/pandc.10z.com.ar\/index.php?rest_route=\/wp\/v2\/posts\/3289","targetHints":{"allow":["GET"]}}],"collection":[{"href":"https:\/\/pandc.10z.com.ar\/index.php?rest_route=\/wp\/v2\/posts"}],"about":[{"href":"https:\/\/pandc.10z.com.ar\/index.php?rest_route=\/wp\/v2\/types\/post"}],"author":[{"embeddable":true,"href":"https:\/\/pandc.10z.com.ar\/index.php?rest_route=\/wp\/v2\/users\/5"}],"replies":[{"embeddable":true,"href":"https:\/\/pandc.10z.com.ar\/index.php?rest_route=%2Fwp%2Fv2%2Fcomments&post=3289"}],"version-history":[{"count":0,"href":"https:\/\/pandc.10z.com.ar\/index.php?rest_route=\/wp\/v2\/posts\/3289\/revisions"}],"wp:attachment":[{"href":"https:\/\/pandc.10z.com.ar\/index.php?rest_route=%2Fwp%2Fv2%2Fmedia&parent=3289"}],"wp:term":[{"taxonomy":"category","embeddable":true,"href":"https:\/\/pandc.10z.com.ar\/index.php?rest_route=%2Fwp%2Fv2%2Fcategories&post=3289"},{"taxonomy":"post_tag","embeddable":true,"href":"https:\/\/pandc.10z.com.ar\/index.php?rest_route=%2Fwp%2Fv2%2Ftags&post=3289"}],"curies":[{"name":"wp","href":"https:\/\/api.w.org\/{rel}","templated":true}]}}