{"id":3280,"date":"2010-10-10T00:33:25","date_gmt":"2010-10-10T03:33:25","guid":{"rendered":"http:\/\/pandc.10z.com.ar\/?p=3280"},"modified":"2010-10-10T00:33:25","modified_gmt":"2010-10-10T03:33:25","slug":"flora-purim-flora-e-m-p-m-1964","status":"publish","type":"post","link":"https:\/\/pandc.10z.com.ar\/?p=3280","title":{"rendered":"Flora Purim &#8211; Flora \u00e9 M.P.M. (1964)"},"content":{"rendered":"<p style=\"text-align: center;\"><a href=\"https:\/\/pandc.10z.com.ar\/wp-content\/img\/FloraPurimMPM1.jpg\" target=\"_blank\"><img loading=\"lazy\" decoding=\"async\" class=\"aligncenter\" title=\"Flora1\" src=\"https:\/\/pandc.10z.com.ar\/wp-content\/img\/FloraPurimMPM1.jpg\" alt=\"\" width=\"400\" height=\"400\" \/><\/a><\/p>\n<p style=\"text-align: center;\">\n<p style=\"text-align: center;\"><a href=\"https:\/\/pandc.10z.com.ar\/wp-content\/img\/FloraPurimMPM2.jpg\" target=\"_blank\"><img loading=\"lazy\" decoding=\"async\" class=\"aligncenter\" title=\"Flora2\" src=\"https:\/\/pandc.10z.com.ar\/wp-content\/img\/FloraPurimMPM2.jpg\" alt=\"\" width=\"400\" height=\"320\" \/><\/a><\/p>\n<p style=\"text-align: center;\">\n<p>\u00abFlora \u00e9 M.P.M.\u00bb es el \u00e1lbum debut de la brasile\u00f1a Flora Purim, que se ha sido se\u00f1alada en los a\u00f1os 70 seis veces seguidas como la mejor cantante de jazz en la revista Down Beat. Grabado en 1964, con la sigla M.P.M. a significar M\u00fasica Popular Moderna, el LP cuenta con un elenco extraordinario de apoyo (con Luiz E\u00e7a, Moura Paulo, Salvador Dom y Ra\u00fal de Souza, por nombrar algunos), reclutado por el legendario baterista Dom Um Rom\u00e3o, a continuaci\u00f3n esposo de Flora (que, a\u00f1os m\u00e1s tarde, lleg\u00f3 a casarse con el percusionista Airto Moreira). La tapa con un hermoso retrato de Flora en alto contraste en blanco y negro &#8211; de dise\u00f1o gr\u00e1fico Ithamara Koorax &#8211; era tendencia en los a\u00f1os 60, refiri\u00e9ndose a las sensacionales portadas de Blue Note.<br \/>\nEl \u00e1lbum ha sido re editado en Cd en 2008, por Sony BMG, con seis Bonus Tracks, como parte de la serie \u00abBossa Nova 50 Anos\u00bb por la producci\u00f3n de Arnaldo DeSouteiro (Jazz Station Productions).<\/p>\n<p>Flora Purim nace el d\u00eda 6 de marzo del a\u00f1o 1942 en Rio de Janeiro. Sus progenitores eran m\u00fasicos cl\u00e1sicos. Su padre fue un violinista de origen ruso mientras que su madre era pianista. Flora\u00a0 descubri\u00f3 el jazz americano en los momentos en que su madre se dec\u00eddia a tocarlo, siempre en ausencia de su marido que no era demasiado partidario de ese g\u00e9nero.\u00bbElla tra\u00eda a casa aquellos vinilos de 78 rpm y cuando mi padre se iba a trabajar se pon\u00eda a tocar. Fue mi primera exposici\u00f3n a ese tipo de m\u00fasica. B\u00e1sicamente escuchaba a Dinah Washington, Billie Holiday y Frank Sinatra, pero tambi\u00e9n a un mont\u00f3n de pianistas como Bill Evans, Oscar Peterson y Errol Garner, sus favoritos\u00bb, dec\u00eda la propia Flora a este respecto.<\/p>\n<p>Flora Purim comenz\u00f3 su carrera en Brasil a principios de los 60s. Durante ese periodo hizo una \u00fanica grabaci\u00f3n titulada \u00abFlora e M.P.M.\u00bb en la cual cantaba standards de bossa nova compuestos por Carlos Lyra y Roberto Menescal. A finales de esa misma d\u00e9cada conoc\u00edo a Hermeto Pascual y a Airto Moreira. De la mano de ambos se convirti\u00f3 en la cantante de Quarteto Novo, donde comenzaron a mezclar el jazz con la canci\u00f3n de protesta con la intenci\u00f3n de desafiar al represivo gobierno brasile\u00f1o. Tras el golpe de estado militar del a\u00f1o 1964 la censura comenz\u00f3 a actuar con m\u00e1s fuerza cosa que oblig\u00f3 a Flora y Airto a abandonar Brasil con destino a Estados Unidos. Poco despu\u00e9s se casaban. Comenzaba una relaci\u00f3n musical y personal que se extender\u00e1 hasta la actualidad.<\/p>\n<p>***<\/p>\n<p><strong>Tracklist:<\/strong><\/p>\n<p>01. A Morte de Um Deus de Sal (Menescal\/Boscoli)<br \/>\n02. Cart\u00e3o de Visita (Carlos Lyra\/Vinicius de Moraes)<br \/>\n03. Sabe Voc\u00ea (Lyra\/de Moraes)<br \/>\n04. Definitivamente (Edu Lobo)<br \/>\n05. Se Fosse Com Voc\u00ea (Waldir Gama)<br \/>\n06. Maria Moita (Lyra\/de Moraes)<br \/>\n07. Hava Nagila (A.Z. Idelsohn)<br \/>\n08. Reza (Edu Lobo\/Ruy Guerra)<br \/>\n09. Samba do Carioca (Lyra\/de Moraes)<br \/>\n10. Primavera (Lyra\/de Moraes)<br \/>\n11. Borand\u00e1 (Lobo\/Guerra)<br \/>\n12. Nem O Mar Sabia (Menescal\/Boscoli)<br \/>\n<strong>Bonus Tracks:<\/strong><br \/>\n13. Preciso Aprender A Ser S\u00f3 (Valle\/Valle)<br \/>\n14. Gente (Valle\/Valle)<br \/>\n15. Barquinho de Papel (Lyra\/Boscoli)<br \/>\n16. Jeito Bom de Sofrer (Simonal\/Oliveira)<br \/>\n17. Preciso Aprender A Ser S\u00f3 \u2013 Alternate Take (Valle\/Valle)<br \/>\n18. Gente \u2013 Alternate Take (Valle\/Valle)<\/p>\n<p>***<\/p>\n<p><a href=\"http:\/\/www.megaupload.com\/?d=YJINO1GX\">Aqu\u00ed<\/a><\/p>\n<p>***<\/p>\n","protected":false},"excerpt":{"rendered":"<p>\u00abFlora \u00e9 M.P.M.\u00bb es el \u00e1lbum debut de la brasile\u00f1a Flora Purim, que se ha sido se\u00f1alada en los a\u00f1os 70 seis veces seguidas como la mejor cantante de jazz en la revista Down Beat. Grabado en 1964, con la sigla M.P.M. a significar M\u00fasica Popular Moderna, el LP cuenta con un elenco extraordinario de [&hellip;]<\/p>\n","protected":false},"author":4,"featured_media":0,"comment_status":"open","ping_status":"open","sticky":false,"template":"","format":"standard","meta":{"footnotes":""},"categories":[393],"tags":[12,26],"class_list":["post-3280","post","type-post","status-publish","format-standard","hentry","category-flora-purim","tag-brasil","tag-jazz"],"_links":{"self":[{"href":"https:\/\/pandc.10z.com.ar\/index.php?rest_route=\/wp\/v2\/posts\/3280","targetHints":{"allow":["GET"]}}],"collection":[{"href":"https:\/\/pandc.10z.com.ar\/index.php?rest_route=\/wp\/v2\/posts"}],"about":[{"href":"https:\/\/pandc.10z.com.ar\/index.php?rest_route=\/wp\/v2\/types\/post"}],"author":[{"embeddable":true,"href":"https:\/\/pandc.10z.com.ar\/index.php?rest_route=\/wp\/v2\/users\/4"}],"replies":[{"embeddable":true,"href":"https:\/\/pandc.10z.com.ar\/index.php?rest_route=%2Fwp%2Fv2%2Fcomments&post=3280"}],"version-history":[{"count":0,"href":"https:\/\/pandc.10z.com.ar\/index.php?rest_route=\/wp\/v2\/posts\/3280\/revisions"}],"wp:attachment":[{"href":"https:\/\/pandc.10z.com.ar\/index.php?rest_route=%2Fwp%2Fv2%2Fmedia&parent=3280"}],"wp:term":[{"taxonomy":"category","embeddable":true,"href":"https:\/\/pandc.10z.com.ar\/index.php?rest_route=%2Fwp%2Fv2%2Fcategories&post=3280"},{"taxonomy":"post_tag","embeddable":true,"href":"https:\/\/pandc.10z.com.ar\/index.php?rest_route=%2Fwp%2Fv2%2Ftags&post=3280"}],"curies":[{"name":"wp","href":"https:\/\/api.w.org\/{rel}","templated":true}]}}