{"id":3276,"date":"2010-10-09T12:48:52","date_gmt":"2010-10-09T15:48:52","guid":{"rendered":"http:\/\/pandc.10z.com.ar\/?p=3276"},"modified":"2010-10-09T12:48:52","modified_gmt":"2010-10-09T15:48:52","slug":"maria-bethania-memoria-da-pele-1989","status":"publish","type":"post","link":"https:\/\/pandc.10z.com.ar\/?p=3276","title":{"rendered":"Maria Beth\u00e2nia &#8211; Mem\u00f3ria da Pele (1989)"},"content":{"rendered":"<p style=\"text-align: center;\"><a href=\"https:\/\/pandc.10z.com.ar\/wp-content\/img\/Memoriadapelefront.jpg\" target=\"_blank\"><img loading=\"lazy\" decoding=\"async\" class=\"aligncenter\" src=\"https:\/\/pandc.10z.com.ar\/wp-content\/img\/Memoriadapelefront.jpg\" alt=\"\" width=\"400\" height=\"400\" \/><\/a><\/p>\n<p style=\"text-align: left;\">Era dif\u00edcil hacer un disco que equiparara a <em>\u201cMar\u00eda\u201d<\/em>. Pero <strong>Beth\u00e2nia<\/strong> lo hizo con este trabajo, el primero de sus discos editado en simult\u00e1neo en Brasil y Europa. Son 11 tracks excelentes, incluyendo bellezas como \u201c<em>Reconvexo\u201d <\/em>de <strong>Caetano<\/strong>, \u201c<em>Tenha calma\u201d<\/em> de <strong>Djavan<\/strong>,\u00a0 <em>\u201cGuerra no mar\u201d <\/em>y la que da t\u00edtulo al \u00e1lbum de autor\u00eda de <strong>Jo\u00e2o Bosco y Waly Salom\u00e2o.<\/strong><\/p>\n<p><strong>M\u00fasicos:<\/strong><\/p>\n<p><strong>Fl\u00e1vio Pereira:<\/strong> Contrabajo<br \/>\n<strong>Jaime Alem:<\/strong> Guitarra<br \/>\n<strong>Jaime Alem:<\/strong> Percusi\u00f3n electr\u00f3nica<br \/>\n<strong>Jos\u00e9 Louren\u00e7o: <\/strong>Teclados<br \/>\n<strong>Jurim Moreira:<\/strong> Bateria<br \/>\n<strong>Aizik Meilach Geller: <\/strong>Viol\u00edn<br \/>\n<strong>Alfredo Vidal: <\/strong>Viol\u00edn<br \/>\n<strong>Arlindo Figueiredo Penteado:<\/strong> Viola de Arco<br \/>\n<strong>Carlos Eduardo Hack: <\/strong>Viol\u00edn<br \/>\n<strong>Celso Woltzenlogel: <\/strong>Flauta<br \/>\n<strong>Eug\u00eanio Ranevsky: <\/strong>Flauta<br \/>\n<strong>Fl\u00e1vio Pereira:<\/strong> Contrabajo<br \/>\n<strong>Franklin Corr\u00eaa da Silva: <\/strong>Flauta<br \/>\n<strong>Frederick Stephany: <\/strong>Viola de Arco<br \/>\n<strong>Giancarlo Pareschi: <\/strong>Viol\u00edn<br \/>\n<strong>Jaime Alem:<\/strong> Guitarra<br \/>\n<strong>Jaques Morelenbaum:<\/strong> Violoncelo<br \/>\n<strong>Jesu\u00edna Noronha Passaroto:<\/strong> Viola de Arco<br \/>\n<strong>Marie Christine Springuel: <\/strong>Viola de Arco<br \/>\n<strong>Michel Bessler: <\/strong>Viol\u00edn<br \/>\n<strong>Murilo Barquette:<\/strong> Flauta<br \/>\n<strong>Paschoal Perrota:<\/strong> Viol\u00edn<br \/>\n<strong>Walter Hack: <\/strong>Viol\u00edn<\/p>\n<p><strong>Tracklist:<\/strong><\/p>\n<p>01. Reconvexo<br \/>\n<em>(Caetano Veloso)<\/em><\/p>\n<p>02. Tenha calma<br \/>\n<em>(Djavan)<\/em><\/p>\n<p>03. Confesso<br \/>\n<em>(J.Galhardo &#8211; F.Val\u00e9rio)<\/em><\/p>\n<p>04. Junho<br \/>\n<em>(Geraldo Valen\u00e7a &#8211; Alceu Valen\u00e7a)<\/em><\/p>\n<p>05. Morena<br \/>\n<em>(Costa Netto &#8211; Andr\u00e9 Luiz Oliveira)<\/em><\/p>\n<p>06. Salve as folhas<br \/>\n<em>(Ild\u00e1sio Tavares &#8211; Ger\u00f4nimo)<\/em><br \/>\n<em>voz: Sandra de S\u00e1<\/em><\/p>\n<p>07. Mem\u00f3ria da pele<br \/>\n<em>(Jo\u00e3o Bosco &#8211; Waly Salom\u00e3o)<\/em><\/p>\n<p>08. A mais bonita<br \/>\n<em>(Chico Buarque)<\/em><\/p>\n<p>09. Guerra no mar<br \/>\n<em>(Ger\u00f4nimo)<\/em><\/p>\n<p>10. Vingan\u00e7a<br \/>\n<em>(Lupic\u00ednio Rodrigues)<\/em><\/p>\n<p>11. Paiol de ouro (Vinheta)<br \/>\n<em>(Alexandre Le\u00e3o &#8211; Olival Mattos)<\/em><\/p>\n<p>***<\/p>\n<p><a href=\"http:\/\/www.megaupload.com\/?d=G49XGNGJ\"><strong>Aqu\u00ed<\/strong><\/a><\/p>\n<p>***<\/p>\n","protected":false},"excerpt":{"rendered":"<p>Era dif\u00edcil hacer un disco que equiparara a \u201cMar\u00eda\u201d. Pero Beth\u00e2nia lo hizo con este trabajo, el primero de sus discos editado en simult\u00e1neo en Brasil y Europa. Son 11 tracks excelentes, incluyendo bellezas como \u201cReconvexo\u201d de Caetano, \u201cTenha calma\u201d de Djavan,\u00a0 \u201cGuerra no mar\u201d y la que da t\u00edtulo al \u00e1lbum de autor\u00eda de [&hellip;]<\/p>\n","protected":false},"author":5,"featured_media":0,"comment_status":"open","ping_status":"open","sticky":false,"template":"","format":"standard","meta":{"footnotes":""},"categories":[59],"tags":[12],"class_list":["post-3276","post","type-post","status-publish","format-standard","hentry","category-maria-bethania","tag-brasil"],"_links":{"self":[{"href":"https:\/\/pandc.10z.com.ar\/index.php?rest_route=\/wp\/v2\/posts\/3276","targetHints":{"allow":["GET"]}}],"collection":[{"href":"https:\/\/pandc.10z.com.ar\/index.php?rest_route=\/wp\/v2\/posts"}],"about":[{"href":"https:\/\/pandc.10z.com.ar\/index.php?rest_route=\/wp\/v2\/types\/post"}],"author":[{"embeddable":true,"href":"https:\/\/pandc.10z.com.ar\/index.php?rest_route=\/wp\/v2\/users\/5"}],"replies":[{"embeddable":true,"href":"https:\/\/pandc.10z.com.ar\/index.php?rest_route=%2Fwp%2Fv2%2Fcomments&post=3276"}],"version-history":[{"count":0,"href":"https:\/\/pandc.10z.com.ar\/index.php?rest_route=\/wp\/v2\/posts\/3276\/revisions"}],"wp:attachment":[{"href":"https:\/\/pandc.10z.com.ar\/index.php?rest_route=%2Fwp%2Fv2%2Fmedia&parent=3276"}],"wp:term":[{"taxonomy":"category","embeddable":true,"href":"https:\/\/pandc.10z.com.ar\/index.php?rest_route=%2Fwp%2Fv2%2Fcategories&post=3276"},{"taxonomy":"post_tag","embeddable":true,"href":"https:\/\/pandc.10z.com.ar\/index.php?rest_route=%2Fwp%2Fv2%2Ftags&post=3276"}],"curies":[{"name":"wp","href":"https:\/\/api.w.org\/{rel}","templated":true}]}}