{"id":3214,"date":"2010-09-24T22:17:44","date_gmt":"2010-09-25T01:17:44","guid":{"rendered":"http:\/\/pandc.10z.com.ar\/?p=3214"},"modified":"2010-09-24T22:17:44","modified_gmt":"2010-09-25T01:17:44","slug":"maria-bethania-dezembros-1986","status":"publish","type":"post","link":"https:\/\/pandc.10z.com.ar\/?p=3214","title":{"rendered":"Maria Bethania &#8211; Dezembros (1986)"},"content":{"rendered":"<p style=\"text-align: center;\"><a href=\"https:\/\/pandc.10z.com.ar\/wp-content\/img\/Dezembrosfront.jpg\" target=\"_blank\"><img loading=\"lazy\" decoding=\"async\" class=\"aligncenter\" src=\"https:\/\/pandc.10z.com.ar\/wp-content\/img\/Dezembrosfront.jpg\" alt=\"\" width=\"400\" height=\"400\" \/><\/a><\/p>\n<p style=\"text-align: left;\">Este disco de 1986 tiene un tono melanc\u00f3lico y est\u00e1 predominantemente compuesto por baladas. El tracklist incluye una reciente \u2013para entonces- composici\u00f3n de <strong>Antonio Carlos Jobim<\/strong> (<em>\u201cAnos dourados\u201d<\/em>) y un tema compuesto por e interpretado a d\u00fao con <strong>Milton Nascimento<\/strong>: <em>\u201cCan\u00e7oes e momentos\u201d.<\/em><\/p>\n<p>La producci\u00f3n es sobria, con cuerdas y sintetizadores utilizados en una delicada combinaci\u00f3n que secunda a la incre\u00edble voz de <strong>Beth\u00e2nia<\/strong>. Un disco de transici\u00f3n en la carrera de la gran cantante de Brasil.<\/p>\n<p><strong>M\u00fasicos:<\/strong><\/p>\n<p><strong>Aizik Meilach Geller: <\/strong>Viol\u00edn<br \/>\n<strong>Alceu de Almeida Reis: <\/strong>Violoncelo<br \/>\n<strong>Alfredo Vidal: <\/strong>Viol\u00edn<br \/>\n<strong>Arlindo Figueiredo Penteado: <\/strong>Viola de Arco<br \/>\n<strong>Armando Mar\u00e7al (Mar\u00e7alzinho): <\/strong>Percusi\u00f3n<br \/>\n<strong>Bernardo Bessler: <\/strong>Viol\u00edn<br \/>\n<strong>Carlos Eduardo Hack: <\/strong>Viol\u00edn<br \/>\n<strong>Eduardo Roberto Pereira:<\/strong> Viola de Arco<br \/>\n<strong>Francisco Perrota:<\/strong> Viol\u00edn<br \/>\n<strong>Frederick Stephany: <\/strong>Viola de Arco<br \/>\n<strong>Giancarlo Pareschi: <\/strong>Viol\u00edn<br \/>\n<strong>Hindemburgo Borges Pereira: <\/strong>Viola de Arco<br \/>\n<strong>Jaques Morelenbaum: <\/strong>Violoncelo<br \/>\n<strong>Jesu\u00edna Noronha Passaroto:<\/strong> Viola de Arco<br \/>\n<strong>Jo\u00e3o de Menezes Filho:<\/strong> Viol\u00edn<br \/>\n<strong>Jorge Faini:<\/strong> Viol\u00edn<br \/>\n<strong>Jorge Kundert Ranevsky:<\/strong> Violoncelo<br \/>\n<strong>Jos\u00e9 Alves da Silva:<\/strong> Viol\u00edn<br \/>\n<strong>Jos\u00e9 Dias de Lana: <\/strong>Viola de Arco<br \/>\n<strong>L\u00e9o Fabr\u00edcio Ortiz: <\/strong>Viol\u00edn<br \/>\n<strong>Luiz Carlos Campos Marques:<\/strong> Viol\u00edn<br \/>\n<strong>Luiz Fernando Zamith: <\/strong>Violoncelo<br \/>\n<strong>M\u00e1rcio Eymard Mallard: <\/strong>Violoncelo<br \/>\n<strong>Michel Bessler: <\/strong>Viol\u00edn<br \/>\n<strong>Nico Assump\u00e7\u00e3o: <\/strong>Bajo el\u00e9ctrico<br \/>\n<strong>Paschoal Perrota:<\/strong> Viol\u00edn<br \/>\n<strong>Ricardo C\u00e2ndido: <\/strong>Contrabajo<br \/>\n<strong>Sandrino Santoro:<\/strong> Contrabajo<br \/>\n<strong>T\u00e9o Lima:<\/strong> Bater\u00eda<br \/>\n<strong>Tom Jobim:<\/strong> Piano<br \/>\n<strong>Toninho Horta:<\/strong> Viol\u00f3n<br \/>\n<strong>Walter Gomes de Souza: <\/strong>Viol\u00edn<br \/>\n<strong>Walter Hack:<\/strong> Viol\u00edn<br \/>\n<strong>Wanda Eichbauer:<\/strong> Arpa<br \/>\n<strong>Fernando Souza:<\/strong> Bajo<br \/>\n<strong>Leo Gandelman:<\/strong> Saxo Alto<br \/>\n<strong>Lincoln Olivetti:<\/strong> Teclados<br \/>\n<strong>Marisa Fossa: <\/strong>Coro<br \/>\n<strong>Nina Pancevsky: <\/strong>Coro<br \/>\n<strong>Robson Jorge: <\/strong>Teclados<br \/>\n<strong>Solange Borges:<\/strong> Coro<br \/>\n<strong>Beterlau: <\/strong>Percusi\u00f3n<br \/>\n<strong>Antenor Marques Filho:<\/strong> Surdo<br \/>\n<strong>Luna: <\/strong>Percusi\u00f3n<br \/>\n<strong>Nico Assump\u00e7\u00e3o: <\/strong>Bajo<br \/>\n<strong>Raphael Rabello: <\/strong>Guitarra de 7 Cuerdas<strong><br \/>\nWilson das Neves:<\/strong> Bateria<\/p>\n<p><strong>Tracklist:<\/strong><\/p>\n<p>01. Anos dourados<br \/>\n<em>(Chico Buarque &#8211; Tom Jobim)<\/em><\/p>\n<p>02. Doce espera<br \/>\n<em>(Marina Lima)<\/em><\/p>\n<p>03. Errei sim<br \/>\n<em>(Ataulfo Alves)<\/em><\/p>\n<p>04. Trancham<br \/>\n<em>(Luis Gonzaga J\u00fanior)<\/em><\/p>\n<p>05. Quero ficar com voce<br \/>\n<em>(Caetano Veloso)<\/em><\/p>\n<p>06. Gostoso demais<br \/>\n<em>(Dominguinhos &#8211; Nando Cordel)<\/em><\/p>\n<p>07. Sei de cor<br \/>\n<em>(Celso Fonseca &#8211; Ronaldo Bastos)<\/em><\/p>\n<p>08. Estrela do meu c\u00e9u<br \/>\n<em>(Caetano Veloso &#8211; Toninho Horta)<\/em><\/p>\n<p>09. Yorubahia<br \/>\n<em>(Jorge Portugal &#8211; Roberto Mendes)<\/em><\/p>\n<p>10. Can\u00e7oes e momentos<br \/>\n<em>(Fernando Brant &#8211; Milton Nascimento)<\/em><br \/>\nparticipaci\u00f3n: Milton Nascimento (voz)<\/p>\n<p>***<br \/>\n<a href=\"http:\/\/www.megaupload.com\/?d=0Y18H5RL\"><strong><br \/>\nAqu\u00ed<\/strong><\/a><\/p>\n<p>***<\/p>\n","protected":false},"excerpt":{"rendered":"<p>Este disco de 1986 tiene un tono melanc\u00f3lico y est\u00e1 predominantemente compuesto por baladas. El tracklist incluye una reciente \u2013para entonces- composici\u00f3n de Antonio Carlos Jobim (\u201cAnos dourados\u201d) y un tema compuesto por e interpretado a d\u00fao con Milton Nascimento: \u201cCan\u00e7oes e momentos\u201d. La producci\u00f3n es sobria, con cuerdas y sintetizadores utilizados en una delicada [&hellip;]<\/p>\n","protected":false},"author":5,"featured_media":0,"comment_status":"open","ping_status":"open","sticky":false,"template":"","format":"standard","meta":{"footnotes":""},"categories":[59],"tags":[12],"class_list":["post-3214","post","type-post","status-publish","format-standard","hentry","category-maria-bethania","tag-brasil"],"_links":{"self":[{"href":"https:\/\/pandc.10z.com.ar\/index.php?rest_route=\/wp\/v2\/posts\/3214","targetHints":{"allow":["GET"]}}],"collection":[{"href":"https:\/\/pandc.10z.com.ar\/index.php?rest_route=\/wp\/v2\/posts"}],"about":[{"href":"https:\/\/pandc.10z.com.ar\/index.php?rest_route=\/wp\/v2\/types\/post"}],"author":[{"embeddable":true,"href":"https:\/\/pandc.10z.com.ar\/index.php?rest_route=\/wp\/v2\/users\/5"}],"replies":[{"embeddable":true,"href":"https:\/\/pandc.10z.com.ar\/index.php?rest_route=%2Fwp%2Fv2%2Fcomments&post=3214"}],"version-history":[{"count":0,"href":"https:\/\/pandc.10z.com.ar\/index.php?rest_route=\/wp\/v2\/posts\/3214\/revisions"}],"wp:attachment":[{"href":"https:\/\/pandc.10z.com.ar\/index.php?rest_route=%2Fwp%2Fv2%2Fmedia&parent=3214"}],"wp:term":[{"taxonomy":"category","embeddable":true,"href":"https:\/\/pandc.10z.com.ar\/index.php?rest_route=%2Fwp%2Fv2%2Fcategories&post=3214"},{"taxonomy":"post_tag","embeddable":true,"href":"https:\/\/pandc.10z.com.ar\/index.php?rest_route=%2Fwp%2Fv2%2Ftags&post=3214"}],"curies":[{"name":"wp","href":"https:\/\/api.w.org\/{rel}","templated":true}]}}