{"id":3212,"date":"2010-09-24T22:11:33","date_gmt":"2010-09-25T01:11:33","guid":{"rendered":"http:\/\/pandc.10z.com.ar\/?p=3212"},"modified":"2010-09-24T22:11:33","modified_gmt":"2010-09-25T01:11:33","slug":"djavan-meu-lado-1986","status":"publish","type":"post","link":"https:\/\/pandc.10z.com.ar\/?p=3212","title":{"rendered":"Djavan &#8211; Meu Lado (1986)"},"content":{"rendered":"<p style=\"text-align: center;\"><a href=\"https:\/\/pandc.10z.com.ar\/wp-content\/img\/djnmeuladofront.JPG\" target=\"_blank\"><img loading=\"lazy\" decoding=\"async\" class=\"aligncenter\" src=\"https:\/\/pandc.10z.com.ar\/wp-content\/img\/djnmeuladofront.JPG\" alt=\"\" width=\"400\" height=\"400\" \/><\/a><\/p>\n<p style=\"text-align: left;\"><strong>Djavan<\/strong> se tom\u00f3 dos a\u00f1os para editar este disco, luego de interminables giras y actuaciones por Brasil y el mundo. Y la espera no fue en vano, dado que su trabajo lleg\u00f3 a sacudir a la m\u00fasica popular brasile\u00f1a de entonces. Y vuelve no s\u00f3lo como autor e int\u00e9rprete, sino como productor.\u00a0 El \u00e1lbum fue \u00edntegramente grabado en Brasil, y lo primero que se nota al escucharlo es una gran descontractura, alegr\u00eda. Pero tambi\u00e9n mucho riesgo: luego de mezclar los sonidos de Brasil con m\u00fasicos norteamericanos en Los Angeles, vuelve a su pa\u00eds y graba un disco netamente brasile\u00f1o, abriendo nuevas puertas: no es samba, no son baladas\u2026 pero es todo eso y m\u00e1s: la versatilidad de <strong>Djavan<\/strong> queda otra vez expuesta.<\/p>\n<p>Comentario aparte merecen <em>\u201cAsa\u201d<\/em>: imposible de escuchar sin moverse. Los arreglos son del uruguayo <strong>Hugo Fattoruso<\/strong>. Y los dos \u00faltimos tracks del disco: en el contexto del tremendo apartheid en Sud\u00e1frica, <strong>Djavan<\/strong> sinti\u00f3 que deb\u00eda involucrarse en esa lucha contra la segregaci\u00f3n racial y entonces aqu\u00ed est\u00e1n el Himno del Congreso Nacional Africano fundi\u00e9ndose con una canci\u00f3n que habla espec\u00edficamente de la lucha de los j\u00f3venes de Sud\u00e1frica. La percusi\u00f3n fue ejecutada por <strong>T\u00e9o Lima y Armando Mar\u00e7al<\/strong>, y el coro est\u00e1 formado por cantores africanos profesionales.<\/p>\n<p><strong>M\u00fasicos:<\/strong><\/p>\n<p><strong>Djavan: <\/strong>guitarra, voz<br \/>\n<strong>Aizik Meilach Geller: <\/strong>Viol\u00edn<br \/>\n<strong>Alceu de Almeida Reis: <\/strong>Violoncelo<br \/>\n<strong>Ant\u00f4nio Fid\u00e9lis da Silva: <\/strong>Viola de Arco<br \/>\n<strong>Arlindo Figueiredo Penteado:<\/strong> Viola de Arco<br \/>\n<strong>Armando Mar\u00e7al:<\/strong> Percusi\u00f3n<br \/>\n<strong>Bernardo Bessler: <\/strong>Viol\u00edn<br \/>\n<strong>Bidinho Sp\u00ednola: <\/strong>Trompeta<br \/>\n<strong>Carlos Eduardo Hack:<\/strong> Viol\u00edn<br \/>\n<strong>Cl\u00f3vis Pereira dos Santos Filho: <\/strong>Viol\u00edn<br \/>\n<strong>Don Harris: <\/strong>Trompeta<br \/>\n<strong>Eduardo Roberto Pereira: <\/strong>Viola de Arco<br \/>\n<strong>Francisco Perrota: <\/strong>Viol\u00edn<br \/>\n<strong>Frederick Stephany: <\/strong>Viola de Arco<br \/>\n<strong>Giancarlo Pareschi:<\/strong> Viol\u00edn<br \/>\n<strong>Henrique Drach: <\/strong>Violoncelo<br \/>\n<strong>Hindemburgo Vitoriano Borges Pereira: <\/strong>Viola de Arco<br \/>\n<strong>Hugo Fattoruso:<\/strong> Piano Fender Rhodes<br \/>\n<strong>Jaques Morelenbaum: <\/strong>Violoncelo<br \/>\n<strong>Jo\u00e3o Daltro de Almeida:<\/strong> Viol\u00edn<br \/>\n<strong>Jo\u00e3o Jer\u00f4nimo de Menezes Filho:<\/strong> Viol\u00edn<br \/>\n<strong>Jorge Kundert Ranevsky:<\/strong> Violoncelo<br \/>\n<strong>Jos\u00e9 Alves da Silva: <\/strong>Viol\u00edn<br \/>\n<strong>Jos\u00e9 Dias de Lana: <\/strong>Viol\u00edn<br \/>\n<strong>Jota Moraes:<\/strong> Piano<br \/>\n<strong>Luiz Carlos Campos Marques: <\/strong>Viol\u00edn<br \/>\n<strong>Luiz Fernando Zamith: <\/strong>Violoncelo<br \/>\n<strong>Mois\u00e9s Nascimento: <\/strong>Tromb\u00f3n<br \/>\n<strong>Nelson Abramento: <\/strong>Viol\u00edn<br \/>\n<strong>Nelson de Macedo:<\/strong> Viola de Arco<br \/>\n<strong>Paschoal Perrota: <\/strong>Viol\u00edn<br \/>\n<strong>Paul Lieberman: <\/strong>Saxo Tenor<br \/>\n<strong>Periquito:<\/strong> Saxo Tenor<br \/>\n<strong>Ricardo Jer\u00f4nimo Menezes:<\/strong> Viol\u00edn<br \/>\n<strong>Siz\u00e3o Machado: <\/strong>Bajo<br \/>\n<strong>T\u00e9o Lima: <\/strong>Bater\u00eda<br \/>\n<strong>Virgilio Arraes: <\/strong>Violin<br \/>\n<strong>Walter Hack: <\/strong>Violin<br \/>\n<strong>Z\u00e9 Nogueira:<\/strong> saxo alto<\/p>\n<p><strong>Tracklist:<\/strong><\/p>\n<p>01. Beiral<br \/>\n02. Segredo<br \/>\n03. Romance<br \/>\n04. Quase de manh\u00e3<br \/>\n05. Muito mais<br \/>\n06. Asa<br \/>\n07. Top\u00e1zio<br \/>\n08. Lei<br \/>\n09. Nkosi Sikelel&#8217;I Afrika &#8211; Hino do Congresso Nacional Africano<br \/>\n(Enoch Sontonga)<br \/>\n10. So Bashiya Ba Hlala Ekhaya<br \/>\n(Hino da Juventude Negra da Africa do Sul)(Grupo Cultural do Congresso Nacional Africano &#8211; AMANDLA)<\/p>\n<p>***<\/p>\n<p><a href=\"http:\/\/www.megaupload.com\/?d=9ZGD3HZL\"><strong>Aqu\u00ed<\/strong><\/a><\/p>\n<p>***<\/p>\n","protected":false},"excerpt":{"rendered":"<p>Djavan se tom\u00f3 dos a\u00f1os para editar este disco, luego de interminables giras y actuaciones por Brasil y el mundo. Y la espera no fue en vano, dado que su trabajo lleg\u00f3 a sacudir a la m\u00fasica popular brasile\u00f1a de entonces. Y vuelve no s\u00f3lo como autor e int\u00e9rprete, sino como productor.\u00a0 El \u00e1lbum fue [&hellip;]<\/p>\n","protected":false},"author":5,"featured_media":0,"comment_status":"open","ping_status":"open","sticky":false,"template":"","format":"standard","meta":{"footnotes":""},"categories":[197],"tags":[12],"class_list":["post-3212","post","type-post","status-publish","format-standard","hentry","category-djavan","tag-brasil"],"_links":{"self":[{"href":"https:\/\/pandc.10z.com.ar\/index.php?rest_route=\/wp\/v2\/posts\/3212","targetHints":{"allow":["GET"]}}],"collection":[{"href":"https:\/\/pandc.10z.com.ar\/index.php?rest_route=\/wp\/v2\/posts"}],"about":[{"href":"https:\/\/pandc.10z.com.ar\/index.php?rest_route=\/wp\/v2\/types\/post"}],"author":[{"embeddable":true,"href":"https:\/\/pandc.10z.com.ar\/index.php?rest_route=\/wp\/v2\/users\/5"}],"replies":[{"embeddable":true,"href":"https:\/\/pandc.10z.com.ar\/index.php?rest_route=%2Fwp%2Fv2%2Fcomments&post=3212"}],"version-history":[{"count":0,"href":"https:\/\/pandc.10z.com.ar\/index.php?rest_route=\/wp\/v2\/posts\/3212\/revisions"}],"wp:attachment":[{"href":"https:\/\/pandc.10z.com.ar\/index.php?rest_route=%2Fwp%2Fv2%2Fmedia&parent=3212"}],"wp:term":[{"taxonomy":"category","embeddable":true,"href":"https:\/\/pandc.10z.com.ar\/index.php?rest_route=%2Fwp%2Fv2%2Fcategories&post=3212"},{"taxonomy":"post_tag","embeddable":true,"href":"https:\/\/pandc.10z.com.ar\/index.php?rest_route=%2Fwp%2Fv2%2Ftags&post=3212"}],"curies":[{"name":"wp","href":"https:\/\/api.w.org\/{rel}","templated":true}]}}