{"id":3189,"date":"2010-09-18T15:25:36","date_gmt":"2010-09-18T18:25:36","guid":{"rendered":"http:\/\/pandc.10z.com.ar\/?p=3189"},"modified":"2010-09-18T15:25:36","modified_gmt":"2010-09-18T18:25:36","slug":"bernardo-baraj-juan-barrueco-baraj-barrueco-1982","status":"publish","type":"post","link":"https:\/\/pandc.10z.com.ar\/?p=3189","title":{"rendered":"Bernardo Baraj &#038; Juan Barrueco &#8211; Baraj \/ Barrueco (1982)"},"content":{"rendered":"<p style=\"text-align: center;\"><a href=\"https:\/\/pandc.10z.com.ar\/wp-content\/img\/barajbarruecotapa.jpg\" target=\"_blank\"><img loading=\"lazy\" decoding=\"async\" class=\"aligncenter\" src=\"https:\/\/pandc.10z.com.ar\/wp-content\/img\/barajbarruecotapa.jpg\" alt=\"\" width=\"400\" height=\"400\" \/><\/a><\/p>\n<p style=\"text-align: center;\"><a href=\"https:\/\/pandc.10z.com.ar\/wp-content\/img\/barajbarruecocontra.jpg\" target=\"_blank\"><img loading=\"lazy\" decoding=\"async\" class=\"aligncenter\" src=\"https:\/\/pandc.10z.com.ar\/wp-content\/img\/barajbarruecocontra.jpg\" alt=\"\" width=\"400\" height=\"400\" \/><\/a><\/p>\n<p style=\"text-align: left;\">El saxofonista, clarinetista y vientista <strong>Bernardo Baraj<\/strong> y el guitarrista <strong>Juan Barrueco<\/strong> llevan mas de 40 a\u00f1os en el panorama de la m\u00fasica popular argentina. Juntos fueron co fundadores de uno de las primeras bandas de rock (y la primera en fusionar rock y jazz) de Argentina: <strong>Alma y Vida<\/strong>. Luego de la separaci\u00f3n de esta banda, en 1976, sus carreras viraron hacia diversos destinos musicales, y a pesar de eso volvieron a reunirse en un par de ocasiones para producir discos sensacionales. De hecho, en el presente est\u00e1n elaborando material nuevo y ensayando para un nuevo proyecto juntos.<\/p>\n<p><strong>Juan Barrueco<\/strong> ha participado en proyectos con <em>Roberto \u00abfats\u00bb Fernandez, Ruben Rada, Lito Vitale, Jaime Torres<\/em>, entre otros, editando un par de trabajos en solitario.<\/p>\n<p><strong>Bernardo Baraj <\/strong>fue uno de los m\u00fasicos estables de la m\u00edtica <em>Cueva de Pueyrredon<\/em>, (lugar donde se gest\u00f3 el movimiento de rock argentino) y fue <em>Sandro<\/em>, quien le propone formar parte de su banda y as\u00ed comparten cuatro a\u00f1os de intensa actividad, viajando en giras por todo el pa\u00eds, participando tambi\u00e9n en numerosas grabaciones.<br \/>\nInfluenciado por el lenguaje de <em>John Coltrane<\/em>, incorpora a su instrumental el saxo soprano, poco usado por los m\u00fasicos de la \u00e9poca, y forma junto al trompetista <em>Gustavo Bergalli<\/em>, el bajista <em>Adalberto Cevasco<\/em> y el baterista <em>Nestor Astarita<\/em> el Cuarteto Buenos Aires, primer grupo de free jazz que produce una verdadera sorpresa en el ambiente local.<\/p>\n<p>Forma junto a <em>Litto Nebbia <\/em>el grupo Cuarteto Contempor\u00e1neo del Sur. En el 78 es convocado por <em>Luis Alberto Spinetta<\/em> para formar parte de su primer proyecto solista, la <em>Banda Spinetta<\/em>, con quien comparte un a\u00f1o de creativa actividad. Un a\u00f1o despu\u00e9s forma el grupo <em>La Banda<\/em> junto a <em>Rub\u00e9n Rada<\/em> y <em>Jorge Navarro.<br \/>\n<\/em><br \/>\nIntegra el grupo del bandoneon\u00edsta <em>Dino Saluzzi<\/em>, toca en la <em>Orquesta Estable del Teatro Colon<\/em>, y en 1985 forma el Tr\u00edo <em>Vitale-Baraj-Gonz\u00e1lez<\/em>, un referente inevitable de la m\u00fasica popular argentina.\u00a0 En el \u201880 forma su propio quinteto con el que graba tres CDs (<em>Bernardo Baraj Quinteto, Almita y Milonga Borgeana<\/em>).<\/p>\n<p>Junto al guitarrista <strong>Juan Barrueco<\/strong> forma el D\u00fao <strong>Baraj-Barrueco<\/strong>, verdadero moj\u00f3n en el transcurrir de la m\u00fasica popular argentina ya que son los primeros en proponer un lenguaje tanguero sobre la base mel\u00f3dica de un saxof\u00f3n. Este duo fue una propuesta sujeta a la idea de buscar una manera de tocar desde el saxo y la flauta, una m\u00fasica que tuviera que ver con Buenos Aires. Y hallaron una conjunci\u00f3n de sonido y lenguaje de jazz fusionado con el tango, en la que fue tal vez la primera aproximaci\u00f3n al g\u00e9nero de Buenos Aires desde el jazz.<\/p>\n<p style=\"text-align: left;\"><strong>Un disco que a\u00fan hoy suena soberbio, impresionante, actual y provocador.<\/p>\n<p><\/strong><br \/>\n***<br \/>\n<a href=\"http:\/\/www.megaupload.com\/?d=8ATY5ORU\"><strong><br \/>\nAqu\u00ed<\/strong><\/a><\/p>\n<p>***<\/p>\n","protected":false},"excerpt":{"rendered":"<p>El saxofonista, clarinetista y vientista Bernardo Baraj y el guitarrista Juan Barrueco llevan mas de 40 a\u00f1os en el panorama de la m\u00fasica popular argentina. Juntos fueron co fundadores de uno de las primeras bandas de rock (y la primera en fusionar rock y jazz) de Argentina: Alma y Vida. Luego de la separaci\u00f3n de [&hellip;]<\/p>\n","protected":false},"author":5,"featured_media":0,"comment_status":"open","ping_status":"open","sticky":false,"template":"","format":"standard","meta":{"footnotes":""},"categories":[382,383],"tags":[64,26,46,23,15],"class_list":["post-3189","post","type-post","status-publish","format-standard","hentry","category-bernardo-baraj","category-juan-barrueco","tag-folklore-argentino","tag-jazz","tag-jazz-fusion","tag-latino","tag-tango"],"_links":{"self":[{"href":"https:\/\/pandc.10z.com.ar\/index.php?rest_route=\/wp\/v2\/posts\/3189","targetHints":{"allow":["GET"]}}],"collection":[{"href":"https:\/\/pandc.10z.com.ar\/index.php?rest_route=\/wp\/v2\/posts"}],"about":[{"href":"https:\/\/pandc.10z.com.ar\/index.php?rest_route=\/wp\/v2\/types\/post"}],"author":[{"embeddable":true,"href":"https:\/\/pandc.10z.com.ar\/index.php?rest_route=\/wp\/v2\/users\/5"}],"replies":[{"embeddable":true,"href":"https:\/\/pandc.10z.com.ar\/index.php?rest_route=%2Fwp%2Fv2%2Fcomments&post=3189"}],"version-history":[{"count":0,"href":"https:\/\/pandc.10z.com.ar\/index.php?rest_route=\/wp\/v2\/posts\/3189\/revisions"}],"wp:attachment":[{"href":"https:\/\/pandc.10z.com.ar\/index.php?rest_route=%2Fwp%2Fv2%2Fmedia&parent=3189"}],"wp:term":[{"taxonomy":"category","embeddable":true,"href":"https:\/\/pandc.10z.com.ar\/index.php?rest_route=%2Fwp%2Fv2%2Fcategories&post=3189"},{"taxonomy":"post_tag","embeddable":true,"href":"https:\/\/pandc.10z.com.ar\/index.php?rest_route=%2Fwp%2Fv2%2Ftags&post=3189"}],"curies":[{"name":"wp","href":"https:\/\/api.w.org\/{rel}","templated":true}]}}