{"id":3167,"date":"2010-09-12T08:59:04","date_gmt":"2010-09-12T11:59:04","guid":{"rendered":"http:\/\/pandc.10z.com.ar\/?p=3167"},"modified":"2010-09-12T08:59:04","modified_gmt":"2010-09-12T11:59:04","slug":"caetano-veloso-cores-nomes-1982","status":"publish","type":"post","link":"https:\/\/pandc.10z.com.ar\/?p=3167","title":{"rendered":"Caetano Veloso &#8211; Cores, Nomes (1982)"},"content":{"rendered":"<p style=\"text-align: center;\"><a href=\"https:\/\/pandc.10z.com.ar\/wp-content\/img\/coresnomesfront.jpg\" target=\"_blank\"><img loading=\"lazy\" decoding=\"async\" class=\"aligncenter\" src=\"https:\/\/pandc.10z.com.ar\/wp-content\/img\/coresnomesfront.jpg\" alt=\"\" width=\"400\" height=\"400\" \/><\/a><br \/>\n<a href=\"https:\/\/pandc.10z.com.ar\/wp-content\/img\/coresnomesinside.jpg\" target=\"_blank\"><img loading=\"lazy\" decoding=\"async\" class=\"aligncenter\" src=\"https:\/\/pandc.10z.com.ar\/wp-content\/img\/coresnomesinside.jpg\" alt=\"\" width=\"400\" height=\"400\" \/><\/a><\/p>\n<p style=\"text-align: center;\"><a href=\"https:\/\/pandc.10z.com.ar\/wp-content\/img\/coresnomesback.jpg\" target=\"_blank\"><img loading=\"lazy\" decoding=\"async\" class=\"aligncenter\" src=\"https:\/\/pandc.10z.com.ar\/wp-content\/img\/coresnomesback.jpg\" alt=\"\" width=\"400\" height=\"340\" \/><\/a><\/p>\n<p style=\"text-align: left;\">En este album, <strong>Caetano Veloso<\/strong> vuelve a estar acompa\u00f1ado por la <em>\u201cOutra Banda da Terra\u201d<\/em>, y contiene algunos cl\u00e1sicos de su repertorio y de la m\u00fasica brasile\u00f1a toda: <em>\u201cQueixa\u201d<\/em>, <em>\u201cSina\u201d<\/em>, de <strong>Djavan <\/strong>y la r\u00edtmica <em>\u201cUm canto de afoxe\u2026\u201d<\/em>.<\/p>\n<p>P\u00e1rrafo aparte merece <em>\u201cEle me deu um beijo na boca\u201d (El me dio un beso en la boca)<\/em>: una de sus mejores canciones, en la que la m\u00e9trica juega con las palabras, llenas de visiones pol\u00edticas, sociales y personales. Un cl\u00e1sico que nos cuenta c\u00f3mo las culturas no se oponen, sino que se complementan.<\/p>\n<p><strong>M\u00fasicos:<\/strong><\/p>\n<p><strong>Caetano Veloso: <\/strong>voz, guitarra<br \/>\n<strong>Arnaldo Brand\u00e2o: <\/strong>bajo<br \/>\n<strong>Bol\u00e2o: <\/strong>percusi\u00f3n<br \/>\n<strong>Marcelo Costa: <\/strong>percusi\u00f3n<br \/>\n<strong>Perinho Santana: <\/strong>guitarra<br \/>\n<strong>Tom\u00e1s Improta: <\/strong>piano, teclados<br \/>\n<strong>Vinicius Cantuaria: <\/strong>bater\u00eda<br \/>\n<strong>Cobra Coral: <\/strong>vocales en \u201cUm canto de afox\u00e9\u2026\u201d<br \/>\n<strong>Z\u00e9 Luis: <\/strong>saxo alto en \u201cCavaleiro de Jorge\u201d<br \/>\n<strong>M\u00e1rcio Montarroyos:<\/strong> trompetas en \u201cCavaleiro de Jorge\u201d<br \/>\n<strong>Jane Duboc: <\/strong>coros en \u201cSina\u201d y \u201cEle me deu um beijo\u2026\u201d<br \/>\n<strong>Cuerdas en \u201cSurpresa\u201d: <\/strong>Aizik Meilach Geller: viol\u00edn; Alceu de Reis: violoncelo; Andr\u00e9 Guetta: viol\u00edn; Arlindo Penteado: viola de arco; Eugen Ranevsky: Violoncelo; Frederick Stepahny: viola de arco; Giancarlo Pareschi: viol\u00edn; Joao de Almeida: viol\u00edn; Jorge Ranevsky: violoncelo; Jose Alves da Silva: viol\u00edn; Pascoal Perrota: viol\u00edn; Virgilio Arraes: violin; Walter Hack: viol\u00edn.<\/p>\n<p><strong>Tracklist:<\/strong><\/p>\n<p>01. Queixa<br \/>\n<em>(Caetano Veloso)<\/em><\/p>\n<p>02. Ele me deu um beijo na boca<br \/>\n<em>(Caetano Veloso)<\/em><\/p>\n<p>03. Trem das cores<br \/>\n<em>(Caetano Veloso)<\/em><\/p>\n<p>04. Sete mil vezes<br \/>\n<em>(Caetano Veloso)<\/em><\/p>\n<p>05. Coqueiro de Itapo\u00e2<br \/>\n<em>(Dorival Caymmi)<\/em><\/p>\n<p>06. Um canto de afoxe para o bloco do Ile<br \/>\n<em>(Caetano Veloso) <\/em>\u2013 voz de ni\u00f1o: Moreno Veloso<\/p>\n<p>07. Cavaleiro de Jorge<br \/>\n<em>(Caetano Veloso)<\/em><\/p>\n<p>08. Sina<br \/>\n(Djavan)\u00a0 &#8211; Djavan: guitarra.<\/p>\n<p>09. Meu bem, meu mal<br \/>\n(Caetano Veloso)<\/p>\n<p>10. Genesis<br \/>\n<em>(Caetano Veloso) <\/em>\u2013 Gal Costa, Gilberto Gil, Mar\u00eda Beth\u00e2nia: voces.<\/p>\n<p>11. Sonhos<br \/>\n<em>(Perinha)<\/em><\/p>\n<p>12. Surpresa<br \/>\n<em>(Caetano Veloso \u2013 Jo\u00e2ao Donato)<\/em><\/p>\n<p>***<\/p>\n<p><a href=\"http:\/\/www.megaupload.com\/?d=14TRE3W2\"><strong>Aqu\u00ed<\/strong><\/a><\/p>\n<p>***<\/p>\n","protected":false},"excerpt":{"rendered":"<p>En este album, Caetano Veloso vuelve a estar acompa\u00f1ado por la \u201cOutra Banda da Terra\u201d, y contiene algunos cl\u00e1sicos de su repertorio y de la m\u00fasica brasile\u00f1a toda: \u201cQueixa\u201d, \u201cSina\u201d, de Djavan y la r\u00edtmica \u201cUm canto de afoxe\u2026\u201d. P\u00e1rrafo aparte merece \u201cEle me deu um beijo na boca\u201d (El me dio un beso en [&hellip;]<\/p>\n","protected":false},"author":5,"featured_media":0,"comment_status":"open","ping_status":"open","sticky":false,"template":"","format":"standard","meta":{"footnotes":""},"categories":[13],"tags":[12],"class_list":["post-3167","post","type-post","status-publish","format-standard","hentry","category-caetano-veloso","tag-brasil"],"_links":{"self":[{"href":"https:\/\/pandc.10z.com.ar\/index.php?rest_route=\/wp\/v2\/posts\/3167","targetHints":{"allow":["GET"]}}],"collection":[{"href":"https:\/\/pandc.10z.com.ar\/index.php?rest_route=\/wp\/v2\/posts"}],"about":[{"href":"https:\/\/pandc.10z.com.ar\/index.php?rest_route=\/wp\/v2\/types\/post"}],"author":[{"embeddable":true,"href":"https:\/\/pandc.10z.com.ar\/index.php?rest_route=\/wp\/v2\/users\/5"}],"replies":[{"embeddable":true,"href":"https:\/\/pandc.10z.com.ar\/index.php?rest_route=%2Fwp%2Fv2%2Fcomments&post=3167"}],"version-history":[{"count":0,"href":"https:\/\/pandc.10z.com.ar\/index.php?rest_route=\/wp\/v2\/posts\/3167\/revisions"}],"wp:attachment":[{"href":"https:\/\/pandc.10z.com.ar\/index.php?rest_route=%2Fwp%2Fv2%2Fmedia&parent=3167"}],"wp:term":[{"taxonomy":"category","embeddable":true,"href":"https:\/\/pandc.10z.com.ar\/index.php?rest_route=%2Fwp%2Fv2%2Fcategories&post=3167"},{"taxonomy":"post_tag","embeddable":true,"href":"https:\/\/pandc.10z.com.ar\/index.php?rest_route=%2Fwp%2Fv2%2Ftags&post=3167"}],"curies":[{"name":"wp","href":"https:\/\/api.w.org\/{rel}","templated":true}]}}