{"id":3165,"date":"2010-09-12T08:51:32","date_gmt":"2010-09-12T11:51:32","guid":{"rendered":"http:\/\/pandc.10z.com.ar\/?p=3165"},"modified":"2010-09-12T08:51:32","modified_gmt":"2010-09-12T11:51:32","slug":"maria-bethania-nossos-momentos-1982","status":"publish","type":"post","link":"https:\/\/pandc.10z.com.ar\/?p=3165","title":{"rendered":"Maria Beth\u00e2nia &#8211; Nossos Momentos (1982)"},"content":{"rendered":"<p style=\"text-align: center;\"><a href=\"https:\/\/pandc.10z.com.ar\/wp-content\/img\/nossosmomentosback.jpg\" target=\"_blank\"><a href=\"https:\/\/pandc.10z.com.ar\/wp-content\/img\/nossosmomentosfront.JPG\" target=\"_blank\"><a href=\"https:\/\/pandc.10z.com.ar\/wp-content\/img\/nossosmomentosback.jpg\" target=\"_blank\"><a href=\"https:\/\/pandc.10z.com.ar\/wp-content\/img\/nossosmomentosfront.JPG\" target=\"_blank\"><img loading=\"lazy\" decoding=\"async\" class=\"aligncenter\" src=\"https:\/\/pandc.10z.com.ar\/wp-content\/img\/nossosmomentosfront.JPG\" alt=\"\" width=\"400\" height=\"400\" \/><\/a><\/a><\/a><\/a><\/p>\n<p style=\"text-align: center;\"><a href=\"https:\/\/pandc.10z.com.ar\/wp-content\/img\/nossosmomentosback.jpg\" target=\"_blank\"><img loading=\"lazy\" decoding=\"async\" class=\"aligncenter\" src=\"https:\/\/pandc.10z.com.ar\/wp-content\/img\/nossosmomentosback.jpg\" alt=\"\" width=\"400\" height=\"400\" \/><\/a><\/p>\n<p style=\"text-align: left;\">Disco en vivo, grabado en el <em>Canec\u00e2o de Rio de Janeiro<\/em> entre el 29 de septiembre y el 3 de octubre de 1982. El show fue dirigido por <em>Bibi Ferreira<\/em> y musicalmente fue responsabilidad de <em>Gilberto Gil<\/em>.<\/p>\n<p><strong>Beth\u00e2nia<\/strong> mezcl\u00f3 grandes momentos de sus shows anteriores con\u00a0 algunas novedades, como el samba que da t\u00edtulo al disco (de autor\u00eda de <em>Caetano Veloso<\/em>), <em>\u201cEterno Come\u00e7o\u201d<\/em> de <em>Gonzaguinha<\/em> y <em>\u201cPrenda\u201d<\/em> de <em>Joyce<\/em>. Incluye <em>\u201cO que \u00e9, o que \u00e9\u201d <\/em>tambi\u00e9n de <em>Gonzaguinha<\/em> que, a partir de este show, se convirti\u00f3 en un bis obligado para sus espect\u00e1culos.<\/p>\n<p><strong>M\u00fasicos:<\/strong><\/p>\n<p><strong>Mar\u00eda Beth\u00e2nia:<\/strong> Voz<br \/>\n<strong>Bira da Silva:<\/strong> Percusi\u00f3n<br \/>\n<strong>Djalma Correa:<\/strong> Percusi\u00f3n<br \/>\n<strong>Ze Mar\u00eda: <\/strong>Piano<br \/>\n<strong>Juarez Ara\u00fajo:<\/strong> Saxo tenor<br \/>\n<strong>Moacyr Albuquerque: <\/strong>Bajo<br \/>\n<strong>Ricardo Silveira: <\/strong>Guitarra<br \/>\n<strong>Tutty Moreno: <\/strong>bater\u00eda<br \/>\n<strong>Viviana Godoi, Jurema de Candia, Nair Candia, Regina Silveira: <\/strong>coros<\/p>\n<p><strong>Tracklist:<\/strong><\/p>\n<p>01. Maria Beth\u00e2nia<br \/>\n<em>(Caetano Veloso)<\/em><\/p>\n<p>02. O que \u00e9 o que \u00e9 ?<br \/>\n<em>(Gonzaguinha)<\/em><br \/>\n\u2022 Eterno come\u00e7o<br \/>\n<em>(Gonzaguinha)<\/em><br \/>\n\u2022 Grito de alerta<br \/>\n<em>(Gonzaguinha)<\/em><br \/>\n\u2022 Explode cora\u00e7\u00e3o<br \/>\n<em>(Gonzaguinha)<\/em><br \/>\n\u2022 Sangrando<br \/>\n<em>(Gonzaguinha)<\/em><\/p>\n<p>03. Nossos momentos<br \/>\n<em>(Caetano Veloso)<\/em><\/p>\n<p>04. G\u00e1s Neon<br \/>\n<em>(Gonzaguinha)<\/em><\/p>\n<p>05. Luzes da ribalta (Limelight)<br \/>\n<em>(Parsons &#8211; Ant\u00f4nio Almeida &#8211; Chaplin)<\/em><\/p>\n<p>06. Prenda<br \/>\n<em>(Joyce)<\/em><\/p>\n<p>07. Com certeza<br \/>\n<em>(Tavinho Paes &#8211; Moacyr Albuquerque)<\/em><\/p>\n<p>08. De noite e de dia<br \/>\n<em>(Fausto Nilo &#8211; Moraes Moreira)<\/em><\/p>\n<p>09. Anda Luzia<br \/>\n<em>(Jo\u00e3o de Barro)<\/em><br \/>\n\u2022 Mal-me-quer<br \/>\n<em>(Newton Teixeira-Crist\u00f3v\u00e3o de Alencar)<\/em><br \/>\n\u2022 Ta-hi<br \/>\n<em>(Joubert de Carvalho)<\/em><br \/>\n\u2022 N\u00e3o me diga adeus<br \/>\n<em>(Paquito-Luiz Soberano-Jo\u00e3o Correia da Silva)<\/em><br \/>\n\u2022 M\u00e1scara da face<br \/>\n<em>(Kl\u00e9cius Caldas-Armando Cavalcanti)<\/em><br \/>\n\u2022 Mora na filosofia<br \/>\n<em>(Monsueto-Arnaldo Passos)<\/em><br \/>\n\u2022 Soneto da infidelidade<br \/>\n<em>(Vinicius de Moraes)<\/em><br \/>\n\u2022 Como dizia o poeta<br \/>\n<em>(Toquinho-Vinicius de Moraes)<\/em><br \/>\n\u2022 Anda Luzia<br \/>\n<em>(Jo\u00e3o de Barro)<\/em><\/p>\n<p>10. Baila comigo<br \/>\n<em>(Roberto de Carvalho &#8211; Rita Lee)<\/em><br \/>\n\u2022 Shangril\u00e1<br \/>\n<em>(Rita Lee-Roberto de Carvalho)<\/em><\/p>\n<p>11. Doce mist\u00e9rio da vida (Ah! Sweet mystery of life)<br \/>\n<em>(V.Herbert)<\/em><\/p>\n<p>12. Vida<br \/>\n<em>(Chico Buarque)<\/em><\/p>\n<p>13. C\u00e2ntigo negro &#8211; Texto de Jos\u00e9 R\u00e9gio, Vinicius de Moraes, Luiz Carlos Lacerda e Clarice Lispector<\/p>\n<p>14. Estranha forma de vida<br \/>\n<em>(A.Duarte Marceneiro &#8211; Am\u00e1lia Rodrigues)<\/em><\/p>\n<p>15. Can\u00e7\u00e3o da volta<br \/>\n<em>(Ismael Netto &#8211; Ant\u00f4nio Maria)<\/em><\/p>\n<p>16. O \u00faltimo pau-de-arara<br \/>\n<em>(Ven\u00e2ncio &#8211; Corumba &#8211; Jos\u00e9 Guimar\u00e3es)<\/em><br \/>\n\u2022 Pau-de-arara<br \/>\n<em>(Guio de Morais-Luiz Gonzaga)<\/em><br \/>\n\u2022 Carcar\u00e1<br \/>\n<em>(Jo\u00e3o do Vale-Jos\u00e9 C\u00e2ndido)<\/em><\/p>\n<p>17. O que \u00e9 o que \u00e9?<br \/>\n<em>(Gonzaguinha)<\/em><\/p>\n<p>***<\/p>\n<p><a href=\"http:\/\/www.megaupload.com\/?d=1AZYBF4E\"><strong>Aqu\u00ed<\/strong><\/a><\/p>\n<p><a href=\"http:\/\/www.megaupload.com\/?d=1OF6W55Q\"><strong>Aqu\u00ed<\/strong><\/a><\/p>\n<p>***<\/p>\n","protected":false},"excerpt":{"rendered":"<p>Disco en vivo, grabado en el Canec\u00e2o de Rio de Janeiro entre el 29 de septiembre y el 3 de octubre de 1982. El show fue dirigido por Bibi Ferreira y musicalmente fue responsabilidad de Gilberto Gil. Beth\u00e2nia mezcl\u00f3 grandes momentos de sus shows anteriores con\u00a0 algunas novedades, como el samba que da t\u00edtulo al [&hellip;]<\/p>\n","protected":false},"author":5,"featured_media":0,"comment_status":"open","ping_status":"open","sticky":false,"template":"","format":"standard","meta":{"footnotes":""},"categories":[59],"tags":[12],"class_list":["post-3165","post","type-post","status-publish","format-standard","hentry","category-maria-bethania","tag-brasil"],"_links":{"self":[{"href":"https:\/\/pandc.10z.com.ar\/index.php?rest_route=\/wp\/v2\/posts\/3165","targetHints":{"allow":["GET"]}}],"collection":[{"href":"https:\/\/pandc.10z.com.ar\/index.php?rest_route=\/wp\/v2\/posts"}],"about":[{"href":"https:\/\/pandc.10z.com.ar\/index.php?rest_route=\/wp\/v2\/types\/post"}],"author":[{"embeddable":true,"href":"https:\/\/pandc.10z.com.ar\/index.php?rest_route=\/wp\/v2\/users\/5"}],"replies":[{"embeddable":true,"href":"https:\/\/pandc.10z.com.ar\/index.php?rest_route=%2Fwp%2Fv2%2Fcomments&post=3165"}],"version-history":[{"count":0,"href":"https:\/\/pandc.10z.com.ar\/index.php?rest_route=\/wp\/v2\/posts\/3165\/revisions"}],"wp:attachment":[{"href":"https:\/\/pandc.10z.com.ar\/index.php?rest_route=%2Fwp%2Fv2%2Fmedia&parent=3165"}],"wp:term":[{"taxonomy":"category","embeddable":true,"href":"https:\/\/pandc.10z.com.ar\/index.php?rest_route=%2Fwp%2Fv2%2Fcategories&post=3165"},{"taxonomy":"post_tag","embeddable":true,"href":"https:\/\/pandc.10z.com.ar\/index.php?rest_route=%2Fwp%2Fv2%2Ftags&post=3165"}],"curies":[{"name":"wp","href":"https:\/\/api.w.org\/{rel}","templated":true}]}}