{"id":3129,"date":"2010-09-03T00:02:40","date_gmt":"2010-09-03T03:02:40","guid":{"rendered":"http:\/\/pandc.10z.com.ar\/?p=3129"},"modified":"2010-09-02T22:59:44","modified_gmt":"2010-09-03T01:59:44","slug":"djavan-seduzir-1981","status":"publish","type":"post","link":"https:\/\/pandc.10z.com.ar\/?p=3129","title":{"rendered":"Djavan &#8211; Seduzir (1981)"},"content":{"rendered":"<p style=\"text-align: center;\"><a href=\"https:\/\/pandc.10z.com.ar\/wp-content\/img\/djavanseduzirfront.jpg\" target=\"_blank\"><img loading=\"lazy\" decoding=\"async\" class=\"aligncenter\" src=\"https:\/\/pandc.10z.com.ar\/wp-content\/img\/djavanseduzirfront.jpg\" alt=\"\" width=\"400\" height=\"400\" \/><\/a><\/p>\n<p style=\"text-align: left;\">Cuarto disco (y tercero para la EMI) de <strong>Djavan<\/strong>. Un disco fundamental porque incorpora influencias africanas a su m\u00fasica. Una explosi\u00f3n de hits y de cl\u00e1sicos de su repertorio y de la m\u00fasica popular brasile\u00f1a.<\/p>\n<p>Es a partir de este disco que artistas, p\u00fablico y cr\u00edtica comienzan a tomar en cuenta el valor superlativo de <strong>Djavan <\/strong>como compositor. <em>\u201cSeduzir\u201d, \u201cA ilha\u201d<\/em> (suceso en la voz de <em>Roberto Carlos<\/em>) y <em>\u201cFaltando um peda\u00e7o\u201d<\/em> en la voz de <em>Gal Costa<\/em> que fue el tema m\u00e1s escuchado del a\u00f1o. Sus canciones eran escuchadas en discos, shows en vivo, televisi\u00f3n\u2026 y le vali\u00f3 el premio a <em>\u201cMejor compositor\u201d<\/em> durante dos a\u00f1os consecutivos, otorgado por la <em>Asociaci\u00f3n Paulista de Criticos de Arte<\/em>. En el \u00faltimo tema, la voz de <strong>Gilberto Gil <\/strong>para un tema del cantautor <em>Felipe Mukenga<\/em>, de Angola.<\/p>\n<p>Luego de este disco, Djavan deja EMI y firma contrato (en 1982) con CBS (hoy Sony-Music)\u2026 pero esa es otra historia que contaremos m\u00e1s adelante.<\/p>\n<p><strong>M\u00fasicos:<\/strong><\/p>\n<p><strong>Djavan: <\/strong>guitarra, voz<br \/>\n<strong>Luis Avellar: <\/strong>piano<br \/>\n<strong>Marquinhos: <\/strong>saxo tenor<br \/>\n<strong>Ze Nogueira:<\/strong> saxo alto y soprano<br \/>\n<strong>Mois\u00e9s Nascimento: <\/strong>tromb\u00f3n<br \/>\n<strong>Sizao Machado: <\/strong>bajo<br \/>\n<strong><\/strong><strong>Teo Lima: <\/strong>bater\u00eda, tambor\u00edn<br \/>\n<strong>Edson Lobo: <\/strong>contrabajo<br \/>\n<strong>Giancarlo Pareschi: <\/strong>viol\u00edn<br \/>\n<strong>Jaques Morelenbaum:<\/strong> violoncello<br \/>\n<strong>Joao de Almeida: <\/strong>viol\u00edn<br \/>\n<strong>Jorge Ranevsky: <\/strong>violoncello<br \/>\n<strong>Jos\u00e9 da Silva: <\/strong>viol\u00edn<br \/>\n<strong>Aizik Meilach Geller: <\/strong>viol\u00edn<br \/>\n<strong>Alfredo Vidal:<\/strong> viol\u00edn<br \/>\n<strong>Ana Bezerra:<\/strong> violoncello<br \/>\n<strong>Andr\u00e9 Guetta:<\/strong> viol\u00edn<br \/>\n<strong>Arlindo Figueiredo: <\/strong>viola de arco<br \/>\n<strong>Carlos Eduardo Hack: <\/strong>viol\u00edn<br \/>\n<strong>Lea freire:<\/strong> flauta<\/p>\n<p><strong>Tracklist:<\/strong><\/p>\n<p>01. Pedro Brasil<br \/>\n<em>(Djavan)<\/em><br \/>\n02. Seduzir<br \/>\n<em>(Djavan)<\/em><br \/>\n03. Morena No Endoidecer<br \/>\n<em>(Cacaso \u2013 Djavan)<\/em><br \/>\n04. Jogral<br \/>\n<em>(Fil\u00f3 \u2013 Jos\u00e9 Neto \u2013 Djavan)<\/em><br \/>\n05. A Ilha<br \/>\n<em>(Djavan)<\/em><br \/>\n06. Faltando Um Peda\u00e7o<br \/>\n<em>(Djavan)<\/em><br \/>\n07. \u00caxtase<br \/>\n<em>(Aldir Blanc \u2013 Djavan)<\/em><br \/>\n08. Luanda<br \/>\n<em>(Djavan)<\/em><br \/>\n09. Total Abandono<br \/>\n<em>(Djavan)<\/em><br \/>\n10. Humbiumbi \/ Nvula Leza Kia<br \/>\n<em>(Felipe Mukenga)<\/em><br \/>\n<em>Participaci\u00f3n de Gilberto Gil<\/em><\/p>\n<p>***<\/p>\n<p><a href=\"http:\/\/www.megaupload.com\/?d=YNJ48JHG\"><strong>Aqu\u00ed<\/strong><\/a><\/p>\n<p>***<\/p>\n","protected":false},"excerpt":{"rendered":"<p>Cuarto disco (y tercero para la EMI) de Djavan. Un disco fundamental porque incorpora influencias africanas a su m\u00fasica. Una explosi\u00f3n de hits y de cl\u00e1sicos de su repertorio y de la m\u00fasica popular brasile\u00f1a. Es a partir de este disco que artistas, p\u00fablico y cr\u00edtica comienzan a tomar en cuenta el valor superlativo de [&hellip;]<\/p>\n","protected":false},"author":5,"featured_media":0,"comment_status":"open","ping_status":"open","sticky":false,"template":"","format":"standard","meta":{"footnotes":""},"categories":[197],"tags":[12],"class_list":["post-3129","post","type-post","status-publish","format-standard","hentry","category-djavan","tag-brasil"],"_links":{"self":[{"href":"https:\/\/pandc.10z.com.ar\/index.php?rest_route=\/wp\/v2\/posts\/3129","targetHints":{"allow":["GET"]}}],"collection":[{"href":"https:\/\/pandc.10z.com.ar\/index.php?rest_route=\/wp\/v2\/posts"}],"about":[{"href":"https:\/\/pandc.10z.com.ar\/index.php?rest_route=\/wp\/v2\/types\/post"}],"author":[{"embeddable":true,"href":"https:\/\/pandc.10z.com.ar\/index.php?rest_route=\/wp\/v2\/users\/5"}],"replies":[{"embeddable":true,"href":"https:\/\/pandc.10z.com.ar\/index.php?rest_route=%2Fwp%2Fv2%2Fcomments&post=3129"}],"version-history":[{"count":0,"href":"https:\/\/pandc.10z.com.ar\/index.php?rest_route=\/wp\/v2\/posts\/3129\/revisions"}],"wp:attachment":[{"href":"https:\/\/pandc.10z.com.ar\/index.php?rest_route=%2Fwp%2Fv2%2Fmedia&parent=3129"}],"wp:term":[{"taxonomy":"category","embeddable":true,"href":"https:\/\/pandc.10z.com.ar\/index.php?rest_route=%2Fwp%2Fv2%2Fcategories&post=3129"},{"taxonomy":"post_tag","embeddable":true,"href":"https:\/\/pandc.10z.com.ar\/index.php?rest_route=%2Fwp%2Fv2%2Ftags&post=3129"}],"curies":[{"name":"wp","href":"https:\/\/api.w.org\/{rel}","templated":true}]}}