{"id":3105,"date":"2010-08-29T11:35:24","date_gmt":"2010-08-29T14:35:24","guid":{"rendered":"http:\/\/pandc.10z.com.ar\/?p=3105"},"modified":"2010-08-29T12:25:30","modified_gmt":"2010-08-29T15:25:30","slug":"joan-manuel-serrat-la-tieta-single-1967","status":"publish","type":"post","link":"https:\/\/pandc.10z.com.ar\/?p=3105","title":{"rendered":"Joan Manuel Serrat &#8211; La Tieta (single) (1967)"},"content":{"rendered":"<p style=\"text-align: center;\"><a href=\"https:\/\/pandc.10z.com.ar\/wp-content\/img\/tieta.jpg\" target=\"_blank\"><img loading=\"lazy\" decoding=\"async\" class=\"aligncenter\" src=\"https:\/\/pandc.10z.com.ar\/wp-content\/img\/tieta.jpg\" alt=\"\" width=\"400\" height=\"400\" \/><\/a><\/p>\n<p style=\"text-align: left;\">El primer \u00e1lbum de <strong>Joan Manuel Serrat<\/strong> se edit\u00f3 en 1967 bajo el t\u00edtulo en catal\u00e1n de<em> \u201cAra que tinc vint anys\u201d (Ahora que tengo veinte a\u00f1os)<\/em>.\u00a0 Desde 1965 se fueron editando varios discos EP y simples que conten\u00edan algunos temas que posteriormente se incluir\u00edan en este disco LP en conjunto.<\/p>\n<p>Entre esos simples que luego formaron parte del primer disco, se encuentra \u00e9ste, con la cara A dedicada a <em>\u201cLa Tieta\u201d<\/em>, la historia de una mujer que, al no casarse, se resigna a ser la t\u00eda soltera de la familia. Es la versi\u00f3n original sobre la que se bas\u00f3 <em>Paolo Limiti<\/em> para reescribirla y adaptarla para <strong>Mina<\/strong> en <em>\u201cBugiardo e incosciente\u201d<\/em>, y me pareci\u00f3 interesante compartirla con ustedes.<\/p>\n<p><strong>M\u00fasicos:<\/strong><\/p>\n<p><strong>Ferran Figuereas Orteu:<\/strong> guitarra<br \/>\n<strong>Enric Ponsa:<\/strong> contrabajo<br \/>\n<strong>Josep M. Alpiste: <\/strong>viol\u00edn<br \/>\n<strong>Josep Trotta: <\/strong>violoncello<br \/>\n<strong>Mar\u00eda Luisa Ib\u00e1\u00f1ez: <\/strong>arpa<br \/>\n<strong>Miquel Dochado:<\/strong> acorde\u00f3n<br \/>\n<strong>Nicanor Sans: <\/strong>trompa<br \/>\n<strong>Juli Pa\u00f1ella:<\/strong> clarinete<\/p>\n<p><strong>Tracklist:<\/strong><\/p>\n<p>01. La tieta<br \/>\n02. Can\u00e7\u00f3 de bressol<\/p>\n<p>***<\/p>\n<p><a href=\"http:\/\/www.megaupload.com\/?d=Y441LM0B\"><strong>Aqu\u00ed<\/strong><\/a><\/p>\n<p>***<\/p>\n<p style=\"text-align: left;\">\n","protected":false},"excerpt":{"rendered":"<p>El primer \u00e1lbum de Joan Manuel Serrat se edit\u00f3 en 1967 bajo el t\u00edtulo en catal\u00e1n de \u201cAra que tinc vint anys\u201d (Ahora que tengo veinte a\u00f1os).\u00a0 Desde 1965 se fueron editando varios discos EP y simples que conten\u00edan algunos temas que posteriormente se incluir\u00edan en este disco LP en conjunto. Entre esos simples que [&hellip;]<\/p>\n","protected":false},"author":5,"featured_media":0,"comment_status":"open","ping_status":"open","sticky":false,"template":"","format":"standard","meta":{"footnotes":""},"categories":[370],"tags":[150],"class_list":["post-3105","post","type-post","status-publish","format-standard","hentry","category-joan-manuel-serrat","tag-espana"],"_links":{"self":[{"href":"https:\/\/pandc.10z.com.ar\/index.php?rest_route=\/wp\/v2\/posts\/3105","targetHints":{"allow":["GET"]}}],"collection":[{"href":"https:\/\/pandc.10z.com.ar\/index.php?rest_route=\/wp\/v2\/posts"}],"about":[{"href":"https:\/\/pandc.10z.com.ar\/index.php?rest_route=\/wp\/v2\/types\/post"}],"author":[{"embeddable":true,"href":"https:\/\/pandc.10z.com.ar\/index.php?rest_route=\/wp\/v2\/users\/5"}],"replies":[{"embeddable":true,"href":"https:\/\/pandc.10z.com.ar\/index.php?rest_route=%2Fwp%2Fv2%2Fcomments&post=3105"}],"version-history":[{"count":0,"href":"https:\/\/pandc.10z.com.ar\/index.php?rest_route=\/wp\/v2\/posts\/3105\/revisions"}],"wp:attachment":[{"href":"https:\/\/pandc.10z.com.ar\/index.php?rest_route=%2Fwp%2Fv2%2Fmedia&parent=3105"}],"wp:term":[{"taxonomy":"category","embeddable":true,"href":"https:\/\/pandc.10z.com.ar\/index.php?rest_route=%2Fwp%2Fv2%2Fcategories&post=3105"},{"taxonomy":"post_tag","embeddable":true,"href":"https:\/\/pandc.10z.com.ar\/index.php?rest_route=%2Fwp%2Fv2%2Ftags&post=3105"}],"curies":[{"name":"wp","href":"https:\/\/api.w.org\/{rel}","templated":true}]}}