{"id":3041,"date":"2010-08-14T11:24:07","date_gmt":"2010-08-14T14:24:07","guid":{"rendered":"http:\/\/pandc.10z.com.ar\/?p=3041"},"modified":"2010-08-14T11:24:07","modified_gmt":"2010-08-14T14:24:07","slug":"enzo-jannacci-le-canzoni-di-enzo-jannacci-1968","status":"publish","type":"post","link":"https:\/\/pandc.10z.com.ar\/?p=3041","title":{"rendered":"Enzo Jannacci &#8211; Le Canzoni di Enzo Jannacci (1968)"},"content":{"rendered":"<p><a href=\"https:\/\/pandc.10z.com.ar\/wp-content\/img\/jannacifront.jpg\" target=\"_blank\"><img loading=\"lazy\" decoding=\"async\" class=\"aligncenter\" src=\"https:\/\/pandc.10z.com.ar\/wp-content\/img\/jannacifront.jpg\" alt=\"\" width=\"400\" height=\"400\" \/><\/a><\/p>\n<p style=\"text-align: center;\"><a href=\"https:\/\/pandc.10z.com.ar\/wp-content\/img\/jannacciback.jpg\" target=\"_blank\"><img loading=\"lazy\" decoding=\"async\" class=\"aligncenter\" src=\"https:\/\/pandc.10z.com.ar\/wp-content\/img\/jannacciback.jpg\" alt=\"\" width=\"400\" height=\"400\" \/><\/a><\/p>\n<p style=\"text-align: left;\"><strong>Vincenzo Jannacci<\/strong>, naci\u00f3 en Mil\u00e1n el 3 de junio de 1935, y es un cantante y actor italiano.<\/p>\n<p>Sus inicios fueron cuando, con 20 a\u00f1os de edad, trabaj\u00f3 como cantante de jazz en los bares de su ciudad.\u00a0 Precisamente, en el bar <em>Derby<\/em> conoce a <em>Giorgio Gaber, Tony Dallara, y Adriano Celentano<\/em>, quien ser\u00eda su amigo y compadre, y con los cuales grab\u00f3 sus primeros discos.\u00a0 Participa como compositor en 1961, en el Festival de San Remo con la canci\u00f3n <em>\u201cBenzina e cerini\u201d<\/em> (bencina y f\u00f3sforos), que interpret\u00f3 <em>Giorgio Gaber<\/em>.<\/p>\n<p>En 1964, realiza espect\u00e1culos musicales junto al dramaturgo italiano <em>Dario Fo<\/em>, y participa en varios programas televisivos durante esa d\u00e9cada, hasta que por razones pol\u00edticas, abandona la RAI en 1969, para estudiar un doctorado en medicina en los Estados Unidos por cuatro a\u00f1os. A esa altura su particular modo de cantar y su forma de expresarse en el escenario eran un verdadero sello personal.<\/p>\n<p><em>\u201cLe canzoni di Enzo Jannacci\u201d<\/em>, que aqu\u00ed presentamos, es una recopilaci\u00f3n de discos simples (y un par de in\u00e9ditos hasta entonces) realizada por el sello <em>Ricordi <\/em>para aprovechar la popularidad de <strong>Jannacci<\/strong> con la canci\u00f3n <em>\u201cVengo anch\u2019io. No tu no\u201d<\/em>. A tal punto que en la cubierta de la primera edici\u00f3n del disco aparece mencionada en los <em>\u201cglobitos de comic\u201d<\/em> que acompa\u00f1an la figura del artista.\u00a0 Originalmente no forma parte del disco (<em>la he inclu\u00eddo como \u201cbonus track\u201d<\/em>), dado que <strong>Jannacci <\/strong>la grab\u00f3 para su nuevo sello y <em>Ricordi <\/em>no la ten\u00eda en su cat\u00e1logo.<\/p>\n<p>De hecho, esa canci\u00f3n fue un \u00e9xito gigante incluso en Am\u00e9rica, y en Argentina tuvo varias versiones de artistas locales.\u00a0 El propio <strong>Jannacci<\/strong> intent\u00f3 (sin mucho \u00e9xito) dejar de ser reconocido como el int\u00e9rprete de <em>\u201cVengo anch\u2019io\u2026\u201d<\/em> a esa altura con su verdadero sentido tergiversado por tanta difusi\u00f3n y convertido en un tema para ni\u00f1os!.\u00a0 F\u00edjense que, de hecho, en el texto de la contratapa del disco se lo presenta como <strong>Enzo \u00abVengo anch&#8217;io, no tu no\u00bb Jannacci<\/strong>&#8230;<\/p>\n<p>Letra y m\u00fasica, en todos los casos, le pertenecen.\u00a0 Y en las canciones <em>\u201cIl cane con i capelli\u201d, \u201cgheru-gheru\u201d, \u201cBambino boma\u201d<\/em> y <em>\u201cL\u2019artista\u201d, <\/em>la orquesta fue arreglada y dirigida por el maestro<em> Iller Pattacini<\/em>.<\/p>\n<p><strong>Tracklist:<\/strong><\/p>\n<p>01. L&#8217;ombrello di mio fratello <em>(lado B de 1961)<\/em><br \/>\n02. Passaggio a livello<em> (1960)<\/em><br \/>\n03. Gheru gheru <em>(1961)<\/em><br \/>\n04. Un amore da 50 lire <em>(in\u00e9dito)<\/em><br \/>\n05. Bambino boma <em>(in\u00e9dito)<\/em><br \/>\n06. L&#8217;ombra <em>(in\u00e9dito)<\/em><br \/>\n07. Il giramondo <em>(lado B de 1960)<\/em><br \/>\n08. Il tassi&#8217; <em>(1961)<\/em><br \/>\n09. Il cane con i capelli <em>(1961)<\/em><br \/>\n10. L&#8217;artista <em>(in\u00e9dito)<\/em><br \/>\n11. Un nano speciale <em>(in\u00e9dito)<\/em><br \/>\n12. Niente <em>(in\u00e9dito)<\/em><br \/>\n13. Vengo anch\u2019io. No tu no <em>(1968) (bonus track)<\/em><\/p>\n<p>***<\/p>\n<p><a href=\"http:\/\/www.megaupload.com\/?d=ULGAOJ57\"><strong>Aqu\u00ed<\/strong><\/a><\/p>\n<p>***<\/p>\n","protected":false},"excerpt":{"rendered":"<p>Vincenzo Jannacci, naci\u00f3 en Mil\u00e1n el 3 de junio de 1935, y es un cantante y actor italiano. Sus inicios fueron cuando, con 20 a\u00f1os de edad, trabaj\u00f3 como cantante de jazz en los bares de su ciudad.\u00a0 Precisamente, en el bar Derby conoce a Giorgio Gaber, Tony Dallara, y Adriano Celentano, quien ser\u00eda su [&hellip;]<\/p>\n","protected":false},"author":5,"featured_media":0,"comment_status":"open","ping_status":"open","sticky":false,"template":"","format":"standard","meta":{"footnotes":""},"categories":[359],"tags":[3],"class_list":["post-3041","post","type-post","status-publish","format-standard","hentry","category-enzo-jannacci","tag-italia"],"_links":{"self":[{"href":"https:\/\/pandc.10z.com.ar\/index.php?rest_route=\/wp\/v2\/posts\/3041","targetHints":{"allow":["GET"]}}],"collection":[{"href":"https:\/\/pandc.10z.com.ar\/index.php?rest_route=\/wp\/v2\/posts"}],"about":[{"href":"https:\/\/pandc.10z.com.ar\/index.php?rest_route=\/wp\/v2\/types\/post"}],"author":[{"embeddable":true,"href":"https:\/\/pandc.10z.com.ar\/index.php?rest_route=\/wp\/v2\/users\/5"}],"replies":[{"embeddable":true,"href":"https:\/\/pandc.10z.com.ar\/index.php?rest_route=%2Fwp%2Fv2%2Fcomments&post=3041"}],"version-history":[{"count":0,"href":"https:\/\/pandc.10z.com.ar\/index.php?rest_route=\/wp\/v2\/posts\/3041\/revisions"}],"wp:attachment":[{"href":"https:\/\/pandc.10z.com.ar\/index.php?rest_route=%2Fwp%2Fv2%2Fmedia&parent=3041"}],"wp:term":[{"taxonomy":"category","embeddable":true,"href":"https:\/\/pandc.10z.com.ar\/index.php?rest_route=%2Fwp%2Fv2%2Fcategories&post=3041"},{"taxonomy":"post_tag","embeddable":true,"href":"https:\/\/pandc.10z.com.ar\/index.php?rest_route=%2Fwp%2Fv2%2Ftags&post=3041"}],"curies":[{"name":"wp","href":"https:\/\/api.w.org\/{rel}","templated":true}]}}