{"id":30,"date":"2009-07-10T13:56:02","date_gmt":"2009-07-10T16:56:02","guid":{"rendered":"http:\/\/pandc.10z.com.ar\/?p=30"},"modified":"2011-04-17T12:06:28","modified_gmt":"2011-04-17T15:06:28","slug":"franco-battiato-larca-di-noe-1982","status":"publish","type":"post","link":"https:\/\/pandc.10z.com.ar\/?p=30","title":{"rendered":"Franco Battiato &#8211; L&#8217;arca di Noe (1982)"},"content":{"rendered":"<p style=\"text-align: center;\"><a href=\"https:\/\/pandc.10z.com.ar\/wp-content\/uploads\/2009\/07\/arca-di-noe-front.jpg\"><img loading=\"lazy\" decoding=\"async\" class=\"size-full wp-image-32 aligncenter\" title=\"arca di noe front\" src=\"https:\/\/pandc.10z.com.ar\/wp-content\/uploads\/Small\/arca-di-noe-front.jpg\" alt=\"arca di noe front\" width=\"378\" height=\"374\" \/><\/a><\/p>\n<p style=\"text-align: center;\"><a href=\"https:\/\/pandc.10z.com.ar\/wp-content\/uploads\/2009\/07\/arca-di-noe-back.jpg\"><img loading=\"lazy\" decoding=\"async\" class=\"size-full wp-image-31 aligncenter\" title=\"arca di noe back\" src=\"https:\/\/pandc.10z.com.ar\/wp-content\/uploads\/Small\/arca-di-noe-back.jpg\" alt=\"arca di noe back\" width=\"379\" height=\"295\" \/><\/a><\/p>\n<p>Este primer post es para mi amiga y compa\u00f1era <strong>Paola<\/strong>, con quien cualquier viaje parece corto. Asi que vamos a disfrutar este  -casi sin darnos cuenta- por mucho tiempo. Ella puso el mar&#8230; yo pongo el arca. Ahi vamos&#8230;!<\/p>\n<p>***<\/p>\n<p><strong>Franco Battiato<\/strong> naci\u00f3 en un pueblecito de Sicilia, el 23 de marzo de 1945, al pie del Etna.<br \/>\nSu vocaci\u00f3n musical estuvo vinculada desde pronto a la guitarra, con la que trataba de imitar a sus \u00eddolos de entonces, como Elvis Presley y Little Richard. Con ella y junto a sus amigos, tocaba en las fiestas de carnaval en su pueblo para sacar dinero.<br \/>\nFranco comprendi\u00f3 que en la isla no hab\u00eda perspectivas de desarrollar su gran vocaci\u00f3n. Dicho y hecho, se traslad\u00f3 a Mil\u00e1n con apenas dieciocho a\u00f1os, dispuesto a hacerse un hueco en el panorama musical.<br \/>\nLos comienzos fueron muy duros, y muchas veces tuvo que pasar penurias y hasta hambruna. Comenz\u00f3 trabajando en un almac\u00e9n y cantando los grandes \u00e9xitos del momento.<br \/>\nEstuvo un tiempo actuando en un cabaret, hasta que, en 1967, un cazatalentos decide darle una oportunidad y le produce un single. El resultado no se hace esperar, y pronto comienza a crecer su fama. Compone una serie de temas, en la m\u00e1s pura tradici\u00f3n de la canci\u00f3n de amor italiana, que disfrutaron de un notable \u00e9xito.<br \/>\nSin embargo, y como ser\u00eda habitual en su carrera, se cans\u00f3 de todo el montaje que se cern\u00eda en torno a \u00e9l y decidi\u00f3 alejarse de la \u00abcanci\u00f3n f\u00e1cil\u00bb melosa. Fue hacia 1970, cuando ya bull\u00eda en su cabeza la idea de \u00abFetus\u00bb, su primer disco consagratorio.<br \/>\nPersonalidad entre las m\u00e1s ecl\u00e9cticas y originales de cuantas han aparecido en el panorama cultural italiano de las \u00faltimas d\u00e9cadas, ha pasado por m\u00faltiples estilos musicales: los inicios rom\u00e1nticos, el progressive pop, la m\u00fasica culta o la m\u00fasica \u00e9tnica, consiguiendo siempre un gran \u00e9xito de p\u00fablico y trabajando con colaboradores excepcionales.<br \/>\nEn este disco esta acompa\u00f1ado, ademas de por su banda, por el Coro dei Madrigalisti di Milano y el violin de Giusto Pio.<\/p>\n<p><strong>Tracklist:<\/strong><\/p>\n<p>01. Radio Varsavia<br \/>\n02. Clamori<br \/>\n03. L`esodo<br \/>\n04. Scalo a grado<br \/>\n05. La torre<br \/>\n06. New frontiers<br \/>\n07. Voglio vederti danzare<\/p>\n<p>***<\/p>\n<p><a href=\"http:\/\/www.megaupload.com\/?d=PUPF54MO\"><strong>MU Aqu\u00ed<\/strong><\/a><\/p>\n<p><a href=\"http:\/\/rapidshare.com\/files\/254272011\/FBArcaNoe.PC.rar\"><strong>RS Aqu\u00ed<\/strong><\/a><\/p>\n<p>***<\/p>\n","protected":false},"excerpt":{"rendered":"<p>Este primer post es para mi amiga y compa\u00f1era Paola, con quien cualquier viaje parece corto. Asi que vamos a disfrutar este -casi sin darnos cuenta- por mucho tiempo. Ella puso el mar&#8230; yo pongo el arca. Ahi vamos&#8230;! *** Franco Battiato naci\u00f3 en un pueblecito de Sicilia, el 23 de marzo de 1945, al [&hellip;]<\/p>\n","protected":false},"author":5,"featured_media":0,"comment_status":"open","ping_status":"open","sticky":false,"template":"","format":"standard","meta":{"footnotes":""},"categories":[4],"tags":[3],"class_list":["post-30","post","type-post","status-publish","format-standard","hentry","category-franco-battiato","tag-italia"],"_links":{"self":[{"href":"https:\/\/pandc.10z.com.ar\/index.php?rest_route=\/wp\/v2\/posts\/30","targetHints":{"allow":["GET"]}}],"collection":[{"href":"https:\/\/pandc.10z.com.ar\/index.php?rest_route=\/wp\/v2\/posts"}],"about":[{"href":"https:\/\/pandc.10z.com.ar\/index.php?rest_route=\/wp\/v2\/types\/post"}],"author":[{"embeddable":true,"href":"https:\/\/pandc.10z.com.ar\/index.php?rest_route=\/wp\/v2\/users\/5"}],"replies":[{"embeddable":true,"href":"https:\/\/pandc.10z.com.ar\/index.php?rest_route=%2Fwp%2Fv2%2Fcomments&post=30"}],"version-history":[{"count":0,"href":"https:\/\/pandc.10z.com.ar\/index.php?rest_route=\/wp\/v2\/posts\/30\/revisions"}],"wp:attachment":[{"href":"https:\/\/pandc.10z.com.ar\/index.php?rest_route=%2Fwp%2Fv2%2Fmedia&parent=30"}],"wp:term":[{"taxonomy":"category","embeddable":true,"href":"https:\/\/pandc.10z.com.ar\/index.php?rest_route=%2Fwp%2Fv2%2Fcategories&post=30"},{"taxonomy":"post_tag","embeddable":true,"href":"https:\/\/pandc.10z.com.ar\/index.php?rest_route=%2Fwp%2Fv2%2Ftags&post=30"}],"curies":[{"name":"wp","href":"https:\/\/api.w.org\/{rel}","templated":true}]}}