{"id":2899,"date":"2014-07-16T06:09:32","date_gmt":"2014-07-16T09:09:32","guid":{"rendered":"http:\/\/pandc.10z.com.ar\/?p=2899"},"modified":"2018-03-08T22:59:02","modified_gmt":"2018-03-09T01:59:02","slug":"mina-adriano-celentano-%e2%80%93-fantastica-la-mia-storia-2007","status":"publish","type":"post","link":"https:\/\/pandc.10z.com.ar\/?p=2899","title":{"rendered":"Mina &#038; Adriano Celentano \u2013 Fantastica \/ La Mia Storia (2007)"},"content":{"rendered":"<p><a href=\"https:\/\/pandc.10z.com.ar\/wp-content\/img\/fantasticafront.jpg\" target=\"_blank\"><img loading=\"lazy\" decoding=\"async\" class=\"aligncenter\" src=\"https:\/\/pandc.10z.com.ar\/wp-content\/img\/fantasticafront.jpg\" alt=\"\" width=\"400\" height=\"400\" \/><\/a><\/p>\n<p style=\"text-align: center;\"><a href=\"https:\/\/pandc.10z.com.ar\/wp-content\/img\/fantasticaback.jpg\" target=\"_blank\"><img loading=\"lazy\" decoding=\"async\" class=\"aligncenter\" src=\"https:\/\/pandc.10z.com.ar\/wp-content\/img\/fantasticaback.jpg\" alt=\"\" width=\"400\" height=\"330\" \/><\/a><\/p>\n<p style=\"text-align: left;\">Ya hemos recorrido en <strong>P&amp;C<\/strong> variadamente la carrera y la vida de <strong>Mina<\/strong>. Pero si a alguien le falta saber qui\u00e9n es <strong>Adriano Celentano<\/strong>, empecemos por decir que naci\u00f3 en Milan, Italia, el 6 de enero de 1938.\u00a0 <strong>Celentano<\/strong> empieza a exhibirse como c\u00f3mico e imitador en los cabaret milaneses y debuta oficialmente como cantante en el palacio del hielo de Mil\u00e1n durante el Primer Festival del Rock And Roll de 1957. Con tres o cuatro sencillos, se transform\u00f3a en el protagonista m\u00e1s idolatrado (y, a menudo, maas criticado) de la canci\u00f3n italiana. Muy popular como \u00abrocker\u00bb, posteriormente se convierte en int\u00e9rprete de particulares canciones inspiradas en los m\u00e1s dispares g\u00e9neros (m\u00fasica soul, tango, valses, shimmy) y, a partir de 1965, se dedica con el mismo \u00e9xito al cine, y muestra, ante la c\u00e1mara, una singular vena c\u00f3mica. En aproximadamente 40 a\u00f1os cosecha una serie impresionante de \u00e9xitos discogr\u00e1ficos, pero tampoco faltan los \u00e9xitos en el cine.\u00a0 Muchas de las canciones de Celentano son parte de la historia de la canci\u00f3n italiana. Algunas son verdaderas joyas como <em>\u00abAzzurro\u00bb, \u00abUna carezza in un pugno\u00bb<\/em> y <em>\u00abIl ragazzo della via Gluck\u00bb<\/em>.\u00a0 En el mercado discogr\u00e1fico contin\u00faan vendi\u00e9ndose todos los discos de su larga carrera as\u00ed como diferentes antolog\u00edas<\/p>\n<p><strong>***<\/strong><\/p>\n<p>Este disco es en realidad una recopilaci\u00f3n de diferentes grabaciones originales de <strong>Mina y Celentano<\/strong>, con los \u00e9xitos que ambos hicieron populares en la televisi\u00f3n italiana, que los tuvo juntos y como protagonistas en repetidas ocasiones.<\/p>\n<p>En el repertorio cantado por <strong>Mina<\/strong> (el segundo CD) se destacan dos tracks que vale la pena subrayar: <em>\u201cLa banda\u201d<\/em>, aquel primigenio \u00e9xito (y primer simple grabado) de <em>Chico Buarque<\/em>, y <em>\u201cCoraz\u00f3n\u201d<\/em>, que no es otra cosa que el bolero<em> \u201cLa barca\u201d<\/em>, cantado en castellano.<\/p>\n<p>Como <strong>bonus tracks exclusivos de P&amp;C<\/strong> he agregado dos canciones interpretadas a d\u00fao (y con mucho humor) por<strong> Mina y Celentano<\/strong> en la RAI en 1972. Y he agregado los videos de los programas originales para poder disfrutar por completo del magnetismo y la energ\u00eda que esta pareja emanaba al actuar juntos.<\/p>\n<p><strong>CD1<\/strong><\/p>\n<p>01. Si \u00e8 spento il sole<br \/>\n02. Nata per me<br \/>\n03. Il ribelle<br \/>\n04. Rock matto<br \/>\n05. La mezza luna<br \/>\n06. Man smart<br \/>\n07. Movimento rock<br \/>\n08. Buona sera signorina<br \/>\n09. Jailhouse rock<br \/>\n10. Ritorna lo Shimmy<\/p>\n<p><strong>CD2<\/strong><\/p>\n<p>01. E&#8217; l&#8217;uomo per me (He walks like a man)<br \/>\n02. La banda (A banda)<br \/>\n03. Se telefonando<br \/>\n04. Valentino Vale<br \/>\n05. Sono come tu mi vuoi<br \/>\n06. Quando vedr\u00f3<br \/>\n07. Tu non ci credi pi\u00f9<br \/>\n08. Corazon<br \/>\n09. Mi sei scoppiato dentro il cuore<br \/>\n10. Io sono quel che sono<br \/>\n11. L&#8217;immensit\u00e1<br \/>\n12. Addio<br \/>\n13. Canta ragazzina<br \/>\n14. Cartoline<br \/>\n15. Se mi compri un gelato<br \/>\n16. E&#8217; inutile<br \/>\n17. Sono qui per te<\/p>\n<p>**********<\/p>\n<p><a href=\"https:\/\/pandc.10z.com.ar\/torrent\/Mina &#038; Celentano - Fantastica - La Mia Storia(2007).torrent\" target=\"_blank\"><strong>Descargar Torrent<\/strong><\/a><\/p>\n<p><a href=\"https:\/\/yadi.sk\/d\/vKfekvxi3TAu5V\" target=\"_blank\"><strong>Descarga Directa<\/strong><\/a><\/p>\n<p>**********<\/p>\n","protected":false},"excerpt":{"rendered":"<p>Ya hemos recorrido en P&amp;C variadamente la carrera y la vida de Mina. Pero si a alguien le falta saber qui\u00e9n es Adriano Celentano, empecemos por decir que naci\u00f3 en Milan, Italia, el 6 de enero de 1938.\u00a0 Celentano empieza a exhibirse como c\u00f3mico e imitador en los cabaret milaneses y debuta oficialmente como cantante [&hellip;]<\/p>\n","protected":false},"author":5,"featured_media":0,"comment_status":"open","ping_status":"open","sticky":false,"template":"","format":"standard","meta":{"footnotes":""},"categories":[348,14],"tags":[3],"class_list":["post-2899","post","type-post","status-publish","format-standard","hentry","category-adriano-celentano","category-mina","tag-italia"],"_links":{"self":[{"href":"https:\/\/pandc.10z.com.ar\/index.php?rest_route=\/wp\/v2\/posts\/2899","targetHints":{"allow":["GET"]}}],"collection":[{"href":"https:\/\/pandc.10z.com.ar\/index.php?rest_route=\/wp\/v2\/posts"}],"about":[{"href":"https:\/\/pandc.10z.com.ar\/index.php?rest_route=\/wp\/v2\/types\/post"}],"author":[{"embeddable":true,"href":"https:\/\/pandc.10z.com.ar\/index.php?rest_route=\/wp\/v2\/users\/5"}],"replies":[{"embeddable":true,"href":"https:\/\/pandc.10z.com.ar\/index.php?rest_route=%2Fwp%2Fv2%2Fcomments&post=2899"}],"version-history":[{"count":0,"href":"https:\/\/pandc.10z.com.ar\/index.php?rest_route=\/wp\/v2\/posts\/2899\/revisions"}],"wp:attachment":[{"href":"https:\/\/pandc.10z.com.ar\/index.php?rest_route=%2Fwp%2Fv2%2Fmedia&parent=2899"}],"wp:term":[{"taxonomy":"category","embeddable":true,"href":"https:\/\/pandc.10z.com.ar\/index.php?rest_route=%2Fwp%2Fv2%2Fcategories&post=2899"},{"taxonomy":"post_tag","embeddable":true,"href":"https:\/\/pandc.10z.com.ar\/index.php?rest_route=%2Fwp%2Fv2%2Ftags&post=2899"}],"curies":[{"name":"wp","href":"https:\/\/api.w.org\/{rel}","templated":true}]}}