{"id":2885,"date":"2010-07-12T10:35:56","date_gmt":"2010-07-12T13:35:56","guid":{"rendered":"http:\/\/pandc.10z.com.ar\/?p=2885"},"modified":"2010-07-12T10:35:56","modified_gmt":"2010-07-12T13:35:56","slug":"v-a-djavan-por-eles-e-por-elas-2009","status":"publish","type":"post","link":"https:\/\/pandc.10z.com.ar\/?p=2885","title":{"rendered":"V.A. &#8211; Djavan Por Eles e Por Elas (2009)"},"content":{"rendered":"<p><a href=\"https:\/\/pandc.10z.com.ar\/wp-content\/img\/porelasfront.jpg\" target=\"_blank\"><img loading=\"lazy\" decoding=\"async\" class=\"aligncenter\" src=\"https:\/\/pandc.10z.com.ar\/wp-content\/img\/porelasfront.jpg\" alt=\"\" width=\"400\" height=\"400\" \/><\/a><\/p>\n<p style=\"text-align: center;\"><a href=\"https:\/\/pandc.10z.com.ar\/wp-content\/img\/porelesfront.jpg\" target=\"_blank\"><img loading=\"lazy\" decoding=\"async\" class=\"aligncenter\" src=\"https:\/\/pandc.10z.com.ar\/wp-content\/img\/porelesfront.jpg\" alt=\"\" width=\"400\" height=\"400\" \/><\/a><\/p>\n<p style=\"text-align: left;\">En conmemoraci\u00f3n de los 60 a\u00f1os cumplidos por el m\u00fasico brasile\u00f1o <strong>Djavan,<\/strong> el a\u00f1o pasado el sello grabador<em> Som Livre<\/em> lanz\u00f3 un album doble, presentando las m\u00e1s conocidas y exitosas de sus composiciones en versiones de las m\u00e1ximas estrellas de la m\u00fasica popular de Brasil.<\/p>\n<p>Dentro de las versiones femeninas, se detaca la emblematica <em>\u201cAlibi\u201d, <\/em>realizada por Maria Beth\u00e2nia en 1978 (fue la primera gran int\u00e9rprete en versionar a <strong>Djavan<\/strong>). Tambi\u00e9n es especial la versi\u00f3n de Elis Regina de <em>\u201cSamba dobrado\u201d<\/em>, grabada en el Festival de Jazz de Montreal de 1978.<\/p>\n<p>En el CD de versiones masculinas, Chico Buarque aparece en la versi\u00f3n de <em>\u201cA Ilha\u201d <\/em>(1980), una canci\u00f3n de Djavan originalmente lanzada por Roberto Carlos y Ed Motta da una relectura interesante al m\u00e1ximo hit de <strong>Djavan<\/strong>: <em>\u201cSamurai\u201d<\/em>.<br \/>\n<strong><\/p>\n<p>Djavan por Elas:<\/strong><\/p>\n<p>01. Ivete Sangalo &#8211; Tanta saudade<br \/>\n02. C\u00e1ssia Eller &#8211; P\u00e9tala<br \/>\n03. Z\u00e9lia Duncan &#8211; Cigano<br \/>\n04. Beth Carvalho &#8211; Flor de lis<br \/>\n05. Gal Costa &#8211; Faltando um peda\u00e7o<br \/>\n06. Nana Caymmi &#8211; Meu bem-querer<br \/>\n07. Daniela Mercury &#8211; Serrado (ao Vivo)<br \/>\n08. Maria Beth\u00e2nia &#8211; \u00c1libi<br \/>\n09. Elis Regina &#8211; Samba dobrado (ao Vivo)<br \/>\n10. Sandra de S\u00e1 &#8211; Sina<br \/>\n11. Rosa Passos &#8211; Seduzir<br \/>\n12. Zizi Possi &#8211; Capim<br \/>\n13. Angela Ro Ro &#8211; Outono<br \/>\n14. Ol\u00edvia Hime &#8211; A Rota do Indiv\u00edduo (Ferrugem)<\/p>\n<p><strong>Djavan por Eles:<\/strong><\/p>\n<p>01. Caetano Veloso &#8211; Linha do Equador (ao Vivo)<br \/>\n02. Ed Motta &#8211; Samurai<br \/>\n03. Tim Maia &#8211; Oceano<br \/>\n04. Banda Eva &#8211; Se&#8230; (ao Vivo)<br \/>\n05. Cidade Negra &#8211; Lil\u00e1s<br \/>\n06. Chico Buarque &#8211; A Ilha<br \/>\n07. Os Paralamas do Sucesso &#8211; A\u00e7ai<br \/>\n08. Ney Matogrosso &amp; Luiz Avellar &#8211; Nobreza<br \/>\n09. Orlando Morais &#8211; Azul<br \/>\n10. Z\u00e9 Renato &amp; Ricardo Silveira &#8211; Fato consumado<br \/>\n11. Paulinho Moska &#8211; Top\u00e1zio<br \/>\n12. Lenine &#8211; Ma\u00e7a do Rosto<br \/>\n13. Dominguinhos &#8211; Est\u00f3ria de Cantador<br \/>\n14. Arthur Maia &amp; Cl\u00e1udio Zoli &#8211; Luz<\/p>\n<p>***<\/p>\n<p><a href=\"http:\/\/www.megaupload.com\/?d=KVTGR9X9\"><strong>Aqu\u00ed<\/strong><\/a><\/p>\n<p><a href=\"http:\/\/www.megaupload.com\/?d=N36ZP3NW\"><strong>Aqu\u00ed<\/strong><\/a><\/p>\n<p>***<\/p>\n","protected":false},"excerpt":{"rendered":"<p>En conmemoraci\u00f3n de los 60 a\u00f1os cumplidos por el m\u00fasico brasile\u00f1o Djavan, el a\u00f1o pasado el sello grabador Som Livre lanz\u00f3 un album doble, presentando las m\u00e1s conocidas y exitosas de sus composiciones en versiones de las m\u00e1ximas estrellas de la m\u00fasica popular de Brasil. Dentro de las versiones femeninas, se detaca la emblematica \u201cAlibi\u201d, [&hellip;]<\/p>\n","protected":false},"author":5,"featured_media":0,"comment_status":"open","ping_status":"open","sticky":false,"template":"","format":"standard","meta":{"footnotes":""},"categories":[197,11],"tags":[12],"class_list":["post-2885","post","type-post","status-publish","format-standard","hentry","category-djavan","category-v-a","tag-brasil"],"_links":{"self":[{"href":"https:\/\/pandc.10z.com.ar\/index.php?rest_route=\/wp\/v2\/posts\/2885","targetHints":{"allow":["GET"]}}],"collection":[{"href":"https:\/\/pandc.10z.com.ar\/index.php?rest_route=\/wp\/v2\/posts"}],"about":[{"href":"https:\/\/pandc.10z.com.ar\/index.php?rest_route=\/wp\/v2\/types\/post"}],"author":[{"embeddable":true,"href":"https:\/\/pandc.10z.com.ar\/index.php?rest_route=\/wp\/v2\/users\/5"}],"replies":[{"embeddable":true,"href":"https:\/\/pandc.10z.com.ar\/index.php?rest_route=%2Fwp%2Fv2%2Fcomments&post=2885"}],"version-history":[{"count":0,"href":"https:\/\/pandc.10z.com.ar\/index.php?rest_route=\/wp\/v2\/posts\/2885\/revisions"}],"wp:attachment":[{"href":"https:\/\/pandc.10z.com.ar\/index.php?rest_route=%2Fwp%2Fv2%2Fmedia&parent=2885"}],"wp:term":[{"taxonomy":"category","embeddable":true,"href":"https:\/\/pandc.10z.com.ar\/index.php?rest_route=%2Fwp%2Fv2%2Fcategories&post=2885"},{"taxonomy":"post_tag","embeddable":true,"href":"https:\/\/pandc.10z.com.ar\/index.php?rest_route=%2Fwp%2Fv2%2Ftags&post=2885"}],"curies":[{"name":"wp","href":"https:\/\/api.w.org\/{rel}","templated":true}]}}