{"id":2858,"date":"2010-07-08T10:37:42","date_gmt":"2010-07-08T13:37:42","guid":{"rendered":"http:\/\/pandc.10z.com.ar\/?p=2858"},"modified":"2010-07-08T10:37:42","modified_gmt":"2010-07-08T13:37:42","slug":"maria-bethania-drama-1972","status":"publish","type":"post","link":"https:\/\/pandc.10z.com.ar\/?p=2858","title":{"rendered":"Maria Bethania &#8211; Drama (1972)"},"content":{"rendered":"<p><a href=\"https:\/\/pandc.10z.com.ar\/wp-content\/img\/dramafront.jpg\" target=\"_blank\"><img loading=\"lazy\" decoding=\"async\" class=\"aligncenter\" src=\"https:\/\/pandc.10z.com.ar\/wp-content\/img\/dramafront.jpg\" alt=\"\" width=\"400\" height=\"400\" \/><\/a><\/p>\n<p style=\"text-align: center;\"><a href=\"https:\/\/pandc.10z.com.ar\/wp-content\/img\/dramaback.jpg\" target=\"_blank\"><img loading=\"lazy\" decoding=\"async\" class=\"aligncenter\" src=\"https:\/\/pandc.10z.com.ar\/wp-content\/img\/dramaback.jpg\" alt=\"\" width=\"400\" height=\"400\" \/><\/a><\/p>\n<p style=\"text-align: left;\">Uno de los puntos fuertes de la discograf\u00eda de Mar\u00eda Beth\u00e2nia, este \u201cDrama\u201d (del griego \u201cacci\u00f3n\u201d), comienza con un \u201cPunto\u201d contra el autoritarismo de la dictadura (\u201cSoy yo quien no tiene miedo\u201d). El mensaje es confirmado en los otros temas del \u00e1lbum, como \u201cNegror dos tempos\u201d, de Caetano Veloso, que se ocup\u00f3 de la producci\u00f3n del disco apenas llegado de su exilio ingl\u00e9s.<\/p>\n<p>Un cl\u00e1sico.<\/p>\n<p>Tracklist:<\/p>\n<p>01. Ponto<br \/>\n<em>(Folklore)<\/em><br \/>\n02. Esse cara\/bodas de prata<br \/>\n<em>(Caetano Veloso) &#8211; (Martins &#8211; Rossi)<\/em><br \/>\n03. Volta por cima<br \/>\n<em>(Paulo Vanzolini)<\/em><br \/>\n04. Bom dia<br \/>\n<em>(Heriberto Martins &#8211; Aldo Cabral)<\/em><br \/>\n05. Anjo exterminado<br \/>\n<em>(Jards Macal\u00e9 &#8211; Wally Salom\u00e2o)<\/em><br \/>\n06. Maldi\u00e7\u00e2o<br \/>\n<em>(Alfredo Duarte &#8211; Armando Vieira Pinto)<\/em><br \/>\n07. Ians\u00e2<br \/>\n<em>(Gilberto Gil &#8211; Caetano Veloso)<\/em><br \/>\n08. Trampolim<br \/>\n<em>(Caetano Veloso &#8211; Maria Beth\u00e2nia)<\/em><br \/>\n09. Negror dos tempos<br \/>\n<em>(Caetano Veloso)<\/em><br \/>\n10. O circo<br \/>\n<em>(Batatinha)<\/em><br \/>\n11. Est\u00e1cio Holly Est\u00e1cio<br \/>\n<em>(Luiz Melodia)<\/em><br \/>\n12. Drama<br \/>\n<em>(Caetano Veloso)<\/em><\/p>\n<p>***<\/p>\n<p><a href=\"http:\/\/www.megaupload.com\/?d=FWHR5GEK\"><strong>Aqu\u00ed<\/strong><\/a><\/p>\n<p>***<\/p>\n","protected":false},"excerpt":{"rendered":"<p>Uno de los puntos fuertes de la discograf\u00eda de Mar\u00eda Beth\u00e2nia, este \u201cDrama\u201d (del griego \u201cacci\u00f3n\u201d), comienza con un \u201cPunto\u201d contra el autoritarismo de la dictadura (\u201cSoy yo quien no tiene miedo\u201d). El mensaje es confirmado en los otros temas del \u00e1lbum, como \u201cNegror dos tempos\u201d, de Caetano Veloso, que se ocup\u00f3 de la producci\u00f3n [&hellip;]<\/p>\n","protected":false},"author":5,"featured_media":0,"comment_status":"open","ping_status":"open","sticky":false,"template":"","format":"standard","meta":{"footnotes":""},"categories":[59],"tags":[12],"class_list":["post-2858","post","type-post","status-publish","format-standard","hentry","category-maria-bethania","tag-brasil"],"_links":{"self":[{"href":"https:\/\/pandc.10z.com.ar\/index.php?rest_route=\/wp\/v2\/posts\/2858","targetHints":{"allow":["GET"]}}],"collection":[{"href":"https:\/\/pandc.10z.com.ar\/index.php?rest_route=\/wp\/v2\/posts"}],"about":[{"href":"https:\/\/pandc.10z.com.ar\/index.php?rest_route=\/wp\/v2\/types\/post"}],"author":[{"embeddable":true,"href":"https:\/\/pandc.10z.com.ar\/index.php?rest_route=\/wp\/v2\/users\/5"}],"replies":[{"embeddable":true,"href":"https:\/\/pandc.10z.com.ar\/index.php?rest_route=%2Fwp%2Fv2%2Fcomments&post=2858"}],"version-history":[{"count":0,"href":"https:\/\/pandc.10z.com.ar\/index.php?rest_route=\/wp\/v2\/posts\/2858\/revisions"}],"wp:attachment":[{"href":"https:\/\/pandc.10z.com.ar\/index.php?rest_route=%2Fwp%2Fv2%2Fmedia&parent=2858"}],"wp:term":[{"taxonomy":"category","embeddable":true,"href":"https:\/\/pandc.10z.com.ar\/index.php?rest_route=%2Fwp%2Fv2%2Fcategories&post=2858"},{"taxonomy":"post_tag","embeddable":true,"href":"https:\/\/pandc.10z.com.ar\/index.php?rest_route=%2Fwp%2Fv2%2Ftags&post=2858"}],"curies":[{"name":"wp","href":"https:\/\/api.w.org\/{rel}","templated":true}]}}