{"id":2765,"date":"2010-06-20T10:36:02","date_gmt":"2010-06-20T13:36:02","guid":{"rendered":"http:\/\/pandc.10z.com.ar\/?p=2765"},"modified":"2010-06-20T10:36:02","modified_gmt":"2010-06-20T13:36:02","slug":"edu-lobo-y-maria-bethania-%e2%80%93-edu-e-bethania-1967","status":"publish","type":"post","link":"https:\/\/pandc.10z.com.ar\/?p=2765","title":{"rendered":"Edu Lobo y Mar\u00eda Beth\u00e2nia \u2013 Edu e Beth\u00e2nia (1967)"},"content":{"rendered":"<p style=\"text-align: center;\"><a href=\"https:\/\/pandc.10z.com.ar\/wp-content\/img\/MBedufront.jpg\" target=\"_blank\"><img loading=\"lazy\" decoding=\"async\" class=\"aligncenter\" src=\"https:\/\/pandc.10z.com.ar\/wp-content\/img\/MBedufront.jpg\" alt=\"\" width=\"400\" height=\"400\" \/><\/a><\/p>\n<p style=\"text-align: left;\">Retomamos la discograf\u00eda de <strong>Mar\u00eda Beth\u00e2ania<\/strong>, de quien ya hemos hablado <a href=\"https:\/\/pandc.10z.com.ar\/?cat=59\"><strong>AQU\u00cd<\/strong><\/a>. Esta vez, con la reuni\u00f3n con el compositor y cantante Eduardo Lobo.<\/p>\n<p><strong>Eduardo Lobo<\/strong> es el hijo del compositor Fernando Lobo, nacido en Rio de Janeiro el 29 de agosto de 1943.\u00a0 Comenz\u00f3 en la m\u00fasica tocando acorde\u00f3n, pero acab\u00f3 interes\u00e1ndose por la guitarra.\u00a0 Inici\u00f3 su carrera los a\u00f1os 60 fuertemente influenciado por la bossa nova, pero con el transcurrir del tiempo adopt\u00f3 una postura m\u00e1s pol\u00edtico-social, reflejando los anhelos de la generaci\u00f3n reprimida por el dictadura militar brasile\u00f1a.\u00a0 Al tiempo que participaba de varios festivales de m\u00fasica popular, obteniendo el primer premio en 1965 con <em>Arrast\u00e3o <\/em>(con Vinicius de Moraes), y en 1967 con <em>Ponteio <\/em>(con Capinam), Edu se dedica a componer bandas sonoras para espect\u00e1culos teatrales. Tras una temporada en los Estados Unidos, <strong>Edu<\/strong> vuelve al Brasil y retoma su actividad art\u00edstica.<\/p>\n<p><strong>Edu<\/strong> ya era un artista conocido por aquel tiempo, y <strong>Beth\u00e2nia <\/strong>daba sus primeros pasos en tanto que Lobo comparte la autor\u00eda de los temas con <em>Torquato Neto, Capinan, Vinicius de Moraes y Gianfranco Guarnieri<\/em>.\u00a0 En este disco, el hizo los arreglos y ambos int\u00e9rpretes se turnan en tomar la voz l\u00edder en las distintas canciones del disco.\u00a0 Los acompa\u00f1an en esta grabaci\u00f3n otros consagrados de la m\u00fasica de Brasil como <em>Dori Caymmi, D\u00f3rio y Edson Machado<\/em>.<\/p>\n<p><strong>M\u00fasicos :<\/strong><\/p>\n<p><strong>Dori Caymmi: <\/strong> guitarra<br \/>\n<strong>D\u00f3rio Ferreira:<\/strong> contrabajo<br \/>\n<strong>Edu Lobo:<\/strong> guitarra<br \/>\n<strong>Edison Machado:<\/strong> bateria<br \/>\n<strong>Maestro Gaya: <\/strong>Arreglos<\/p>\n<p><strong>Tracklist:<\/strong><\/p>\n<p>01. Upa, neguinho (Edu Lobo &#8211; Guarnieri)<br \/>\n02. Cirandeiro (Edu Lobo &#8211; Capinan)<br \/>\n03. Sinher\u00e9 (Edu Lobo &#8211; Guarnieri)<br \/>\n04. Lua nova (Edu Lobo &#8211; Torquato Neto)<br \/>\n05. Candeias(Edu Lobo)<br \/>\n06. Borand\u00e1 (Edu Lobo)<br \/>\n07. Pra dizer adeus (Edu Lobo &#8211; Torquato Neto)<br \/>\n08. Veleiro (Edu Lobo &#8211; Torquato Neto)<br \/>\n09. S\u00f3 me fez bem (Edu Lobo &#8211; Vinicius de Moraes)<br \/>\n10. O tempo e o rio (Edu Lobo &#8211; Capinam)<\/p>\n<p>***<\/p>\n<p><a href=\"http:\/\/www.megaupload.com\/?d=MP6TH2H8\"><strong>Aqu\u00ed<\/strong><\/a><\/p>\n<p>***<\/p>\n","protected":false},"excerpt":{"rendered":"<p>Retomamos la discograf\u00eda de Mar\u00eda Beth\u00e2ania, de quien ya hemos hablado AQU\u00cd. Esta vez, con la reuni\u00f3n con el compositor y cantante Eduardo Lobo. Eduardo Lobo es el hijo del compositor Fernando Lobo, nacido en Rio de Janeiro el 29 de agosto de 1943.\u00a0 Comenz\u00f3 en la m\u00fasica tocando acorde\u00f3n, pero acab\u00f3 interes\u00e1ndose por la [&hellip;]<\/p>\n","protected":false},"author":5,"featured_media":0,"comment_status":"open","ping_status":"open","sticky":false,"template":"","format":"standard","meta":{"footnotes":""},"categories":[333,59],"tags":[12],"class_list":["post-2765","post","type-post","status-publish","format-standard","hentry","category-edu-lobo","category-maria-bethania","tag-brasil"],"_links":{"self":[{"href":"https:\/\/pandc.10z.com.ar\/index.php?rest_route=\/wp\/v2\/posts\/2765","targetHints":{"allow":["GET"]}}],"collection":[{"href":"https:\/\/pandc.10z.com.ar\/index.php?rest_route=\/wp\/v2\/posts"}],"about":[{"href":"https:\/\/pandc.10z.com.ar\/index.php?rest_route=\/wp\/v2\/types\/post"}],"author":[{"embeddable":true,"href":"https:\/\/pandc.10z.com.ar\/index.php?rest_route=\/wp\/v2\/users\/5"}],"replies":[{"embeddable":true,"href":"https:\/\/pandc.10z.com.ar\/index.php?rest_route=%2Fwp%2Fv2%2Fcomments&post=2765"}],"version-history":[{"count":0,"href":"https:\/\/pandc.10z.com.ar\/index.php?rest_route=\/wp\/v2\/posts\/2765\/revisions"}],"wp:attachment":[{"href":"https:\/\/pandc.10z.com.ar\/index.php?rest_route=%2Fwp%2Fv2%2Fmedia&parent=2765"}],"wp:term":[{"taxonomy":"category","embeddable":true,"href":"https:\/\/pandc.10z.com.ar\/index.php?rest_route=%2Fwp%2Fv2%2Fcategories&post=2765"},{"taxonomy":"post_tag","embeddable":true,"href":"https:\/\/pandc.10z.com.ar\/index.php?rest_route=%2Fwp%2Fv2%2Ftags&post=2765"}],"curies":[{"name":"wp","href":"https:\/\/api.w.org\/{rel}","templated":true}]}}