{"id":2574,"date":"2021-04-29T07:57:00","date_gmt":"2021-04-29T10:57:00","guid":{"rendered":"http:\/\/pandc.10z.com.ar\/?p=2574"},"modified":"2021-04-29T22:31:11","modified_gmt":"2021-04-30T01:31:11","slug":"mina-mina-canta-giorgio-calabrese-p-c-2010","status":"publish","type":"post","link":"https:\/\/pandc.10z.com.ar\/?p=2574","title":{"rendered":"Mina &#8211; Mina Canta Giorgio Calabrese P.&#038;C. (2010)"},"content":{"rendered":"<p style=\"text-align: center;\"><a href=\"https:\/\/pandc.10z.com.ar\/wp-content\/img\/MinaCalabrese1.jpg\" target=\"_blank\" rel=\"noopener\"><img loading=\"lazy\" decoding=\"async\" class=\"aligncenter\" title=\"MinaCal1\" src=\"https:\/\/pandc.10z.com.ar\/wp-content\/img\/MinaCalabrese1.jpg\" alt=\"\" width=\"400\" height=\"400\"><\/a><\/p>\n<p style=\"text-align: center;\"><a href=\"https:\/\/pandc.10z.com.ar\/wp-content\/img\/MinaCalabrese2.jpg\" target=\"_blank\" rel=\"noopener\"><img loading=\"lazy\" decoding=\"async\" class=\"aligncenter\" title=\"MinaCal2\" src=\"https:\/\/pandc.10z.com.ar\/wp-content\/img\/MinaCalabrese2.jpg\" alt=\"\" width=\"400\" height=\"320\"><\/a><\/p>\n<p style=\"text-align: center;\"><a href=\"https:\/\/pandc.10z.com.ar\/wp-content\/img\/MinaCalabrese3.jpg\" target=\"_blank\" rel=\"noopener\"><img loading=\"lazy\" decoding=\"async\" class=\"aligncenter\" title=\"minCal3\" src=\"https:\/\/pandc.10z.com.ar\/wp-content\/img\/MinaCalabrese3.jpg\" alt=\"\" width=\"400\" height=\"400\"><\/a><\/p>\n<p>Como anunci\u00e9 en el post <em>\u00abOmaggio a un paroliere: Giorgio Calabrese\u00bb<\/em>, que pueden ver <a href=\"https:\/\/pandc.10z.com.ar\/?cat=294\">AQU\u00cd<\/a>, llega el Super-Mega post: <em>\u00abMina Canta Giorgio Calabrese\u00bb<\/em>. Una compilaci\u00f3n de tres Cd que, inexplicablemente, ninguna casa discogr\u00e1fica ha pensado nunca en hacer. Me han ayudado en este trabajo: <em><span style=\"color: #993300;\"><strong>Charly<\/strong><\/span><\/em>, mi querido acompa\u00f1ante en este Viaje Musical, consiguiendome el \u00faltimo tema que me faltaba en el Cd n\u00b03; el m\u00e1s reciente entre los \u00abC\u00f3mplices\u00bb, <em><span style=\"color: #993300;\"><strong>Luca II<\/strong><\/span><\/em>, con dos temas; el mago <em><span style=\"color: #993300;\"><strong>Kurtigghiu<\/strong><\/span><\/em>, que ha ensamblado todo el material y sacado de su sombrero de copa esta maravilla de gr\u00e1fica; y naturalmente no pod\u00eda faltar el gran amigo <em><span style=\"color: #993300;\"><strong>Christian<\/strong><\/span><\/em> que nos ha regalado fotos y material para componer las car\u00e1tulas y una entrevista que le hicieron el a\u00f1o pasado a Giorgio Calabrese y que va en archivo a parte junto con la gr\u00e1fica completa. A todos ellos muchas gracias por dedicarme parte de su valioso tiempo y trabajo!<\/p>\n<p>Si ya leyeron el post <em>\u00abOmaggio a un paroliere: Giorgio Calabrese\u00bb<\/em>, saben perfectamente quien es Giorgio Calabrese y que es un \u00abParoliere\u00bb; y si todav\u00eda no lo saben&#8230;lean <a href=\"https:\/\/pandc.10z.com.ar\/?cat=294\">AQU\u00cd<\/a>.<br \/>\nHoy vamos a contar la historia de su muy larga asociaci\u00f3n con Mina. Voy a traducir algunas parte de la entrevista que hicieron el a\u00f1o pasado (y que forma parte de la gr\u00e1fica de esta compilaci\u00f3n) a <strong>Giorgio Calabrese<\/strong>, en la que habla justamente de las canciones que escribi\u00f3 para <strong>Mina<\/strong>:<\/p>\n<p>**<\/p>\n<p><em>&#8230;a prop\u00f3sito de \u00abIl cielo in una stanza\u00bb, aquel m\u00edtico 45 rpm de la Italdisc, grabado en junio de 1960, marc\u00f3 su deb\u00fat oficial como autor de Mina, aunque de inc\u00f3gnito y en el lado B del disco&#8230;<\/em><\/p>\n<p>A Mina la encontr\u00e9 por primera vez en Mil\u00e1n, a finales de 1959, en una peque\u00f1a sala de la Ariston que llenaban Davide Matalon, un piano y ella: una tipa alta alta, con pa\u00f1uelo en la cabeza y la enagua arriba de las rodillas. <em>\u00abY tu quien eres, la estatua de la libertad?\u00bb<\/em> le pregunt\u00e9, trastornado por tanta abundancia. Ella ten\u00eda que grabar un nuevo sencillo; uno de los dos lados &#8211; se decidir\u00eda despu\u00e9s si el A o el B &#8211; ya lo ten\u00edamos: un tema muy \u00abamericano\u00bb, con swing, titulado \u00abLa notte\u00bb, que yo hab\u00eda escritto con Reverberi. Para el otro lado quer\u00edamos poner una canci\u00f3n de nuestro amigo Gino Paoli, \u00abIl cielo in una stanza\u00bb, que hab\u00edamos escuchado decenas de veces, quedando prendados de ella, en la sala de audiciones de la Ricordi, entre los bufidos del patron Mario Rapetti, que ya no aguantaba tener que seguir oyendola. Aunque al inicio con algunas peque\u00f1as perplejidades, el tema termin\u00f3 por conquistar tambi\u00e9n a Mina y a su arreglista Tony De Vita. L\u00e1stima que el disco sali\u00f3 con dos rotundas \u00abfalsificaciones\u00bb en los cr\u00e9ditos editoriales: Gino Paoli, que todav\u00eda no estaba inscrito a la SIAE (Sociedad de Autores), inscribi\u00f3 el tema a nombre de Toang (seud\u00f3nimo de Renato Angiolini) por la parte musical y de Mogol (Rapetti junir) por el texto; en cuanto lo que a mi concierne, siendo en aquella \u00e9poca amarrado a un editor que se quedaba con el 25% de mis ingresos, para evitar problemas puse \u00abLa notte\u00bb a nombre de mi amigo y ex compa\u00f1ero de escuela Franco Franchi&#8230;.<\/p>\n<p>**<\/p>\n<p><em>&#8230;en aquella \u00e9poca sali\u00f3 a la luz tambi\u00e9n la controversial \u00abPiano\u00bb, compuesta con Tony De Vita&#8230;<\/em><\/p>\n<p>Identificandose en el papel de la pobrecita abandonada entre las s\u00e1banas por su amante fugitivo, Mina inexplicablemente hab\u00eda soltado algunos sollozos de m\u00e1s, as\u00ed que la comisi\u00f3n de la RAI, confundiendo aquellas l\u00e1grimas por un turbio llanto post-coital, no dud\u00f3 en rechazar la canci\u00f3n y boicotear su difusi\u00f3n radiotelevisiva.<br \/>\n<em>(Como ya sabemos \u00abPiano\u00bb tuvo su revancha a nivel internacional con la versi\u00f3n en ingl\u00e9s \u00abSoftly, as I leave you\u00bb n.d.t.)<\/em><\/p>\n<p>**<\/p>\n<p><em>Despu\u00e9s del medio resbal\u00f3n de \u00abPiano\u00bb, su colaboraci\u00f3n con Mina Volvi\u00f3 a sacar chispas con la deliciosa Chihuahua, canci\u00f3n italian\u00edsima no obstante las apariencias latinoamericanas&#8230;<\/em><\/p>\n<p>La autora de la m\u00fasica fue Antonia Bertocchi, en aquel entonces secretaria de Mina. Antonia tocaba el piano por diversi\u00f3n y hab\u00eda compuesto aquel tema a ritmo de samba, al que Mina me pidio poner un texto adecuado. Como me vino a la mente el t\u00edtulo de Chihuhua? Ninguna referencia particular a la ciudad mexicana: simplemente, me gustaba el sonido de la palabra&#8230;<\/p>\n<p>**<\/p>\n<p><em>Al suram\u00e9rica&nbsp; hecho en casa de Chihuahua, se contrapon\u00eda en el otro lado del sencillo el aut\u00e9ntico Brasil de \u00abDa chi (Y de ha\u00ed)\u00bb primero d una larga y gloriosa lista de temas cariocas que usted ha readaptado magistralmente a nuestro idioma&#8230;<\/em><\/p>\n<p>La pasi\u00f3n para con la m\u00fasica brasile\u00f1a me ha sido contagiada por la gran Caterina Valente. Para ella he traducido \u00abDesafinado\u00bb, \u00abSamba di una nota\u00bb, \u00abLa ragazza di Ipanema\u00bb, mientras que para Mina, en aquellos mismos a\u00f1os, he escrito los texos italianos de cl\u00e1sicos como \u00abDindi\u00bb e \u00abChega de saudade\u00bb (Stare separati).<\/p>\n<p>**<\/p>\n<p><em>Extra\u00f1o destino el de \u00abE se domani\u00bb: reprobada por el jurado de Sanremo, grabada por Mina solo despu\u00e9s de largas s\u00faplicas de Carlo Alberto Rossi, puesta casi disimuladamente en su primer Lp con la Ri-Fi, finalmente salida por dos veces en sencillo, pero solo como lado B de \u00abUn anno d&#8217;amore\u00bb y \u00abBrava\u00bb. Nunca canci\u00f3n tan maltratada por los acontecimientos logr\u00f3 cosechar tanta gloria&#8230;<\/em><\/p>\n<p>Y pensar que la escrib\u00ed en diez minutos! Es verdad: Mina al comienzo no quer\u00eda grabarla. Ella siempre ha sido as\u00ed, rara e imprevisible en todas sus elecciones. M\u00e1s no es esta, en el fondo, una de las razones de su fuerza y de su encanto?<\/p>\n<p>**<\/p>\n<p><em>Otra estupenda canci\u00f3n es \u00abSe tornasse caso mai\u00bb&#8230;<\/em><\/p>\n<p>La canci\u00f3n, originariamente titulada \u00abIf he walked into my life\u00bb, hac\u00eda parte de la banda sonora de \u00abMame\u00bb. A mina le encantaba y me pidi\u00f3 traducirla. Sali\u00f3 un texto que el gran Tonino Amurri elogi\u00f3 como uno de mis mejores, especialmente en los versos: <em>\u00abLe importanti cose inutili che io non gli ho detto mai&#8230;\u00bb<\/em>. Cumplidos que veniendo de \u00e9l val\u00edan para mi cuanto un Grammy.<\/p>\n<p>**<\/p>\n<p><em>El &#8217;68 coincidi\u00f3 con uno de los per\u00edodos m\u00e1s intensos y afortunados de su asociaci\u00f3n con Mina&#8230;<\/em><\/p>\n<p>\u00abAlegr\u00eda\u00bb, versi\u00f3n italiana de \u00abUpa neguinho\u00bb de Edu Lobo, era una de las tantas cosas que Mina y yo hac\u00edamos por pura diversi\u00f3n&#8230;<br \/>\nEntre mis canciones de aquellos a\u00f1os confieso de tener una cierta debilidad por \u00ab\u00c8 soltanto amore\u00bb, que Mina grab\u00f3 en el \u00e1lbum \u00abBugiardo pi\u00f9 che mai&#8230;\u00bb sin promoverla nunca en televisi\u00f3n.<\/p>\n<p>**<\/p>\n<p><em>Otra \u00e9poca de oro en su colaboraci\u00f3n con Mina fueron los primero a\u00f1os &#8217;70&#8230;<\/em><\/p>\n<p>En aquella \u00e9poca Mina y yo nos d\u00e1bamos atracones de m\u00fasica carioca, en particular temas de Elis Regina. Una de estas canciones, \u00abAguas de mar\u00e7o\u00bb, nos cautiv\u00f3. Y cuando le entregu\u00e9, listo para ser grabado, el largu\u00edsimo texto italiano, titulado \u00abLa pioggia di marzo\u00bb, Mina tom\u00f3 las tres hojas escritas a m\u00e1quina, rugiendo: \u00abPero cuanto c&#8230; escribes?\u00bb. Result\u00f3 ser, como confirm\u00f3 el mismo Jobim, una de las mejores versiones entre las miles ejecutadas en el mundo de este extraordinario tema&#8230;<\/p>\n<p>**<\/p>\n<p><em>Quien sabe cuantas veces habr\u00e1 tenido la ocasi\u00f3n de seguir el trabajo de Mina en sala de grabaci\u00f3n&#8230;<\/em><\/p>\n<p>Efectivamente me ha sucedido a menudo&#8230;<br \/>\nLa sesi\u00f3n que recuerdo con mayor emoci\u00f3n? Quiz\u00e1s aquella de \u00abSuoneranno le sei\u00bb. En sala Mina est\u00e1 tan a gusto como en la cocina de su casa. Gusta vestirse comodamente, con vestidos largos y zapatillas. Y es absolutamente verdadera la leyenda que quiere siempre buena su primera grabaci\u00f3n de un tema. La segunda toma, cuando la hay, se hace solo para evitar cualquier imprevisto.<\/p>\n<p>**<\/p>\n<p><em>Todo coser y cantar, en suma. Pero vamos, no lograr\u00e1 convencerme de que, en casi cincuenta a\u00f1os de trabajar juntos, entre usted y Mina no hubo nunca ni siquiera un peque\u00f1o desacuerdo&#8230;<\/em><\/p>\n<p>Lo admito, una vez me mand\u00f3 a freir esp\u00e1rragos porque una canci\u00f3n m\u00eda y de Pino Calvi que ella pensaba grabar, \u00abLa paura di morire\u00bb, fue asignada a la j\u00f3ven Annagloria (eliminada de inmediato en el Sanremo de 1975). Pero, ecepci\u00f3n hecha por algunos peque\u00f1os malentendidos como este, Mina siempre ha sido, en el trabajo como en la vida, una amiga capaz de increibles gestos de generosidad&#8230;<\/p>\n<p>**<\/p>\n<p><em>Sabemos que tambi\u00e9n \u00abRitratto in bianco e nero\u00bb tuvo una gestaci\u00f3n bastante curiosa&#8230;<\/em><\/p>\n<p>Un d\u00eda Mina me telefonea: \u00abAcabo de escuchar una canci\u00f3n fant\u00e1stica en TV, no se ni el t\u00edtulo ni los autores, recuerdo solo que dice \u00abJ\u00e0 conhe\u00e7o os passos dessa estrada \/ sei que nao vai dar em nada\u00bb o algo parecido. Mira t\u00fa si logras encontrarla&#8230;\u00bb.&nbsp; Anoto los versos y los remito a la atenci\u00f3n de mi amigo Antonio Pecci, alias Toquinho, que de inmediato reconoce \u00abRetrato em branco e preto\u00bb de Jobim, y me graba en cinta una versi\u00f3n para guitarra y voz.&nbsp; En un santiam\u00e9n escribo el texto y se lo llevo a Mina, que con la misma rapidez lo graba con Sellani al piano y Moriconi al bajo. El resultado es una absoluta obra maestra&#8230;<\/p>\n<p>**<\/p>\n<p><strong>Y una obra maestra es toda la producci\u00f3n de este gran \u00abParoliere\u00bb. Otra vez GRACIAS, Sr. Calabrese!<\/strong><\/p>\n<p>***<\/p>\n<p><strong>Tracklist:<\/strong><\/p>\n<p><strong>Cd1<\/strong><\/p>\n<p>01. Piano (G. Calabrese, T. De Vita) (1960)<br \/>\n02. Chihuahua (G. Calabrese, A. Bertocchi, M. De Ponti) (1962)<br \/>\n03. E se domani (G. Calabrese, C. A. Rossi) (1964)<br \/>\n04. Io innamorata (G. Calabrese, A. Martelli) (1968)<br \/>\n05. Ma \u00e8 soltanto amore (G. Calabrese, G. Reverberi) (1969)<br \/>\n06. Questo s\u00ec, questo no (G. Calabrese, P. Donaggio) (1973)<br \/>\n07. Penombra (G. Calabrese, G. Ferrio) (1974)<br \/>\n08. Trasparenze (G. Calabrese, G. Ferrio) (1974)<br \/>\n09. Non so (G. Calabrese, U. Bindi) (1974)<br \/>\n10. Non ho difese (G. Calabrese, C. Valli) (1983)<br \/>\n11. La controsamba (G. Calabrese, C. Valli) (1983)<br \/>\n12. Ballando ballando (G. Calabrese, C. Valli) (1984)<br \/>\n13. Per di pi\u00f9 (G. Calabrese, C. Valli) (1984)<br \/>\n14. Secondo me (G. Calabrese, R. Cocciante) (1986)<br \/>\n15. Bonus track &#8211; La notte (F. Franchi (G. Calabrese), G. Reverberi) (1960)<\/p>\n<p><strong>Cd2<\/strong><\/p>\n<p>01. Pomeriggio sonnolento (G. Calabrese, R. Jackson) (1986)<br \/>\n02. Mi manchi tu (G. Calabrese, G. Fornaciari) (1987)<br \/>\n03. Legittima curiosit\u00e0 (G. Calabrese, Thoty) (1987)<br \/>\n04. Per avere te (G. Calabrese, C. Pes) (1987)<br \/>\n05. Rimani qui (G. Calabrese, R. Jackson) (1988)<br \/>\n06. Uscita 29 (G. Calabrese, M. Robbiani) (1989)<br \/>\n07. Tre volte s\u00ec (G. Calabrese, M. Pani) (1989)<br \/>\n08. Come stai (con Massimiliano Pani) (G. Calabrese, M. Pani, C. Ferrandi) (1990)<br \/>\n09. Per una volta tanto (G. Calabrese, M. Pani) (1990)<br \/>\n10. Non avere te (M. Pani, G. Calabrese, M. Bozzi) (1991)<br \/>\n11. Robinson (G. Calabrese, M. Pani) (1992)<br \/>\n12. Torno venerd\u00ec (G. Calabrese, M. Pani) (1995)<br \/>\n13. Eccomi&nbsp; (G. Calabrese, C. A. Rossi) (1999)<br \/>\n14. Via di qua, (Duetto con Fausto Leali) (G. Calabrese, M. Pani) (1986)<\/p>\n<p><strong>Cd3<\/strong><\/p>\n<p>01. Da chi (Y de ah\u00ed) (M. Gustavo, Rafaelmo, G. Calabrese) (1962)<br \/>\n02. Dindi (Dindi) (G. Calabrese, A. C. Jobim, A. de Oliveira) (1963)<br \/>\n03. Chega de saudade (V. De Moraes, G. Calabrese, A. C. Jobim) (1963)<br \/>\n04. Se tornasse caso mai (If he walked into my life) (G. Calabrese, J. Herman) (1967)<br \/>\n05. Trenodia (Concierto de Aranjuez) (G. Calabrese, J. Rodrigo) (1967)<br \/>\n06. Allegria (Upa, Neguinho) (E. Lobo-G. Guarnieri, G. Calabrese) (1968)<br \/>\n07. Fantasia (Fantasy) (G. Calabrese, G. Stephens) (1968)<br \/>\n08. Chi dice non d\u00e0 (Canto de Ossanha) (V. De Moraes, G. Calabrese, Baden Powell) (1968)<br \/>\n09. Niente di niente (Break your promise) (T. Bell, W. Hart, G. Calabrese) (1968)<br \/>\n10. Suoneranno le sei (Balada para mi muerte) (A. Piazzolla, Giorgio Calabrese) (1972)<br \/>\n11. I giorni dei fal\u00f2 (Long ago and far away) (G. Calabrese, J. Taylor) (1972)<br \/>\n12. L&#8217;amore, forse&#8230; (Ao amigo Tom) (G. Calabrese, M.P. Valle, Milito) (1972)<br \/>\n13. \u00c8 proprio cos\u00ec, son io che canto (Hey Mister, that&#8217;s me upon the jukebox) (G. Calabrese, J. Taylor) (1972)<br \/>\n14. \u00c8 mia (Menina) (G. Calabrese, P. Noqueiro) (1972)<br \/>\n15. La pioggia di Marzo (Aguas de Mar\u00e7o) (G. Calabrese. A. C. Jobim) (1973)<br \/>\n16. Balla chi balla (Bala com bala) (J. Bosco, G. Calabrese) (1977) Mina con Bign\u00e8<br \/>\n17. Ritratto in bianco e nero (Retrato em branco e preto) (G. Calabrese, A. C. Jobim, C. Buarque de Hollanda) (1986)<br \/>\n18. Ma chi \u00e8, cosa fa (Partido alto) (G. Calabrese, C. Buarque de Hollanda) (1990)<\/p>\n<p>***********<\/p>\n<p><a href=\"https:\/\/yadi.sk\/d\/fwBayL3V3U9j9R\">Descarga directa<\/a><\/p>\n<p>***********<\/p>\n","protected":false},"excerpt":{"rendered":"<p>Como anunci\u00e9 en el post \u00abOmaggio a un paroliere: Giorgio Calabrese\u00bb, que pueden ver AQU\u00cd, llega el Super-Mega post: \u00abMina Canta Giorgio Calabrese\u00bb. Una compilaci\u00f3n de tres Cd que, inexplicablemente, ninguna casa discogr\u00e1fica ha pensado nunca en hacer. Me han ayudado en este trabajo: Charly, mi querido acompa\u00f1ante en este Viaje Musical, consiguiendome el \u00faltimo [&hellip;]<\/p>\n","protected":false},"author":4,"featured_media":0,"comment_status":"open","ping_status":"open","sticky":false,"template":"","format":"standard","meta":{"footnotes":""},"categories":[294,14],"tags":[3,41],"class_list":["post-2574","post","type-post","status-publish","format-standard","hentry","category-giorgio-calabrese","category-mina","tag-italia","tag-pop"],"_links":{"self":[{"href":"https:\/\/pandc.10z.com.ar\/index.php?rest_route=\/wp\/v2\/posts\/2574","targetHints":{"allow":["GET"]}}],"collection":[{"href":"https:\/\/pandc.10z.com.ar\/index.php?rest_route=\/wp\/v2\/posts"}],"about":[{"href":"https:\/\/pandc.10z.com.ar\/index.php?rest_route=\/wp\/v2\/types\/post"}],"author":[{"embeddable":true,"href":"https:\/\/pandc.10z.com.ar\/index.php?rest_route=\/wp\/v2\/users\/4"}],"replies":[{"embeddable":true,"href":"https:\/\/pandc.10z.com.ar\/index.php?rest_route=%2Fwp%2Fv2%2Fcomments&post=2574"}],"version-history":[{"count":1,"href":"https:\/\/pandc.10z.com.ar\/index.php?rest_route=\/wp\/v2\/posts\/2574\/revisions"}],"predecessor-version":[{"id":6381,"href":"https:\/\/pandc.10z.com.ar\/index.php?rest_route=\/wp\/v2\/posts\/2574\/revisions\/6381"}],"wp:attachment":[{"href":"https:\/\/pandc.10z.com.ar\/index.php?rest_route=%2Fwp%2Fv2%2Fmedia&parent=2574"}],"wp:term":[{"taxonomy":"category","embeddable":true,"href":"https:\/\/pandc.10z.com.ar\/index.php?rest_route=%2Fwp%2Fv2%2Fcategories&post=2574"},{"taxonomy":"post_tag","embeddable":true,"href":"https:\/\/pandc.10z.com.ar\/index.php?rest_route=%2Fwp%2Fv2%2Ftags&post=2574"}],"curies":[{"name":"wp","href":"https:\/\/api.w.org\/{rel}","templated":true}]}}