{"id":2568,"date":"2019-07-09T04:54:35","date_gmt":"2019-07-09T07:54:35","guid":{"rendered":"http:\/\/pandc.10z.com.ar\/?p=2568"},"modified":"2019-07-09T20:48:36","modified_gmt":"2019-07-09T23:48:36","slug":"joao-gilberto-y-caetano-veloso-ao-vivo-en-buenos-airess-1999-pc-2008","status":"publish","type":"post","link":"https:\/\/pandc.10z.com.ar\/?p=2568","title":{"rendered":"Joao Gilberto y Caetano Veloso &#8211; Ao Vivo en Buenos Aires 1999 (P&#038;C 2008)"},"content":{"rendered":"<p><a href=\"https:\/\/pandc.10z.com.ar\/wp-content\/img\/JoaoCaetanofront.jpg\" target=\"_blank\"><img loading=\"lazy\" decoding=\"async\" class=\"aligncenter\" src=\"https:\/\/pandc.10z.com.ar\/wp-content\/img\/JoaoCaetanofront.jpg\" alt=\"\" width=\"400\" height=\"400\" \/><\/a><\/p>\n<p style=\"text-align: center;\"><a href=\"https:\/\/pandc.10z.com.ar\/wp-content\/img\/JoaoCaetanoretro.jpg\" target=\"_blank\"><img loading=\"lazy\" decoding=\"async\" class=\"aligncenter\" src=\"https:\/\/pandc.10z.com.ar\/wp-content\/img\/JoaoCaetanoretro.jpg\" alt=\"\" width=\"400\" height=\"330\" \/><\/a><\/p>\n<p style=\"text-align: left;\">Para el diario <em>O Globo<\/em>, el m\u00e1s importante del Brasil, el encuentro entre <strong>Joao Gilberto<\/strong> y<strong> Caetano Veloso<\/strong> fue hist\u00f3rico.<em> \u00abBuenos Aires se convirti\u00f3 en la capital de la m\u00fasica popular brasile\u00f1a\u00bb<\/em>, se\u00f1al\u00f3 el corresponsal. Por m\u00e1s parad\u00f3jico que suene fue cierto. Mucho mas teniendo en cuenta que a pesar del respeto mutuo, de la amistad que tienen de por medio y de un par de encuentros informales (m\u00e1s la grabaci\u00f3n de aquel antol\u00f3gico \u00abBrasil\u00bb) <strong>Joao y Caetano<\/strong> nunca brindaron en su tierra algo parecido a lo que sucedi\u00f3 durante los tres conciertos memorables que dieron en Buenos Aires en 1999.<\/p>\n<p>Posiblemente los cronistas brasile\u00f1os no sal\u00edan de su asombro cuando <strong>Caetano Veloso <\/strong>en persona les dec\u00eda que este recital no ser\u00eda posible en Brasil y que no habr\u00eda ning\u00fan registro en vivo para que los brasile\u00f1os pudieran escuchar aunque m\u00e1s no sea en una grabaci\u00f3n lo que una parte del p\u00fablico porte\u00f1o disfrut\u00f3 aquel fin de semana.<\/p>\n<p>Por tres d\u00edas la alegr\u00eda no s\u00f3lo fue brasile\u00f1a sino porte\u00f1a. El cronista del diario <em>O Globo <\/em>escribi\u00f3 que <em>\u00ablos porte\u00f1os son unos afortunados\u00bb<\/em>. Y tuvo raz\u00f3n.<\/p>\n<p><em>(extra\u00eddo de <\/em><strong>Diario La Nacion<\/strong><em>, de Argentina, 23 de marzo de 1999)<\/em><\/p>\n<p style=\"text-align: left;\">***<\/p>\n<p style=\"text-align: left;\">Republicamos entonces aquella <strong>producci\u00f3n de P&amp;C<\/strong>, con aquel memorable concierto. <strong>Las cubiertas fueron dise\u00f1adas por Paola.<\/strong><\/p>\n<p><strong>CD 1<\/strong><\/p>\n<p>01. Eu vim da Bahia<br \/>\n02. Menino do Rio<br \/>\n03. De conversa em conversa<br \/>\n04. Una mujer<br \/>\n05. Pra que discutir con Madame<br \/>\n06. Rosa morena<br \/>\n07. Eclipse<br \/>\n08. Farolito<br \/>\n09. isto aqui o que \u00e8.<br \/>\n10. Fala<br \/>\n11. Cora\u00e7ao vagabundo<br \/>\n12. Pra ninguem<br \/>\n13. Trilhos urbanos<br \/>\n14. Manhata.<br \/>\n15. Voce e linda<br \/>\n16. Lamento borincano<br \/>\n17. Luz do sol<\/p>\n<p><strong>CD2<\/strong><\/p>\n<p>01. Fala<br \/>\n02. Acontece que sou baiano<br \/>\n03. Avarandado<br \/>\n04. Bahia com H<br \/>\n05. Besame mucho<br \/>\n06. Medita\u00e7ao<br \/>\n07. Doralice<br \/>\n08. Ave Maria no morro<br \/>\n09. O pato<br \/>\n10. Desafinado<br \/>\n11. Chega de saudade<br \/>\n12. Garota de Ipanema<\/p>\n<p>***<\/p>\n<p><a href=\"https:\/\/yadi.sk\/d\/7dYQWtqRiXWBPw\"><strong>Descarga directa<\/strong><\/a><\/p>\n<p>***<\/p>\n","protected":false},"excerpt":{"rendered":"<p>Para el diario O Globo, el m\u00e1s importante del Brasil, el encuentro entre Joao Gilberto y Caetano Veloso fue hist\u00f3rico. \u00abBuenos Aires se convirti\u00f3 en la capital de la m\u00fasica popular brasile\u00f1a\u00bb, se\u00f1al\u00f3 el corresponsal. Por m\u00e1s parad\u00f3jico que suene fue cierto. Mucho mas teniendo en cuenta que a pesar del respeto mutuo, de la [&hellip;]<\/p>\n","protected":false},"author":5,"featured_media":0,"comment_status":"open","ping_status":"open","sticky":false,"template":"","format":"standard","meta":{"footnotes":""},"categories":[13,110],"tags":[12,23],"class_list":["post-2568","post","type-post","status-publish","format-standard","hentry","category-caetano-veloso","category-joao-gilberto","tag-brasil","tag-latino"],"_links":{"self":[{"href":"https:\/\/pandc.10z.com.ar\/index.php?rest_route=\/wp\/v2\/posts\/2568","targetHints":{"allow":["GET"]}}],"collection":[{"href":"https:\/\/pandc.10z.com.ar\/index.php?rest_route=\/wp\/v2\/posts"}],"about":[{"href":"https:\/\/pandc.10z.com.ar\/index.php?rest_route=\/wp\/v2\/types\/post"}],"author":[{"embeddable":true,"href":"https:\/\/pandc.10z.com.ar\/index.php?rest_route=\/wp\/v2\/users\/5"}],"replies":[{"embeddable":true,"href":"https:\/\/pandc.10z.com.ar\/index.php?rest_route=%2Fwp%2Fv2%2Fcomments&post=2568"}],"version-history":[{"count":0,"href":"https:\/\/pandc.10z.com.ar\/index.php?rest_route=\/wp\/v2\/posts\/2568\/revisions"}],"wp:attachment":[{"href":"https:\/\/pandc.10z.com.ar\/index.php?rest_route=%2Fwp%2Fv2%2Fmedia&parent=2568"}],"wp:term":[{"taxonomy":"category","embeddable":true,"href":"https:\/\/pandc.10z.com.ar\/index.php?rest_route=%2Fwp%2Fv2%2Fcategories&post=2568"},{"taxonomy":"post_tag","embeddable":true,"href":"https:\/\/pandc.10z.com.ar\/index.php?rest_route=%2Fwp%2Fv2%2Ftags&post=2568"}],"curies":[{"name":"wp","href":"https:\/\/api.w.org\/{rel}","templated":true}]}}