{"id":2549,"date":"2010-05-01T07:57:25","date_gmt":"2010-05-01T10:57:25","guid":{"rendered":"http:\/\/pandc.10z.com.ar\/?p=2549"},"modified":"2011-04-15T13:10:22","modified_gmt":"2011-04-15T16:10:22","slug":"fabrizio-de-andre-%e2%80%93-la-buona-novella-1970","status":"publish","type":"post","link":"https:\/\/pandc.10z.com.ar\/?p=2549","title":{"rendered":"Fabrizio De Andr\u00e9 \u2013 La Buona Novella (1970)"},"content":{"rendered":"<p><a href=\"https:\/\/pandc.10z.com.ar\/wp-content\/img\/fabrifront.jpg\" target=\"_blank\"><img loading=\"lazy\" decoding=\"async\" class=\"aligncenter\" src=\"https:\/\/pandc.10z.com.ar\/wp-content\/img\/fabrifront.jpg\" alt=\"\" width=\"400\" height=\"400\" \/><\/a><\/p>\n<p style=\"text-align: center;\"><a href=\"https:\/\/pandc.10z.com.ar\/wp-content\/img\/fabriback.jpg\" target=\"_blank\"><img loading=\"lazy\" decoding=\"async\" class=\"aligncenter\" src=\"https:\/\/pandc.10z.com.ar\/wp-content\/img\/fabriback.jpg\" alt=\"\" width=\"400\" height=\"400\" \/><\/a><\/p>\n<p style=\"text-align: left;\"><em>\u201cMe consideraba anacronista sin entender que cantaba la m\u00e1s grande revoluci\u00f3n de la historia\u201d<\/em>.<em> <strong>Fabrizio De Andr\u00e9.<\/strong><\/em><\/p>\n<p>Como ha revelado <em>Roberto Dan\u00e9<\/em> (encargado del trabajo de lectura y ensayos de los Evangelios), \u00e9l tuvo la idea del disco, y pens\u00f3 en realizarlo con <em>Duilio Del Prete<\/em>. Finalmente se lo propuso a<em> Antonio Casetta<\/em> quien, justamente, fue quien lo deriv\u00f3 a <strong>Fabrizio de\u00a0 Andr\u00e9<\/strong>.\u00a0 A ra\u00edz de las caracter\u00edsticas de los libros ap\u00f3crifos en la narrativa de este \u00e1lbum destaca una m\u00e1s humana y menos espiritual visi\u00f3n del compromiso de algunas figuras b\u00edblicas tradicionales y presta m\u00e1s atenci\u00f3n a las figuras menores, que fueron el foco aqu\u00ed (por ejemplo, Tito y Dimac, los ladrones crucificados junto a Jes\u00fas ).<\/p>\n<p>Algunos opinan que <em>La Buona Novella<\/em> hoy dir\u00eda mucho menos que en 1970, cuando el disco fue editado. Pero si <strong>De Andr\u00e9 <\/strong>volvi\u00f3 a cantarla en sus \u00faltimos conciertos es porque la par\u00e1bola del Mes\u00edas tiene un espesor espiritual extraordinario.<\/p>\n<p>Este disco del cantautor genov\u00e9s estuvo basado en los <em>Evangelios Ap\u00f3crifos<\/em>, y a\u00fan hoy sigue siendo un disco dif\u00edcil de etiquetar.\u00a0 El \u00e1lbum entr\u00f3 en las listas de ventas en noviembre de 1970, y era la llegada a la m\u00fasica de rock de la revoluci\u00f3n del amor cristiano revisada desde las p\u00e1ginas de esos Evangelios, intentando dar una nueva visi\u00f3n de la vida humana partiendo de la imagen del Cristo humanizado.\u00a0 <strong>De Andr\u00e9 <\/strong>conjug\u00f3 esperanza y duda a trav\u00e9s de sus letras (<em>&#8216;Non voglio pensarti figlio di Dio \/ Ma figlio dell\u2019uomo, fratello anche mio&#8217;<\/em>), situando al pensamiento acerca de la Fe en un lugar bastante cercano al que hoy d\u00eda muchos pueden tener al respecto.<\/p>\n<p>***<\/p>\n<p><em>\u201cLa Buona Novella\u201d<\/em>, editado el 19 de noviembre de 1970 fue publicado originalmente con dos tapas diferentes. En esta que presentamos ven\u00eda con un sobre interno con las letras de las canciones y los cr\u00e9ditos del \u00e1lbum (que est\u00e1n inclu\u00eddas en el mismo archivo). Fue grabado en los estudios Ricordi, Fonorame y Fonit-cetra de Milano.<\/p>\n<p>El autor y compositor de todos los temas es <strong>Fabrizio de Andr\u00e9.<\/strong><\/p>\n<p><strong>M\u00fasicos :<\/strong><\/p>\n<p><strong>Franz Di Cioccio:<\/strong> bateria<br \/>\n<strong>Franco Mussida: <\/strong>guitarra<br \/>\n<strong>Andrea Sacchi:<\/strong> guitarra<br \/>\n<strong>Mauro Pagani: <\/strong>flauta<br \/>\n<strong>Giorgio \u00abFico\u00bb Piazza:<\/strong> bajo<br \/>\n<strong>Flavio Premoli:<\/strong> organo<br \/>\n<strong>I Musical:<\/strong> coros<\/p>\n<p><strong>Tracklist:<\/strong><\/p>\n<p>01. Laudate Dominum<br \/>\n02. L&#8217;infanzia di Maria<br \/>\n03. Il ritorno di Giuseppe<br \/>\n04. Il sogno di Maria<br \/>\n05. Ave Maria<br \/>\n06. Maria nella bottega di un falegname<br \/>\n07. Via della Croce<br \/>\n08. Tre madri<br \/>\n09. Il testamento di Tito<br \/>\n10. Laudate hominem<\/p>\n<p>***<\/p>\n<p><a href=\"http:\/\/www.megaupload.com\/?d=50V1HFQY\"><strong>MU Aqu\u00ed<\/strong><\/a><\/p>\n<p><a href=\"http:\/\/rapidshare.com\/files\/381645115\/FDABuonov.PC.rar\"><strong>RS Aqu\u00ed<\/strong><\/a><\/p>\n<p>***<\/p>\n","protected":false},"excerpt":{"rendered":"<p>\u201cMe consideraba anacronista sin entender que cantaba la m\u00e1s grande revoluci\u00f3n de la historia\u201d. Fabrizio De Andr\u00e9. Como ha revelado Roberto Dan\u00e9 (encargado del trabajo de lectura y ensayos de los Evangelios), \u00e9l tuvo la idea del disco, y pens\u00f3 en realizarlo con Duilio Del Prete. Finalmente se lo propuso a Antonio Casetta quien, justamente, [&hellip;]<\/p>\n","protected":false},"author":5,"featured_media":0,"comment_status":"open","ping_status":"open","sticky":false,"template":"","format":"standard","meta":{"footnotes":""},"categories":[304],"tags":[3,229,39],"class_list":["post-2549","post","type-post","status-publish","format-standard","hentry","category-fabrizio-de-andre","tag-italia","tag-progresivo","tag-rock"],"_links":{"self":[{"href":"https:\/\/pandc.10z.com.ar\/index.php?rest_route=\/wp\/v2\/posts\/2549","targetHints":{"allow":["GET"]}}],"collection":[{"href":"https:\/\/pandc.10z.com.ar\/index.php?rest_route=\/wp\/v2\/posts"}],"about":[{"href":"https:\/\/pandc.10z.com.ar\/index.php?rest_route=\/wp\/v2\/types\/post"}],"author":[{"embeddable":true,"href":"https:\/\/pandc.10z.com.ar\/index.php?rest_route=\/wp\/v2\/users\/5"}],"replies":[{"embeddable":true,"href":"https:\/\/pandc.10z.com.ar\/index.php?rest_route=%2Fwp%2Fv2%2Fcomments&post=2549"}],"version-history":[{"count":0,"href":"https:\/\/pandc.10z.com.ar\/index.php?rest_route=\/wp\/v2\/posts\/2549\/revisions"}],"wp:attachment":[{"href":"https:\/\/pandc.10z.com.ar\/index.php?rest_route=%2Fwp%2Fv2%2Fmedia&parent=2549"}],"wp:term":[{"taxonomy":"category","embeddable":true,"href":"https:\/\/pandc.10z.com.ar\/index.php?rest_route=%2Fwp%2Fv2%2Fcategories&post=2549"},{"taxonomy":"post_tag","embeddable":true,"href":"https:\/\/pandc.10z.com.ar\/index.php?rest_route=%2Fwp%2Fv2%2Ftags&post=2549"}],"curies":[{"name":"wp","href":"https:\/\/api.w.org\/{rel}","templated":true}]}}