{"id":2539,"date":"2010-04-30T00:05:11","date_gmt":"2010-04-30T03:05:11","guid":{"rendered":"http:\/\/pandc.10z.com.ar\/?p=2539"},"modified":"2011-04-24T18:02:46","modified_gmt":"2011-04-24T21:02:46","slug":"v-a-chega-de-saudade-pc-2008","status":"publish","type":"post","link":"https:\/\/pandc.10z.com.ar\/?p=2539","title":{"rendered":"V.A. &#8211; Chega De Saudade (P&#038;C 2008)"},"content":{"rendered":"<p><a href=\"https:\/\/pandc.10z.com.ar\/wp-content\/img\/chegafront.jpg\" target=\"_blank\"><img loading=\"lazy\" decoding=\"async\" class=\"aligncenter\" src=\"https:\/\/pandc.10z.com.ar\/wp-content\/img\/chegafront.jpg\" alt=\"\" width=\"400\" height=\"400\" \/><\/a><\/p>\n<p style=\"text-align: center;\"><a href=\"https:\/\/pandc.10z.com.ar\/wp-content\/img\/chegaback.jpg\" target=\"_blank\"><img loading=\"lazy\" decoding=\"async\" class=\"aligncenter\" src=\"https:\/\/pandc.10z.com.ar\/wp-content\/img\/chegaback.jpg\" alt=\"\" width=\"400\" height=\"330\" \/><\/a><br \/>\n<a href=\"https:\/\/pandc.10z.com.ar\/wp-content\/img\/chegacd1.jpg\" target=\"_blank\"><img loading=\"lazy\" decoding=\"async\" class=\"aligncenter\" src=\"https:\/\/pandc.10z.com.ar\/wp-content\/img\/chegacd1.jpg\" alt=\"\" width=\"400\" height=\"400\" \/><\/a><\/p>\n<p style=\"text-align: left;\"><a href=\"https:\/\/pandc.10z.com.ar\/wp-content\/img\/chegacd2.jpg\" target=\"_blank\"><img loading=\"lazy\" decoding=\"async\" class=\"aligncenter\" src=\"https:\/\/pandc.10z.com.ar\/wp-content\/img\/chegacd2.jpg\" alt=\"\" width=\"400\" height=\"400\" \/><\/a><\/p>\n<p style=\"text-align: left;\">El tema que hizo popular la Bossa Nova lleg\u00f3 de la mano de <strong>Jo\u00e3o Gilberto<\/strong> con su primer \u00e9xito que se llam\u00f3 Chega de Saudade. La canci\u00f3n, compuesta por <strong>Antonio Carlos Jobim <\/strong>(m\u00fasica) y <strong>Vinicius e Moraes<\/strong> (letra), hab\u00eda sido grabada con anterioridad por Elizete Cardoso, pero pas\u00f3 desapercibida hasta la grabaci\u00f3n de Jo\u00e2o Gilberto.<\/p>\n<p>Obviamente hay much\u00edsimas versiones de este tema, as\u00ed que para realizar esta producci\u00f3n exclusiva de P&amp;C , hab\u00edamos seleccionado treinta de ellas, con diferentes arregos (el original, jazz, cl\u00e1sica, instrumentales, etc.), e inclu\u00edmos no solo la versi\u00f3n de Joao Gilberto abriendo el CD 1, sino tambi\u00e9n aquella primigenia de Elizete Cardoso.<\/p>\n<p><strong>Las cubiertas son un trabajo maravilloso y exclusivo para el blog de parte de Paola. Un lujo.<\/strong><\/p>\n<p><strong>CD 1<\/strong><\/p>\n<p><strong>01. Joao Gilberto<br \/>\n02. Antonio Carlos Jobim<br \/>\n03. Vinicius de Moares-Toquinho<br \/>\n04. Stan Getz<br \/>\n05. Yo Yo Ma<br \/>\n06. Os Cariocas<br \/>\n07. Maria Creuza-Toquinho<br \/>\n08. Zimbo Trio<br \/>\n09. Quarteto Em Cy<br \/>\n10. Astor Silva &amp; Oswaldo Borba<br \/>\n11. Altamiro Castillo, Gilson Peranzzetta, Mauricio Einhorn y Sebastiao Tapajos<br \/>\n12. Rogerio Duprat<br \/>\n13. Elizeth Cardozo<br \/>\n14. Lyambiko<br \/>\n15. Quincy Jones<\/strong><\/p>\n<p><strong> <\/strong><strong>CD 2<\/strong><\/p>\n<p><strong>01. Joao Gilberto y Caetano Veloso<br \/>\n02. Antonio Carlos Jobim<br \/>\n03. Oscar Castro Neves<br \/>\n04. Nara Leao-Elis Regina<br \/>\n05. Milton Banana Trio<br \/>\n06. Josee Koning<br \/>\n07. Daniela Mercury-Guinga<br \/>\n08. Anselmo<br \/>\n09. Gene Bertoncini<br \/>\n10. The Hi-Lo\u00b4s<br \/>\n11. Pery Ribeiro y Luiz E\u00e7a<br \/>\n12. Pedrino Mattar<br \/>\n13. Joyce<br \/>\n14. Os Saxsambistas Brasileiros<br \/>\n15. Joe Henderson<\/strong><\/p>\n<p>***<\/p>\n<p><strong><a href=\"http:\/\/www.megaupload.com\/?d=2XFQ3DW0\">MU Aqu\u00ed<\/a><br \/>\n<a href=\"http:\/\/www.megaupload.com\/?d=KMH1WO1Z\">MU Aqu\u00ed<\/a><\/strong><\/p>\n<p><a href=\"http:\/\/rapidshare.com\/files\/381751062\/Chega.PC.part1.rar\"><strong>RS Aqu\u00ed<\/strong><\/a><\/p>\n<p><a href=\"http:\/\/rapidshare.com\/files\/381751059\/Chega.PC.part2.rar\"><strong>RS Aqu\u00ed<\/strong><\/a><\/p>\n<p>***<\/p>\n<p style=\"text-align: left;\">\n","protected":false},"excerpt":{"rendered":"<p>El tema que hizo popular la Bossa Nova lleg\u00f3 de la mano de Jo\u00e3o Gilberto con su primer \u00e9xito que se llam\u00f3 Chega de Saudade. La canci\u00f3n, compuesta por Antonio Carlos Jobim (m\u00fasica) y Vinicius e Moraes (letra), hab\u00eda sido grabada con anterioridad por Elizete Cardoso, pero pas\u00f3 desapercibida hasta la grabaci\u00f3n de Jo\u00e2o Gilberto. [&hellip;]<\/p>\n","protected":false},"author":5,"featured_media":0,"comment_status":"open","ping_status":"open","sticky":false,"template":"","format":"standard","meta":{"footnotes":""},"categories":[35,110,11,162],"tags":[12,23],"class_list":["post-2539","post","type-post","status-publish","format-standard","hentry","category-antonio-carlos-jobim","category-joao-gilberto","category-v-a","category-vinicius-de-moraes","tag-brasil","tag-latino"],"_links":{"self":[{"href":"https:\/\/pandc.10z.com.ar\/index.php?rest_route=\/wp\/v2\/posts\/2539","targetHints":{"allow":["GET"]}}],"collection":[{"href":"https:\/\/pandc.10z.com.ar\/index.php?rest_route=\/wp\/v2\/posts"}],"about":[{"href":"https:\/\/pandc.10z.com.ar\/index.php?rest_route=\/wp\/v2\/types\/post"}],"author":[{"embeddable":true,"href":"https:\/\/pandc.10z.com.ar\/index.php?rest_route=\/wp\/v2\/users\/5"}],"replies":[{"embeddable":true,"href":"https:\/\/pandc.10z.com.ar\/index.php?rest_route=%2Fwp%2Fv2%2Fcomments&post=2539"}],"version-history":[{"count":0,"href":"https:\/\/pandc.10z.com.ar\/index.php?rest_route=\/wp\/v2\/posts\/2539\/revisions"}],"wp:attachment":[{"href":"https:\/\/pandc.10z.com.ar\/index.php?rest_route=%2Fwp%2Fv2%2Fmedia&parent=2539"}],"wp:term":[{"taxonomy":"category","embeddable":true,"href":"https:\/\/pandc.10z.com.ar\/index.php?rest_route=%2Fwp%2Fv2%2Fcategories&post=2539"},{"taxonomy":"post_tag","embeddable":true,"href":"https:\/\/pandc.10z.com.ar\/index.php?rest_route=%2Fwp%2Fv2%2Ftags&post=2539"}],"curies":[{"name":"wp","href":"https:\/\/api.w.org\/{rel}","templated":true}]}}