{"id":2454,"date":"2010-04-18T11:10:36","date_gmt":"2010-04-18T14:10:36","guid":{"rendered":"http:\/\/pandc.10z.com.ar\/?p=2454"},"modified":"2011-04-17T12:00:57","modified_gmt":"2011-04-17T15:00:57","slug":"francesco-de-gregori-e-un-giorno-credi-questa-guerra-finira-p-c-2010","status":"publish","type":"post","link":"https:\/\/pandc.10z.com.ar\/?p=2454","title":{"rendered":"Francesco De Gregori &#8211; E un giorno, credi, questa guerra finir\u00e0&#8230; (P.&#038;C. 2010)"},"content":{"rendered":"<p style=\"text-align: center;\"><a href=\"https:\/\/pandc.10z.com.ar\/wp-content\/img\/DeGregoriFront.jpg\" target=\"_blank\"><img loading=\"lazy\" decoding=\"async\" class=\"aligncenter\" title=\"DeGregoriFront\" src=\"https:\/\/pandc.10z.com.ar\/wp-content\/img\/DeGregoriFront.jpg\" alt=\"\" width=\"400\" height=\"400\" \/><\/a><\/p>\n<p style=\"text-align: center;\">\n<p style=\"text-align: center;\"><a href=\"https:\/\/pandc.10z.com.ar\/wp-content\/img\/DeGregoriRetro.jpg\" target=\"_blank\"><img loading=\"lazy\" decoding=\"async\" class=\"aligncenter\" title=\"DeGregoriRetro\" src=\"https:\/\/pandc.10z.com.ar\/wp-content\/img\/DeGregoriRetro.jpg\" alt=\"\" width=\"400\" height=\"320\" \/><\/a><\/p>\n<p style=\"text-align: center;\">\n<p><em>Nuestro \u00abC\u00f3mplice\u00bb Luca II me escribe: \u00abTe env\u00edo una compilaci\u00f3n dedicada a Francesco De Gregori que es quiz\u00e1s mi cantautor preferido entre los italianos. No se si el g\u00e9nero y el artista puedan interesar a los visitantes del blog&#8230;\u00bb. Resulta que a mi tambi\u00e9n me gusta mucho De Gregori, y visto que aqu\u00ed publicamos los que nos gusta a nosotros, lo posteo de inmediato!<br \/>\np.d. La gr\u00e1fica es de Luca II, nada mal por ser su primer intento.<\/em><\/p>\n<p>La idea inicial era aquella de \u00abno hacer\u00bb la habitual colecci\u00f3n dedicada a uno de los cantantes italianos m\u00e1s querido y representativo de todos los tiempos. tambi\u00e9n porque Francesco De Gregori, en casi cuarenta a\u00f1os de su carrera, ha acumulado un n\u00famero desproporcionado de ellas, por diversas razones de orden editoriales y discogr\u00e1ficas (solo en 1990, salieron simult\u00e1neamente tres antolog\u00edas en vivo con las que el artista se volv\u00eda a adue\u00f1ar, en alguna medida, del repertorio grabado para el sello RCA, ya abandonado para ir a la CBS).<\/p>\n<p>Despu\u00e9s de mucha reflexi\u00f3n, llegu\u00e9 a la conclusi\u00f3n de que una compilaci\u00f3n tem\u00e1tica podr\u00eda hacer justicia a este gran poeta de la m\u00fasica m\u00e1s que un \u00abbest of\u00bb m\u00edo personal, que inevitablemente habr\u00eda terminado por asemejarse a por lo menos una de las muchas propuestas\u00a0 que ya est\u00e1n en circulaci\u00f3n. El tema de la guerra fue el primero que vino a mi mente, en parte porque siempre he pensado que con ese De Gregori ha alcanzado algunas de las cumbres m\u00e1s altas de su po\u00e9tica.<\/p>\n<p>Se extiende a partir de dos pruebas de ensayo excelentes, tomadas de \u00abAlice non lo sa\u00bb (\u00ab1940\u00bb y \u00abSaig\u00f3n\u00bb, esta \u00faltima re-tomada a\u00f1os m\u00e1s tarde por Paola Turci) a obras maestras como \u00abGenerale\u00bb y \u00abSan Lorenzo\u00bb. En el medio, otras peque\u00f1as joyas a menudo olvidadas como \u00abGes\u00f9 Bambino\u00bb, que transpone en el lenguaje simple y conmovedor de la oraci\u00f3n de un ni\u00f1o el deseo de paz de la humanidad entera, y \u00abPilota di guerra\u00bb. Y tambi\u00e9n \u00abIl cuoco di Sal\u00f2\u00bb, una colaboraci\u00f3n con Franco Battiato (quien aparece como arreglista), muy apreciada por la cr\u00edtica.<\/p>\n<p>Profundamente convencido de que \u00abla historia somos nosotros\u00bb\u00a0 y que nadie deben sentirse \u00abexcluido\u00bb mucho menos \u00abofendido\u00bb, De Gregori canta la guerra vista y vivida por hombres y mujeres que han hecho de verdad la historia, a\u00fan cuando no est\u00e9n presentes en los libros que de ella nos hablan: por tanto, no s\u00f3lo el piloto o el veterano Gambadilegno, pero tambi\u00e9n y sobre todo, una muchacha vietnamita, una madre, un cocinero, un ni\u00f1o. Personajes (o m\u00e1s bien, personas) que, con la fuerza de su humanidad son capaces de evocar los acontecimientos de valor universal m\u00e1s y mejor que muchos de los grandilocuentes tratados. As\u00ed como, en el \u00e1lbum \u00abTitanic\u00bb, el traje de un simple fogonero fue el punto de partida para representar el drama y las heridas de una sociedad, incluso antes de la cat\u00e1strofe que ha marcado profundamente la historia de comienzo del siglo XX.<br \/>\nEn la tracklist encuentran su espacio dos amigos de siempre del cantautor: Giovanna Marini, quien hace un dueto con \u00e9l en \u00abSento il fischio del vapore\u00bb, y Mimmo Locasciulli, co-autor y primer int\u00e9rprete de \u00abIl suono delle campane\u00bb. Como pieza final he elegido la versi\u00f3n \u00abdemo\u00bb de en un \u00e9xito compuesto a\u00f1os atr\u00e1s con y para Zucchero Fornaciari (\u00abDiamante\u00bb), en el que el texto contiene un deseo sincero de paz para el futuro y, como tal, se presta bien para cerrar la compilaci\u00f3n con en una nota positiva.<\/p>\n<p><strong>Luca II<\/strong><\/p>\n<p><strong><em>(Testo in italiano nei \u00abComentarios\u00bb)<\/em><\/strong><\/p>\n<p>***<\/p>\n<p><strong>Tracklist:<\/strong><\/p>\n<p>01. 1940<br \/>\n02. Saigon<br \/>\n03. Cercando un altro Egitto<br \/>\n04. Le storie di ieri<br \/>\n05. Ultimo discorso registrato<br \/>\n06. Generale<br \/>\n07. Ges\u00f9 Bambino<br \/>\n08. Centocinquanta stelle<br \/>\n09. San Lorenzo<br \/>\n10. Pilota di guerra<br \/>\n11. Vento dal nulla<br \/>\n12. L&#8217;agnello di Dio<br \/>\n13. Stelutis alpinis (A. Zardini, F. De Gregori)<br \/>\n14. Il suono delle campane (F. De Gregori, M. Locasciulli)<br \/>\n15. Il cuoco di Sal\u00f2<br \/>\n16. Sento il fischio del vapore (con Giovanna Marini) (anonimo)<br \/>\n17. Il panorama di Betlemme<br \/>\n18. Gambadilegno a Parigi<br \/>\n19. Diamante (demo 2004) (Zucchero, F. De Gregori, M. Vergnaghi, M. Saggese)<\/p>\n<p>***<\/p>\n<p><strong><a href=\"http:\/\/www.megaupload.com\/?d=5NRZAJEG\">MU Aqu\u00ed<\/a><br \/>\n<a href=\"http:\/\/www.megaupload.com\/?d=U114DL31\">MU Aqu\u00ed<\/a><\/strong><\/p>\n<p><a href=\"http:\/\/rapidshare.com\/files\/376720878\/FDG_Guerra.rar\">RS Aqu\u00ed<\/a><\/p>\n<p>***<\/p>\n","protected":false},"excerpt":{"rendered":"<p>Nuestro \u00abC\u00f3mplice\u00bb Luca II me escribe: \u00abTe env\u00edo una compilaci\u00f3n dedicada a Francesco De Gregori que es quiz\u00e1s mi cantautor preferido entre los italianos. No se si el g\u00e9nero y el artista puedan interesar a los visitantes del blog&#8230;\u00bb. Resulta que a mi tambi\u00e9n me gusta mucho De Gregori, y visto que aqu\u00ed publicamos los [&hellip;]<\/p>\n","protected":false},"author":4,"featured_media":0,"comment_status":"open","ping_status":"open","sticky":false,"template":"","format":"standard","meta":{"footnotes":""},"categories":[295],"tags":[3,41],"class_list":["post-2454","post","type-post","status-publish","format-standard","hentry","category-francesco-de-gregori","tag-italia","tag-pop"],"_links":{"self":[{"href":"https:\/\/pandc.10z.com.ar\/index.php?rest_route=\/wp\/v2\/posts\/2454","targetHints":{"allow":["GET"]}}],"collection":[{"href":"https:\/\/pandc.10z.com.ar\/index.php?rest_route=\/wp\/v2\/posts"}],"about":[{"href":"https:\/\/pandc.10z.com.ar\/index.php?rest_route=\/wp\/v2\/types\/post"}],"author":[{"embeddable":true,"href":"https:\/\/pandc.10z.com.ar\/index.php?rest_route=\/wp\/v2\/users\/4"}],"replies":[{"embeddable":true,"href":"https:\/\/pandc.10z.com.ar\/index.php?rest_route=%2Fwp%2Fv2%2Fcomments&post=2454"}],"version-history":[{"count":0,"href":"https:\/\/pandc.10z.com.ar\/index.php?rest_route=\/wp\/v2\/posts\/2454\/revisions"}],"wp:attachment":[{"href":"https:\/\/pandc.10z.com.ar\/index.php?rest_route=%2Fwp%2Fv2%2Fmedia&parent=2454"}],"wp:term":[{"taxonomy":"category","embeddable":true,"href":"https:\/\/pandc.10z.com.ar\/index.php?rest_route=%2Fwp%2Fv2%2Fcategories&post=2454"},{"taxonomy":"post_tag","embeddable":true,"href":"https:\/\/pandc.10z.com.ar\/index.php?rest_route=%2Fwp%2Fv2%2Ftags&post=2454"}],"curies":[{"name":"wp","href":"https:\/\/api.w.org\/{rel}","templated":true}]}}