{"id":2336,"date":"2010-03-25T09:44:48","date_gmt":"2010-03-25T12:44:48","guid":{"rendered":"http:\/\/pandc.10z.com.ar\/?p=2336"},"modified":"2011-04-24T11:27:35","modified_gmt":"2011-04-24T14:27:35","slug":"joao-dias-os-tangos-estao-voltando-1970","status":"publish","type":"post","link":"https:\/\/pandc.10z.com.ar\/?p=2336","title":{"rendered":"Jo\u00e3o Dias &#8211; Est\u00e3o Voltando Os Tangos (1970)"},"content":{"rendered":"<p style=\"text-align: center;\"><a href=\"https:\/\/pandc.10z.com.ar\/wp-content\/img\/Joaofront.jpg\" target=\"_blank\"><img loading=\"lazy\" decoding=\"async\" class=\"aligncenter\" src=\"https:\/\/pandc.10z.com.ar\/wp-content\/img\/Joaofront.jpg\" alt=\"\" width=\"400\" height=\"400\" \/><\/a><\/p>\n<p style=\"text-align: center;\"><a href=\"https:\/\/pandc.10z.com.ar\/wp-content\/img\/Joaoback.jpg\" target=\"_blank\"><img loading=\"lazy\" decoding=\"async\" class=\"aligncenter\" src=\"https:\/\/pandc.10z.com.ar\/wp-content\/img\/Joaoback.jpg\" alt=\"\" width=\"400\" height=\"400\" \/><\/a><\/p>\n<p style=\"text-align: left;\"><strong>Jo\u00e3o Dias<\/strong> fue un cantante brasile\u00f1o nacido en Campinas, en el Estado de S\u00e3o Paulo, Brasil, el 12 de octubre de 1927 y fallecido en noviembre de 1996.\u00a0 Comenz\u00f3 su carrera art\u00edstica en 1948, con recordadas actuaciones en la Radio S\u00e2o Paulo, para luego continuar en otras emisoras y locales bailables. Dos a\u00f1os despu\u00e9s, en 1950, fue descubierto por el productor <em>Francisco Alves<\/em>, quien lo llev\u00f3 a Rio de Janeiro para -poco tiempo despu\u00e9s (en 1951)- grabar su debut discogr\u00e1fico para el sello Ode\u00f3n.<\/p>\n<p>Fuera de los escenarios, <strong>Jo\u00e2o Dias<\/strong> trabaj\u00f3 para el reconocimiento sindical de los cantantes, y por su iniciativa se aprob\u00f3 una ley por la que los int\u00e9rpretes comenzaron a cobrar (en Brasil) derechos por las ventas de los discos. Tambi\u00e9n fue dirigente de la <em>Sociedad Brasileira de Int\u00e9rpretes e Produtores Fonogr\u00e1ficos<\/em>.<\/p>\n<p>Con una voz dulce pero firme, personal, <strong>Dias<\/strong> naveg\u00f3 en diversos estilos de la m\u00fasica de Brasil y en 1970 grab\u00f3 este disco dedicado puramente al tango, aunque no es el \u00fanico.<\/p>\n<p><strong>El repertorio: <\/strong>hay desde tangos cl\u00e1sicos como<em> \u201cMano a mano\u201d<\/em>, o <em>\u201cCuartito azul\u201d<\/em>, como composiciones que originalmente petenecieron a la m\u00fasica popular de Brasil y <strong>Jo\u00e2o <\/strong>grab\u00f3 aqu\u00ed con arreglos tangueros. Un ejemplo de esto es <em>\u201cDespertar da montanha\u201d<\/em>, de <em>Eduardo Souto<\/em>, pieza esencial del repertorio pian\u00edstico de Brasil, lanzada en 1919, y suceso desde entonces. Tiene letra de<em> Francisco Pimentel<\/em>.<\/p>\n<p>Un caso similar es el del bolero <em>\u201cBoneca cobi\u00e7ada\u201d<\/em>, compuesto en 1957 por Sebastiao Alves da Cunha y Euclides Pereira Rangel. Un \u00e9xito que originalmente estuvo mas de diez semanas al tope de los rankings de m\u00fasica brasile\u00f1a y que m\u00e1s de una d\u00e9cada despu\u00e9s tuvo esta versi\u00f3n <em>\u201ctanguera\u201d<\/em>.<\/p>\n<p>Por supuesto, est\u00e1n las adaptaciones.\u00a0 Como <em>\u201cEl Choclo\u201d<\/em>, aqu\u00ed titulado<em> \u201cAventurera\u201d<\/em>, con la letra cambiada y en portugues de <em>Haroldo Barbosa<\/em>.<\/p>\n<p>Hay que decir que la calidad de interpretaci\u00f3n de<strong> Jo\u00e2o Dias <\/strong>es muy buena \u2013aunque nos cueste escuchar tangos cantados en portugu\u00e9s-, y que es \u00e9ste un excelente disco de tangos.<\/p>\n<p><strong>Tracklist:<\/strong><\/p>\n<p>01. Meu Quarto Azul (Cuartito Azul)<br \/>\n<em>(Mariano Mores \u2013 Mario Battistella)<\/em><\/p>\n<p>02. Onde est\u00e1s cora\u00e7\u00e3o (Donde est\u00e1s corazon)<br \/>\n<em>(Luis Mart\u00ednez Serrano &#8211; Augusto Berto)<\/em><\/p>\n<p>03. Despertar da montanha<br \/>\n<em>(Eduardo Souto \u2013 Francisco Pimentel)<\/em><\/p>\n<p>04. Ot\u00e1rio ( Garufa)<br \/>\n<em>(Juan Collazo \u2013 Victor Soli\u00f1o)<\/em><\/p>\n<p>05. Aventureira ( El Choclo)<br \/>\n<em>(A. Villoldo \u2013 Haroldo Barbosa)<\/em><\/p>\n<p>06. Boneca Cobi\u00e7ada<br \/>\n<em>(Sebastiao Alves da Cunha y Euclides Pereira Rangel)<\/em><\/p>\n<p>07. Y todavia te quiero<br \/>\n<em>(Luciano Leocata &#8211; Abel Aznar) <\/em><\/p>\n<p>08. Noite de Reis (Noche de Reyes)<br \/>\n<em>(Pedro Maffia \u2013 Jorge Curi)<\/em><\/p>\n<p>09. Cristal (Christal)<br \/>\n<em>(Mariano Mores \u2013 Jos\u00e9 M. Contursi)<\/em><\/p>\n<p>10. Amor<br \/>\n<em>(Carlos Gardel &#8211; Luis Rubinstein) <\/em><\/p>\n<p>11 &#8211; Mano a Mano<br \/>\n<em>(Carlos Gardel \u2013 Razzano \u2013 Flores)<\/em><\/p>\n<p>12. Adeus Querida<br \/>\n<em>(Floriano Faissal &#8211; Oscar Rubens)<\/em><\/p>\n<p>***<\/p>\n<p><a href=\"http:\/\/www.megaupload.com\/?d=UFXL43E5\"><strong>MU Aqu\u00ed<\/strong><\/a><\/p>\n<p><a href=\"http:\/\/rapidshare.com\/files\/367953604\/JDvoltango.PC.rar\"><strong>RS Aqu\u00ed<\/strong><\/a><\/p>\n<p>***<\/p>\n","protected":false},"excerpt":{"rendered":"<p>Jo\u00e3o Dias fue un cantante brasile\u00f1o nacido en Campinas, en el Estado de S\u00e3o Paulo, Brasil, el 12 de octubre de 1927 y fallecido en noviembre de 1996.\u00a0 Comenz\u00f3 su carrera art\u00edstica en 1948, con recordadas actuaciones en la Radio S\u00e2o Paulo, para luego continuar en otras emisoras y locales bailables. Dos a\u00f1os despu\u00e9s, en [&hellip;]<\/p>\n","protected":false},"author":5,"featured_media":0,"comment_status":"open","ping_status":"open","sticky":false,"template":"","format":"standard","meta":{"footnotes":""},"categories":[281],"tags":[12,15],"class_list":["post-2336","post","type-post","status-publish","format-standard","hentry","category-joao-dias","tag-brasil","tag-tango"],"_links":{"self":[{"href":"https:\/\/pandc.10z.com.ar\/index.php?rest_route=\/wp\/v2\/posts\/2336","targetHints":{"allow":["GET"]}}],"collection":[{"href":"https:\/\/pandc.10z.com.ar\/index.php?rest_route=\/wp\/v2\/posts"}],"about":[{"href":"https:\/\/pandc.10z.com.ar\/index.php?rest_route=\/wp\/v2\/types\/post"}],"author":[{"embeddable":true,"href":"https:\/\/pandc.10z.com.ar\/index.php?rest_route=\/wp\/v2\/users\/5"}],"replies":[{"embeddable":true,"href":"https:\/\/pandc.10z.com.ar\/index.php?rest_route=%2Fwp%2Fv2%2Fcomments&post=2336"}],"version-history":[{"count":0,"href":"https:\/\/pandc.10z.com.ar\/index.php?rest_route=\/wp\/v2\/posts\/2336\/revisions"}],"wp:attachment":[{"href":"https:\/\/pandc.10z.com.ar\/index.php?rest_route=%2Fwp%2Fv2%2Fmedia&parent=2336"}],"wp:term":[{"taxonomy":"category","embeddable":true,"href":"https:\/\/pandc.10z.com.ar\/index.php?rest_route=%2Fwp%2Fv2%2Fcategories&post=2336"},{"taxonomy":"post_tag","embeddable":true,"href":"https:\/\/pandc.10z.com.ar\/index.php?rest_route=%2Fwp%2Fv2%2Ftags&post=2336"}],"curies":[{"name":"wp","href":"https:\/\/api.w.org\/{rel}","templated":true}]}}