{"id":2329,"date":"2020-02-26T17:44:00","date_gmt":"2020-02-26T20:44:00","guid":{"rendered":"http:\/\/pandc.10z.com.ar\/?p=2329"},"modified":"2020-02-27T00:00:52","modified_gmt":"2020-02-27T03:00:52","slug":"ornella-vanoni-ornella-vanoni-1961","status":"publish","type":"post","link":"https:\/\/pandc.10z.com.ar\/?p=2329","title":{"rendered":"Ornella Vanoni &#8211; Ornella Vanoni (1961)"},"content":{"rendered":"<p style=\"text-align: center;\"><a href=\"https:\/\/pandc.10z.com.ar\/wp-content\/img\/Ornella61Front.jpg\" target=\"_blank\" rel=\"noopener noreferrer\"><img loading=\"lazy\" decoding=\"async\" class=\"aligncenter\" title=\"orn61front\" src=\"https:\/\/pandc.10z.com.ar\/wp-content\/img\/Ornella61Front.jpg\" alt=\"\" width=\"400\" height=\"400\"><\/a><\/p>\n<p style=\"text-align: center;\"><a href=\"https:\/\/pandc.10z.com.ar\/wp-content\/img\/Ornella61Retro.jpg\" target=\"_blank\" rel=\"noopener noreferrer\"><img loading=\"lazy\" decoding=\"async\" class=\"aligncenter\" title=\"orn61retro\" src=\"https:\/\/pandc.10z.com.ar\/wp-content\/img\/Ornella61Retro.jpg\" alt=\"\" width=\"400\" height=\"400\"><\/a><\/p>\n<p style=\"text-align: center;\">\n<p>Era muy joven cuando alguien le dijo que con una voz as\u00ed hubiera tenido que ser actriz: se inscribi\u00f3 a la escuela del Piccolo Teatro de Mil\u00e1n, entonces dirigida por Giorgio Strehler. El Maestro, que pronto se convirti\u00f3 en su compa\u00f1ero sentimental, decidi\u00f3 hacerla tambi\u00e9n cantar. Y cantar Brecht, claro; pero ella \u00abinvent\u00f3\u00bb las canciones de la \u00abmala\u00bb, en buena parte escritas para ella por Strehler con Fiorenzo Carpi, Gino Negri y Dario Fo. Y con aquellas canciones Ornella llega al \u00abFestival dei Due Mondi\u00bb, a Spoleto en 1959.<br \/>\nLa m\u00fasica ligera viv\u00eda entonces su mejor momento. Nac\u00eda la canci\u00f3n de autor. El encuentro con Gino Paoli fue en 1960, naci\u00f3 un amor importante y muchas canciones, entre las cuales una obra de arte: \u00abSenza fine\u00bb, n\u00famero 1 en las clasificas y gran \u00e9xito popular.<\/p>\n<p>As\u00ed nace tambi\u00e9n este primer LP de la Vanoni, en el que encontrar\u00e1n en el lado A sus canciones de la \u00abMala\u00bb, en el otro lado las que en aquella \u00e9poca se llamaron \u00abSweet and Sexy\u00bb entre las cuales tres de las canciones que Gino Paoli compuso para ella.<\/p>\n<p><em><strong>C\u00f3mplice en el viaje: Christian <\/strong><\/em><\/p>\n<p>***<\/p>\n<p><strong>Tracklist:<\/strong><\/p>\n<p>01 Hanno Ammazzato Il Mario (Carpi-Fo)<br \/>\n02 Le Mantellate (Carpi-Anonimo)<br \/>\n03 Senti Come La Vosa La Sirena (carpi-fo)<br \/>\n04 Canto Di Carcerati Calabresi (Negri-Ignoto)<br \/>\n05 La Zolfara (Amodei-Straniero)<br \/>\n06 Ma Mi&#8230;(Carpi-Anonimo)<br \/>\n07 Senza Fine (Paoli)<br \/>\n08 Cercami (Polito-Simoni)<br \/>\n09 Per Te (Paoli)<br \/>\n10 Me In Tutto il Mondo (Paoli)<br \/>\n11 Un Jour Tu Verrais (Van Parys-Mouloudji-Poletto)<br \/>\n12 Un Grido (Carpi-Calibi)<\/p>\n<p>***********<\/p>\n<p><a href=\"https:\/\/yadi.sk\/d\/FQVMRWaVKh886A\"><strong>Descarga directa<\/strong><\/a><\/p>\n<p>***********<\/p>\n<p style=\"text-align: center;\">\n<img decoding=\"async\" class=\"aligncenter\" src=\"https:\/\/pandc.10z.com.ar\/wp-content\/uploads\/2020\/02\/qrOVOV.jpg\" alt=\"\" height=\"120\"><\/p>\n","protected":false},"excerpt":{"rendered":"<p>Era muy joven cuando alguien le dijo que con una voz as\u00ed hubiera tenido que ser actriz: se inscribi\u00f3 a la escuela del Piccolo Teatro de Mil\u00e1n, entonces dirigida por Giorgio Strehler. El Maestro, que pronto se convirti\u00f3 en su compa\u00f1ero sentimental, decidi\u00f3 hacerla tambi\u00e9n cantar. Y cantar Brecht, claro; pero ella \u00abinvent\u00f3\u00bb las canciones [&hellip;]<\/p>\n","protected":false},"author":4,"featured_media":0,"comment_status":"open","ping_status":"open","sticky":false,"template":"","format":"standard","meta":{"footnotes":""},"categories":[195],"tags":[37,3,41],"class_list":["post-2329","post","type-post","status-publish","format-standard","hentry","category-ornella-vanoni","tag-folk","tag-italia","tag-pop"],"_links":{"self":[{"href":"https:\/\/pandc.10z.com.ar\/index.php?rest_route=\/wp\/v2\/posts\/2329","targetHints":{"allow":["GET"]}}],"collection":[{"href":"https:\/\/pandc.10z.com.ar\/index.php?rest_route=\/wp\/v2\/posts"}],"about":[{"href":"https:\/\/pandc.10z.com.ar\/index.php?rest_route=\/wp\/v2\/types\/post"}],"author":[{"embeddable":true,"href":"https:\/\/pandc.10z.com.ar\/index.php?rest_route=\/wp\/v2\/users\/4"}],"replies":[{"embeddable":true,"href":"https:\/\/pandc.10z.com.ar\/index.php?rest_route=%2Fwp%2Fv2%2Fcomments&post=2329"}],"version-history":[{"count":0,"href":"https:\/\/pandc.10z.com.ar\/index.php?rest_route=\/wp\/v2\/posts\/2329\/revisions"}],"wp:attachment":[{"href":"https:\/\/pandc.10z.com.ar\/index.php?rest_route=%2Fwp%2Fv2%2Fmedia&parent=2329"}],"wp:term":[{"taxonomy":"category","embeddable":true,"href":"https:\/\/pandc.10z.com.ar\/index.php?rest_route=%2Fwp%2Fv2%2Fcategories&post=2329"},{"taxonomy":"post_tag","embeddable":true,"href":"https:\/\/pandc.10z.com.ar\/index.php?rest_route=%2Fwp%2Fv2%2Ftags&post=2329"}],"curies":[{"name":"wp","href":"https:\/\/api.w.org\/{rel}","templated":true}]}}