{"id":2279,"date":"2010-03-12T23:36:29","date_gmt":"2010-03-13T02:36:29","guid":{"rendered":"http:\/\/pandc.10z.com.ar\/?p=2279"},"modified":"2011-04-14T15:05:22","modified_gmt":"2011-04-14T18:05:22","slug":"claudio-villa-claudio-villa-canta-loperetta-1968","status":"publish","type":"post","link":"https:\/\/pandc.10z.com.ar\/?p=2279","title":{"rendered":"Claudio Villa &#8211; Claudio Villa canta l&#8217;operetta (1968)"},"content":{"rendered":"<p style=\"text-align: center;\"><a href=\"https:\/\/pandc.10z.com.ar\/wp-content\/img\/VillaFront.jpg\" target=\"_blank\"><img loading=\"lazy\" decoding=\"async\" class=\"aligncenter\" title=\"VillaFront\" src=\"https:\/\/pandc.10z.com.ar\/wp-content\/img\/VillaFront.jpg\" alt=\"\" width=\"400\" height=\"400\" \/><\/a><\/p>\n<p style=\"text-align: center;\">\n<p style=\"text-align: center;\"><a href=\"https:\/\/pandc.10z.com.ar\/wp-content\/img\/VillaRetro.jpg\" target=\"_blank\"><img loading=\"lazy\" decoding=\"async\" class=\"aligncenter\" title=\"Villaretro\" src=\"https:\/\/pandc.10z.com.ar\/wp-content\/img\/VillaRetro.jpg\" alt=\"\" width=\"400\" height=\"320\" \/><\/a><\/p>\n<p style=\"text-align: center;\">\n<p style=\"text-align: center;\"><a href=\"https:\/\/pandc.10z.com.ar\/wp-content\/img\/VillaCd.jpg\" target=\"_blank\"><img loading=\"lazy\" decoding=\"async\" class=\"aligncenter\" title=\"VillaCd\" src=\"https:\/\/pandc.10z.com.ar\/wp-content\/img\/VillaCd.jpg\" alt=\"\" width=\"400\" height=\"400\" \/><\/a><\/p>\n<p style=\"text-align: center;\">\n<p>Tengo que aclarar que nunca me ha gustado Claudio Villa, sea como artista que como persona. La persona era altanera, buscapleitos y presumida; el artista, debo reconocer que ten\u00eda una gran voz, pero su repertorio no era en absoluto de mi gusto. As\u00ed que, no solo nunca compr\u00e9 un disco suyo, sino que si en radio entraba su voz, de inmediato cambiaba de emisora.<br \/>\nPero este es un disco muy peculiar, y creo que tambi\u00e9n dificil de conseguir, que me ha mandado nuestro <strong>\u00abC\u00f3mplice\u00bb Christian<\/strong>, y visto que todav\u00eda hoy hay muchos admiradores de Claudio Villa vamos a presentarlo:<\/p>\n<p>La opereta es un tipo de teatro musical, animado y sat\u00edrico, cuya caracter\u00edstica fundamental es la de contar con una trama argumental inveros\u00edmil y disparatada. Consta de di\u00e1logos hablados entre los que se intercalan canciones, llamadas couplets por los franceses, y bailes como el rigod\u00f3n o el canc\u00e1n.<br \/>\nEste g\u00e9nero se extendi\u00f3 por varios pa\u00edses europeos, siendo especialmente relevante en Viena. Las operetas vienesas presentan generalmente un argumento m\u00e1s serio y sentimental que las francesas. Otro de los rasgos que la distinguen es el empleo del vals, un elemento musical de esencial importancia.<br \/>\nJacques Offenbach es quiz\u00e1s el compositor de operetas m\u00e1s conocido, siendo sus dos obras m\u00e1s famosas Orfeo en los infiernos y La bella Helena.<br \/>\nJohann Strauss (hijo) compuso otra opereta muy conocida: Die Fledermaus (El Murci\u00e9lago).<\/p>\n<p>Claudio Villa, cuyo nombre real era Claudio Pica, naci\u00f3 en 1926 en Roma. Alcanz\u00f3 la fama en 1955 al ganar por primera vez, lo ganar\u00eda en otras tres ocasiones, el Festival de San Remo. Villa grab\u00f3 m\u00e1s de 3.000 canciones y apareci\u00f3 en 25 pel\u00edculas, entre ellas \u00abL&#8217;Amore Nasce a Roma\u00bb (1958), \u00abGranada Addio!\u00bb (1967) y \u00abMelodramore\u00bb (1977).<br \/>\nFue apodaqdo \u00abil reuccio\u00bb (el peque\u00f1o rey), por su temperamento fiero y orgulloso, durante un episodio del espect\u00e1culo televisivo \u00abRosso e nero\u00bb, conducido por Corrado.<\/p>\n<p>Claudio Villa, con voz de tenor, no supo renovar su repertorio al cambiar los tiempos y las modas. En particular, quedar\u00e1 para siempre vinculada a la canci\u00f3n m\u00e1s mel\u00f3dica y popular al estilo t\u00edpico de los a\u00f1os 50. Son proverbiales los vehementes enfrentamientos con los que criticaron su repertorio. Cada a\u00f1o, en el Festival de Sanremo protagonizaba grandes pol\u00e9micas con la organizaci\u00f3n y la prensa, ya sea que estuviese entre los participantes, as\u00ed como si hab\u00eda sido eliminado. Pero Claudio Villa siempre pod\u00eda contar con el afecto de su p\u00fablico, que sigui\u00f3 cada movimiento de su carrera.<br \/>\nMuri\u00f3 de un ataque cardiaco en 1987. Desde entonces, sus temas se han reeditado varias veces. Tambi\u00e9n se han realizado numerosas recopilaciones como \u00abCollezione Claudio Villa\u00bb (2003).<\/p>\n<p>***<\/p>\n<p><strong>Tracklist:<\/strong><\/p>\n<p>01. Quando Il Giorno Muor (Lombardo-Ranzato-Berra)<br \/>\n02. O Dolce Fanciulla (Lehar-Lohner-Hertzer-Nordio-Boschetti)<br \/>\n03. Napoletana Come Canti Tu (Lombardo-Costa-Berra)<br \/>\n04. O Fanciulla All&#8217;Imbrunir (Lehar-Willner-Reichter)<br \/>\n05. L\u00e0 Fuor Nel Silente Silenzio (O.Strauss-Dormann-Jacobson-Larici)<br \/>\n06. Sui Vent&#8217;Anni Pien D&#8217;Amor (Zeller-West-Held)<br \/>\n07. Tu Che M&#8217;Hai Preso Il Cuor (Leh\u00e0r-Lohner-Herzer)<br \/>\n08. Notte Di Luna (Schubert-Bert\u00e8-Willner-Reicher)<br \/>\n09. Se Le Donne V\u00f2 Baciar (Lehar-Jenbach-Knepler)<br \/>\n10. Sei Tu Felicit\u00e0 (Lehar-Willner-Bodanzky)<br \/>\n11. Venite Ors\u00f9 Sirene (Lehar-L\u00e9on-Stein-Fontana-Ramo)<br \/>\n12. Tace Il Labbro (Lehar-L\u00e9on-Stein-Fontana-Ramo)<br \/>\n13. (bonus track) Piccola Butterfly (Redi-Bertini) (2-1963)<br \/>\n14. (bonus track) Povero Cuore (Offenbach-Guardabassi-Scillia) (5-1968)<br \/>\n15. (bonus track) Io Vivo Con Te (F.Chopin-C.Pica) (10-1972)<br \/>\n16. (bonus track) Ciricribin (Tiochet-Pestalozza) (1-1973)<\/p>\n<p>***<\/p>\n<p><a href=\"http:\/\/www.megaupload.com\/?d=MN8IXM5N\">MU Aqu\u00ed<\/a><br \/>\n<a href=\"http:\/\/www.megaupload.com\/?d=TDHZS9OF\">MU Aqu\u00ed<\/a><\/p>\n<p><a href=\"http:\/\/rapidshare.com\/files\/362626928\/Claudio68Operetta.part1.rar\">RS Aqu\u00ed<\/a><\/p>\n<p><a href=\"http:\/\/rapidshare.com\/files\/362633687\/Claudio68Operetta.part2.rar\">RS Aqu\u00ed<\/a><\/p>\n<p>***<\/p>\n","protected":false},"excerpt":{"rendered":"<p>Tengo que aclarar que nunca me ha gustado Claudio Villa, sea como artista que como persona. La persona era altanera, buscapleitos y presumida; el artista, debo reconocer que ten\u00eda una gran voz, pero su repertorio no era en absoluto de mi gusto. As\u00ed que, no solo nunca compr\u00e9 un disco suyo, sino que si en [&hellip;]<\/p>\n","protected":false},"author":4,"featured_media":0,"comment_status":"open","ping_status":"open","sticky":false,"template":"","format":"standard","meta":{"footnotes":""},"categories":[274],"tags":[3,275],"class_list":["post-2279","post","type-post","status-publish","format-standard","hentry","category-claudio-villa","tag-italia","tag-operetta"],"_links":{"self":[{"href":"https:\/\/pandc.10z.com.ar\/index.php?rest_route=\/wp\/v2\/posts\/2279","targetHints":{"allow":["GET"]}}],"collection":[{"href":"https:\/\/pandc.10z.com.ar\/index.php?rest_route=\/wp\/v2\/posts"}],"about":[{"href":"https:\/\/pandc.10z.com.ar\/index.php?rest_route=\/wp\/v2\/types\/post"}],"author":[{"embeddable":true,"href":"https:\/\/pandc.10z.com.ar\/index.php?rest_route=\/wp\/v2\/users\/4"}],"replies":[{"embeddable":true,"href":"https:\/\/pandc.10z.com.ar\/index.php?rest_route=%2Fwp%2Fv2%2Fcomments&post=2279"}],"version-history":[{"count":0,"href":"https:\/\/pandc.10z.com.ar\/index.php?rest_route=\/wp\/v2\/posts\/2279\/revisions"}],"wp:attachment":[{"href":"https:\/\/pandc.10z.com.ar\/index.php?rest_route=%2Fwp%2Fv2%2Fmedia&parent=2279"}],"wp:term":[{"taxonomy":"category","embeddable":true,"href":"https:\/\/pandc.10z.com.ar\/index.php?rest_route=%2Fwp%2Fv2%2Fcategories&post=2279"},{"taxonomy":"post_tag","embeddable":true,"href":"https:\/\/pandc.10z.com.ar\/index.php?rest_route=%2Fwp%2Fv2%2Ftags&post=2279"}],"curies":[{"name":"wp","href":"https:\/\/api.w.org\/{rel}","templated":true}]}}